{"id":1064917,"date":"2025-10-22T17:20:16","date_gmt":"2025-10-22T17:20:16","guid":{"rendered":"https:\/\/dimensionturistica.com\/es\/?p=1064917"},"modified":"2025-10-22T17:20:16","modified_gmt":"2025-10-22T17:20:16","slug":"se-prepara-nayarit-para-celebra-en-grande-el-dia-de-muertos-con-historia-tradicion-y-color","status":"publish","type":"post","link":"https:\/\/dimensionturistica.com\/es\/se-prepara-nayarit-para-celebra-en-grande-el-dia-de-muertos-con-historia-tradicion-y-color\/","title":{"rendered":"Se prepara \u00a0Nayarit para celebra en grande el D\u00eda de Muertos con historia, tradici\u00f3n y color"},"content":{"rendered":"\n<figure class=\"wp-block-gallery has-nested-images columns-default is-cropped wp-block-gallery-1 is-layout-flex wp-block-gallery-is-layout-flex\">\n<figure class=\"wp-block-image size-large\"><img decoding=\"async\" width=\"500\" height=\"150\" data-id=\"1064919\" src=\"https:\/\/dimensionturistica.com\/es\/wp-content\/uploads\/2025\/10\/1NAYAR-1.jpg\" alt=\"\" class=\"wp-image-1064919\" srcset=\"https:\/\/dimensionturistica.com\/es\/wp-content\/uploads\/2025\/10\/1NAYAR-1.jpg 500w, https:\/\/dimensionturistica.com\/es\/wp-content\/uploads\/2025\/10\/1NAYAR-1-300x90.jpg 300w\" sizes=\"(max-width: 500px) 100vw, 500px\" \/><\/figure>\n<\/figure>\n\n\n\n<p>Una de las fiestas m\u00e1s grandes en M\u00e9xico est\u00e1 por llegar. Cada 1 y 2 de noviembre el pa\u00eds entero se une para celebrar la vida y la muerte en experiencias llenas de color, aromas y sabores. En el estado de Nayarit esta festividad se vive al m\u00e1ximo, con eventos que atraen a miles de visitantes cada a\u00f1o y actividades para toda la familia.<\/p>\n\n\n\n<p>Compostela<\/p>\n\n\n\n<figure class=\"wp-block-gallery has-nested-images columns-default is-cropped wp-block-gallery-2 is-layout-flex wp-block-gallery-is-layout-flex\">\n<figure class=\"wp-block-image size-large\"><img decoding=\"async\" width=\"500\" height=\"290\" data-id=\"1064920\" src=\"https:\/\/dimensionturistica.com\/es\/wp-content\/uploads\/2025\/10\/1MANZA.jpg\" alt=\"\" class=\"wp-image-1064920\" srcset=\"https:\/\/dimensionturistica.com\/es\/wp-content\/uploads\/2025\/10\/1MANZA.jpg 500w, https:\/\/dimensionturistica.com\/es\/wp-content\/uploads\/2025\/10\/1MANZA-300x174.jpg 300w\" sizes=\"(max-width: 500px) 100vw, 500px\" \/><\/figure>\n<\/figure>\n\n\n\n<p>Este municipio es uno de los asentamientos m\u00e1s antiguos de Nayarit, ya que la ciudad fue fundada en 1530, por Nu\u00f1o Beltr\u00e1n de Guzm\u00e1n con el nombre de \u201cVilla del Esp\u00edritu de la Nueva Galicia\u201d. En este destino lleno de historia, se lleva a cabo desde hace algunos a\u00f1os el \u201cFestival de los Muertos Las Varas\u201d, que se caracteriza por ofrecer un colorido y familiar homenaje a quienes ya no est\u00e1n, convirti\u00e9ndose en un espacio de encuentro, memoria y celebraci\u00f3n. La edici\u00f3n de este a\u00f1o, que ser\u00e1 del 24 al 26 de octubre, estar\u00e1 dedicada a la cultura Wir\u00e1rika, ya que Compostela tiene cuatro lugares sagrados para esta etnia, dos de ellos ubicados en lugares tur\u00edsticos: Jamura y Chacala.<\/p>\n\n\n\n<p>Entre las actividades preparadas destacan la exposici\u00f3n de altares de muertos en la plaza principal, un desfile de catrinas y carros aleg\u00f3ricos por las calles principales de Las Varas, un corredor gastron\u00f3mico con deliciosos platillos locales, la proyecci\u00f3n de un cortometraje alusivo a estas fechas, exhibici\u00f3n y venta de artesan\u00edas, presentaciones musicales, ballets folcl\u00f3ricos, mariachi en vivo, pirotecnia, un altar monumental y una catrina de 7 metros de altura, entre muchas cosas m\u00e1s.<\/p>\n\n\n\n<figure class=\"wp-block-gallery has-nested-images columns-default is-cropped wp-block-gallery-3 is-layout-flex wp-block-gallery-is-layout-flex\">\n<figure class=\"wp-block-image size-large\"><img decoding=\"async\" width=\"500\" height=\"333\" data-id=\"1064921\" src=\"https:\/\/dimensionturistica.com\/es\/wp-content\/uploads\/2025\/10\/2MANZA.jpg\" alt=\"\" class=\"wp-image-1064921\" srcset=\"https:\/\/dimensionturistica.com\/es\/wp-content\/uploads\/2025\/10\/2MANZA.jpg 500w, https:\/\/dimensionturistica.com\/es\/wp-content\/uploads\/2025\/10\/2MANZA-300x200.jpg 300w\" sizes=\"(max-width: 500px) 100vw, 500px\" \/><\/figure>\n<\/figure>\n\n\n\n<p>Tepic<\/p>\n\n\n\n<p>La capital nayarita se llenar\u00e1 de color y tradici\u00f3n durante esta temporada con la quinta edici\u00f3n del Festival de las Almas Eternas que se realizar\u00e1 del 31 de octubre al 2 de noviembre en la Calzada del Pante\u00f3n Hidalgo, donde habr\u00e1 diversas actividades para toda la familia como show de videomapping, tumbas parlantes y m\u00e1s sorpresas.<\/p>\n\n\n\n<p>Este emblem\u00e1tico cementerio es protagonista de decenas de historias y leyendas que han marcado la vida de sus habitantes y la identidad de esta ciudad. Adem\u00e1s, al igual que en a\u00f1os pasados, durante el evento los asistentes podr\u00e1n maravillarse con los altares, concursos, presentaciones art\u00edsticas y musicales, as\u00ed como los relatos dramatizados a cargo de gu\u00edas y actores que reviven las historias de figuras nayaritas hist\u00f3ricas.<\/p>\n\n\n\n<p>Bah\u00eda de Banderas<\/p>\n\n\n\n<figure class=\"wp-block-gallery has-nested-images columns-default is-cropped wp-block-gallery-4 is-layout-flex wp-block-gallery-is-layout-flex\">\n<figure class=\"wp-block-image size-large\"><img decoding=\"async\" width=\"500\" height=\"333\" data-id=\"1064922\" src=\"https:\/\/dimensionturistica.com\/es\/wp-content\/uploads\/2025\/10\/11MANZA.jpg\" alt=\"\" class=\"wp-image-1064922\" srcset=\"https:\/\/dimensionturistica.com\/es\/wp-content\/uploads\/2025\/10\/11MANZA.jpg 500w, https:\/\/dimensionturistica.com\/es\/wp-content\/uploads\/2025\/10\/11MANZA-300x200.jpg 300w\" sizes=\"(max-width: 500px) 100vw, 500px\" \/><\/figure>\n<\/figure>\n\n\n\n<p>Uno de los destinos por excelencia de esta entidad, est\u00e1 listo para celebrar el D\u00eda de Muertos. Dentro de las actividades programadas, el gobierno local lanz\u00f3 una convocatoria dirigida a todos los artistas visuales y muralistas de la regi\u00f3n para participar en la creaci\u00f3n de murales en los panteones del municipio, para llenar de color, identidad y vida los espacios donde se recuerda a quienes ya no est\u00e1n con nosotros.<\/p>\n\n\n\n<p>La tem\u00e1tica ser\u00e1 totalmente alusiva a esta celebraci\u00f3n, para que las obras de los artistas sirvan para honrar las tradiciones y la identidad cultural de la regi\u00f3n. La mejor propuesta recibir\u00e1 un premio econ\u00f3mico y un reconocimiento.<\/p>\n\n\n\n<p>Por otra parte, esta gran fiesta mexicana tambi\u00e9n tendr\u00e1 como protagonista a las costas nayaritas con el Festival Internacional D\u00eda de Muertos Bah\u00eda de Banderas 2025 en el Pueblo M\u00e1gico de Sayulita, un torneo de surf donde los mejores atletas nacionales e internacionales competir\u00e1n para demostrar quien domina las olas del Pac\u00edfico mexicano. Una experiencia \u00fanica que combina tradici\u00f3n, deporte y diversi\u00f3n.<\/p>\n\n\n\n<p>Esta competencia abierta que se realizar\u00e1 del 30 de octubre al 2 de noviembre contempla seis categor\u00edas distintas en su modalidad femenil y varonil, con grandes premios de hasta 100 mil pesos en efectivo. Las inscripciones ya est\u00e1n abiertas a trav\u00e9s del sitio www.turismobahiadebanderas.gob.mx\/surf-formato.<\/p>\n\n\n\n<p>Santa Mar\u00eda del Oro<\/p>\n\n\n\n<figure class=\"wp-block-gallery has-nested-images columns-default is-cropped wp-block-gallery-5 is-layout-flex wp-block-gallery-is-layout-flex\">\n<figure class=\"wp-block-image size-large\"><img decoding=\"async\" width=\"500\" height=\"750\" data-id=\"1064923\" src=\"https:\/\/dimensionturistica.com\/es\/wp-content\/uploads\/2025\/10\/22MANZA.jpg\" alt=\"\" class=\"wp-image-1064923\" srcset=\"https:\/\/dimensionturistica.com\/es\/wp-content\/uploads\/2025\/10\/22MANZA.jpg 500w, https:\/\/dimensionturistica.com\/es\/wp-content\/uploads\/2025\/10\/22MANZA-200x300.jpg 200w\" sizes=\"(max-width: 500px) 100vw, 500px\" \/><\/figure>\n<\/figure>\n\n\n\n<p>A finales de octubre y principios de noviembre en este municipio, hogar del mejor chicharr\u00f3n de pescado, las familias se re\u00fanen para honrar a sus seres queridos que han partido, decorando altares con flores de cempas\u00fachil, velas, y montando ofrendas con los gustos favoritos de los difuntos. Todos los a\u00f1os los pobladores se organizan para realizar desfiles, concursos de altares y ofrendas, y ceremonias tradicionales.<\/p>\n\n\n\n<p>Este destino nayarita tambi\u00e9n es famoso por la leyenda de la Laguna de Santa Mar\u00eda del Oro, mejor conocida por los locales como Samao, la cual dice que una joven princesa ind\u00edgena, hija del cacique de la regi\u00f3n, se enamor\u00f3 de un guerrero de una tribu enemiga. Como era de esperase, este amor estaba prohibido, por ellos los enamorados se ve\u00edan en secreto a la orilla de la laguna, donde prometieron amarse m\u00e1s all\u00e1 de la vida y la muerte.<\/p>\n\n\n\n<figure class=\"wp-block-gallery has-nested-images columns-default is-cropped wp-block-gallery-6 is-layout-flex wp-block-gallery-is-layout-flex\">\n<figure class=\"wp-block-image size-large\"><img decoding=\"async\" width=\"320\" height=\"180\" data-id=\"1064924\" src=\"https:\/\/dimensionturistica.com\/es\/wp-content\/uploads\/2025\/10\/OIP-2.jpeg\" alt=\"\" class=\"wp-image-1064924\" srcset=\"https:\/\/dimensionturistica.com\/es\/wp-content\/uploads\/2025\/10\/OIP-2.jpeg 320w, https:\/\/dimensionturistica.com\/es\/wp-content\/uploads\/2025\/10\/OIP-2-300x169.jpeg 300w\" sizes=\"(max-width: 320px) 100vw, 320px\" \/><\/figure>\n<\/figure>\n\n\n\n<p>Pero todo se vino abajo cuando el guerrero fue capturado y ejecutado. \u200dDesesperada e invadida por un dolor incontrolable, la joven princesa se arroj\u00f3 a las aguas de la laguna para terminar con su vida. Desde entonces se dice que, en las noches m\u00e1s tranquilas, se puede escuchar el canto de la dama resonando entre las monta\u00f1as, un eco lejano de su amor eterno.<\/p>\n\n\n\n<p>Estas actividades confirman que el D\u00eda de Muertos en Nayarit es especialmente conmovedor, con una mezcla de tradiciones que crean una atm\u00f3sfera \u00fanica. En este estado se vive una experiencia que trasciende lo terrenal.<\/p>\n\n\n\n<p>Para m\u00e1s informaci\u00f3n visita: https:\/\/visitnayarit.travel\/<\/p>\n","protected":false},"excerpt":{"rendered":"<p>Una de las fiestas m\u00e1s grandes en M\u00e9xico est\u00e1 por llegar. Cada 1 y 2 de noviembre el pa\u00eds entero se une para celebrar la vida y la muerte en experiencias llenas de color, aromas y sabores. En el estado de Nayarit esta festividad se vive al m\u00e1ximo, con eventos que atraen a miles de [&hellip;]<\/p>\n","protected":false},"author":1,"featured_media":0,"comment_status":"open","ping_status":"closed","sticky":false,"template":"","format":"standard","meta":{"om_disable_all_campaigns":false,"jnews-multi-image_gallery":[],"jnews_single_post":[],"jnews_primary_category":[],"jnews_social_meta":[],"footnotes":""},"categories":[39],"tags":[],"class_list":["post-1064917","post","type-post","status-publish","format-standard","hentry","category-viajes"],"_links":{"self":[{"href":"https:\/\/dimensionturistica.com\/es\/wp-json\/wp\/v2\/posts\/1064917","targetHints":{"allow":["GET"]}}],"collection":[{"href":"https:\/\/dimensionturistica.com\/es\/wp-json\/wp\/v2\/posts"}],"about":[{"href":"https:\/\/dimensionturistica.com\/es\/wp-json\/wp\/v2\/types\/post"}],"author":[{"embeddable":true,"href":"https:\/\/dimensionturistica.com\/es\/wp-json\/wp\/v2\/users\/1"}],"replies":[{"embeddable":true,"href":"https:\/\/dimensionturistica.com\/es\/wp-json\/wp\/v2\/comments?post=1064917"}],"version-history":[{"count":1,"href":"https:\/\/dimensionturistica.com\/es\/wp-json\/wp\/v2\/posts\/1064917\/revisions"}],"predecessor-version":[{"id":1064925,"href":"https:\/\/dimensionturistica.com\/es\/wp-json\/wp\/v2\/posts\/1064917\/revisions\/1064925"}],"wp:attachment":[{"href":"https:\/\/dimensionturistica.com\/es\/wp-json\/wp\/v2\/media?parent=1064917"}],"wp:term":[{"taxonomy":"category","embeddable":true,"href":"https:\/\/dimensionturistica.com\/es\/wp-json\/wp\/v2\/categories?post=1064917"},{"taxonomy":"post_tag","embeddable":true,"href":"https:\/\/dimensionturistica.com\/es\/wp-json\/wp\/v2\/tags?post=1064917"}],"curies":[{"name":"wp","href":"https:\/\/api.w.org\/{rel}","templated":true}]}}