{"id":1064882,"date":"2025-10-22T16:31:21","date_gmt":"2025-10-22T16:31:21","guid":{"rendered":"https:\/\/dimensionturistica.com\/es\/?p=1064882"},"modified":"2025-10-22T16:31:21","modified_gmt":"2025-10-22T16:31:21","slug":"el-turismo-mexicano-enfrenta-una-desaceleracion-hacia-el-cierre-de-2025-revela-un-estudio-de-mirai","status":"publish","type":"post","link":"https:\/\/dimensionturistica.com\/es\/el-turismo-mexicano-enfrenta-una-desaceleracion-hacia-el-cierre-de-2025-revela-un-estudio-de-mirai\/","title":{"rendered":"El turismo mexicano enfrenta una desaceleraci\u00f3n hacia el cierre de 2025, revela un estudio de Mirai"},"content":{"rendered":"\n<figure class=\"wp-block-gallery has-nested-images columns-default is-cropped wp-block-gallery-1 is-layout-flex wp-block-gallery-is-layout-flex\">\n<figure class=\"wp-block-image size-large\"><img decoding=\"async\" width=\"500\" height=\"500\" data-id=\"1064883\" src=\"https:\/\/dimensionturistica.com\/es\/wp-content\/uploads\/2025\/10\/1VACA.jpg\" alt=\"\" class=\"wp-image-1064883\" srcset=\"https:\/\/dimensionturistica.com\/es\/wp-content\/uploads\/2025\/10\/1VACA.jpg 500w, https:\/\/dimensionturistica.com\/es\/wp-content\/uploads\/2025\/10\/1VACA-300x300.jpg 300w, https:\/\/dimensionturistica.com\/es\/wp-content\/uploads\/2025\/10\/1VACA-150x150.jpg 150w, https:\/\/dimensionturistica.com\/es\/wp-content\/uploads\/2025\/10\/1VACA-75x75.jpg 75w, https:\/\/dimensionturistica.com\/es\/wp-content\/uploads\/2025\/10\/1VACA-350x350.jpg 350w\" sizes=\"(max-width: 500px) 100vw, 500px\" \/><\/figure>\n<\/figure>\n\n\n\n<p>Se prev\u00e9 una ca\u00edda del 24% en las reservas hoteleras rumbo a 2026, marcada por la contracci\u00f3n del mercado internacional y la cautela del viajero nacional.<\/p>\n\n\n\n<p>&nbsp;Tras un 2024 hist\u00f3rico para el turismo mexicano, con m\u00e1s de 45 millones de visitantes internacionales y un aporte del 8.6% al PIB nacional, el turismo mexicano enfrenta una desaceleraci\u00f3n en las reservas hoteleras durante el \u00faltimo trimestre de 2025 y un inicio de 2026 con menor dinamismo.<\/p>\n\n\n\n<figure class=\"wp-block-gallery has-nested-images columns-default is-cropped wp-block-gallery-2 is-layout-flex wp-block-gallery-is-layout-flex\">\n<figure class=\"wp-block-image size-large\"><img decoding=\"async\" width=\"500\" height=\"333\" data-id=\"1064884\" src=\"https:\/\/dimensionturistica.com\/es\/wp-content\/uploads\/2025\/10\/3VACA.jpg\" alt=\"\" class=\"wp-image-1064884\" srcset=\"https:\/\/dimensionturistica.com\/es\/wp-content\/uploads\/2025\/10\/3VACA.jpg 500w, https:\/\/dimensionturistica.com\/es\/wp-content\/uploads\/2025\/10\/3VACA-300x200.jpg 300w\" sizes=\"(max-width: 500px) 100vw, 500px\" \/><\/figure>\n<\/figure>\n\n\n\n<p>As\u00ed lo revela la m\u00e1s reciente radiograf\u00eda de reservas hoteleras elaborada por Mirai a partir del an\u00e1lisis del canal directo de los hoteles con los que trabajan. El informe, basado en las \u00faltimas ocho semanas, muestra ca\u00eddas significativas tanto en volumen como en precio.<\/p>\n\n\n\n<p>En ese periodo, seis de las ocho semanas registraron descensos en el ritmo de reservas (PickUp Rev), con un promedio interanual de -11% en el precio medio por noche (ADR). Aunque los datos m\u00e1s recientes apuntan a una leve mejora, el balance sigue siendo negativo y confirma una desaceleraci\u00f3n estructural del mercado hotelero.<\/p>\n\n\n\n<p>El informe de Mirai muestra que el estado de Quintana Roo concentra la mayor contracci\u00f3n, con una ca\u00edda del -36% en reservas y un descenso del -9% en ADR, afectado por el enfriamiento del turismo estadounidense y canadiense.<\/p>\n\n\n\n<p>El estado de Jalisco, por su parte, registra un retroceso del 17% en ritmo, aunque mantiene precios al alza (+7%), reflejando una estrategia defensiva en tarifas.<\/p>\n\n\n\n<figure class=\"wp-block-gallery has-nested-images columns-default is-cropped wp-block-gallery-3 is-layout-flex wp-block-gallery-is-layout-flex\">\n<figure class=\"wp-block-image size-large\"><img decoding=\"async\" width=\"500\" height=\"270\" data-id=\"1064885\" src=\"https:\/\/dimensionturistica.com\/es\/wp-content\/uploads\/2025\/10\/66VACA.jpg\" alt=\"\" class=\"wp-image-1064885\" srcset=\"https:\/\/dimensionturistica.com\/es\/wp-content\/uploads\/2025\/10\/66VACA.jpg 500w, https:\/\/dimensionturistica.com\/es\/wp-content\/uploads\/2025\/10\/66VACA-300x162.jpg 300w\" sizes=\"(max-width: 500px) 100vw, 500px\" \/><\/figure>\n<\/figure>\n\n\n\n<p>En contraste, la Ciudad de M\u00e9xico se posiciona como el \u00fanico destino en expansi\u00f3n, con un aumento del 20% en ritmo de ventas y del 7% en precios, impulsado por la recuperaci\u00f3n del segmento corporativo, de eventos y viajes de negocios.<\/p>\n\n\n\n<p>El an\u00e1lisis de los mercados emisores evidencia que la desaceleraci\u00f3n es impulsada, en gran medida, por el retroceso del turismo estadounidense (-32% en ventas) y canadiense (-37% en reservas), tradicionales pilares de la demanda vacacional. En contraste, el Reino Unido se mantiene como una excepci\u00f3n de crecimiento en volumen (+27%), aunque a costa de un fuerte ajuste de precios (-15% en ADR).<\/p>\n\n\n\n<p>De cara a 2026, Mirai prev\u00e9 un inicio de a\u00f1o d\u00e9bil, con una ca\u00edda acumulada del -24% en reservas durante el primer semestre. Febrero, marzo y abril ser\u00edan los meses m\u00e1s afectados, mientras que el mercado dom\u00e9stico mexicano aparece como el \u00fanico con crecimiento sostenido (+23% en ventas y +3% en ADR).<\/p>\n\n\n\n<figure class=\"wp-block-gallery has-nested-images columns-default is-cropped wp-block-gallery-4 is-layout-flex wp-block-gallery-is-layout-flex\">\n<figure class=\"wp-block-image size-large\"><img decoding=\"async\" width=\"500\" height=\"281\" data-id=\"1064886\" src=\"https:\/\/dimensionturistica.com\/es\/wp-content\/uploads\/2025\/10\/4VACA.jpg\" alt=\"\" class=\"wp-image-1064886\" srcset=\"https:\/\/dimensionturistica.com\/es\/wp-content\/uploads\/2025\/10\/4VACA.jpg 500w, https:\/\/dimensionturistica.com\/es\/wp-content\/uploads\/2025\/10\/4VACA-300x169.jpg 300w\" sizes=\"(max-width: 500px) 100vw, 500px\" \/><\/figure>\n<\/figure>\n\n\n\n<p>\u201cEl pulso del canal directo confirma un cambio de ciclo en la demanda hotelera mexicana. La clave estar\u00e1 en la capacidad de los hoteles para anticiparse, segmentar mejor su demanda y optimizar su distribuci\u00f3n\u201d, se\u00f1al\u00f3 Javier Mar\u00edn, Director Regional &amp; Head of Sales de Mirai.<\/p>\n\n\n\n<p>Aun en medio de la incertidumbre, el an\u00e1lisis de Mirai subraya que los hoteles con estrategias m\u00e1s \u00e1giles, tecnol\u00f3gicas y orientadas al canal directo ser\u00e1n los mejor posicionados para capitalizar oportunidades en un 2026 que se perfila m\u00e1s competitivo y selectivo.<\/p>\n","protected":false},"excerpt":{"rendered":"<p>Se prev\u00e9 una ca\u00edda del 24% en las reservas hoteleras rumbo a 2026, marcada por la contracci\u00f3n del mercado internacional y la cautela del viajero nacional. &nbsp;Tras un 2024 hist\u00f3rico para el turismo mexicano, con m\u00e1s de 45 millones de visitantes internacionales y un aporte del 8.6% al PIB nacional, el turismo mexicano enfrenta una [&hellip;]<\/p>\n","protected":false},"author":1,"featured_media":0,"comment_status":"open","ping_status":"closed","sticky":false,"template":"","format":"standard","meta":{"om_disable_all_campaigns":false,"jnews-multi-image_gallery":[],"jnews_single_post":[],"jnews_primary_category":[],"jnews_social_meta":[],"footnotes":""},"categories":[39],"tags":[],"class_list":["post-1064882","post","type-post","status-publish","format-standard","hentry","category-viajes"],"_links":{"self":[{"href":"https:\/\/dimensionturistica.com\/es\/wp-json\/wp\/v2\/posts\/1064882","targetHints":{"allow":["GET"]}}],"collection":[{"href":"https:\/\/dimensionturistica.com\/es\/wp-json\/wp\/v2\/posts"}],"about":[{"href":"https:\/\/dimensionturistica.com\/es\/wp-json\/wp\/v2\/types\/post"}],"author":[{"embeddable":true,"href":"https:\/\/dimensionturistica.com\/es\/wp-json\/wp\/v2\/users\/1"}],"replies":[{"embeddable":true,"href":"https:\/\/dimensionturistica.com\/es\/wp-json\/wp\/v2\/comments?post=1064882"}],"version-history":[{"count":1,"href":"https:\/\/dimensionturistica.com\/es\/wp-json\/wp\/v2\/posts\/1064882\/revisions"}],"predecessor-version":[{"id":1064887,"href":"https:\/\/dimensionturistica.com\/es\/wp-json\/wp\/v2\/posts\/1064882\/revisions\/1064887"}],"wp:attachment":[{"href":"https:\/\/dimensionturistica.com\/es\/wp-json\/wp\/v2\/media?parent=1064882"}],"wp:term":[{"taxonomy":"category","embeddable":true,"href":"https:\/\/dimensionturistica.com\/es\/wp-json\/wp\/v2\/categories?post=1064882"},{"taxonomy":"post_tag","embeddable":true,"href":"https:\/\/dimensionturistica.com\/es\/wp-json\/wp\/v2\/tags?post=1064882"}],"curies":[{"name":"wp","href":"https:\/\/api.w.org\/{rel}","templated":true}]}}