{"id":1064876,"date":"2025-10-22T16:20:20","date_gmt":"2025-10-22T16:20:20","guid":{"rendered":"https:\/\/dimensionturistica.com\/es\/?p=1064876"},"modified":"2025-10-22T16:20:20","modified_gmt":"2025-10-22T16:20:20","slug":"pasto-deslumbro-en-el-comienzo-de-la-feria-colombia-travel-expo-en-medellin","status":"publish","type":"post","link":"https:\/\/dimensionturistica.com\/es\/pasto-deslumbro-en-el-comienzo-de-la-feria-colombia-travel-expo-en-medellin\/","title":{"rendered":"Pasto deslumbr\u00f3 en el comienzo de la Feria Colombia Travel Expo en Medell\u00edn"},"content":{"rendered":"<h3>Descubriendo el Encanto de Pasto: Una Joya del Sur Colombiano<\/h3>\n<p>Colombia se ha consolidado como uno de los destinos tur\u00edsticos m\u00e1s fascinantes de Am\u00e9rica del Sur, y dentro de este pa\u00eds vibrante, Pasto se erige como un tesoro por descubrir. Este encantador municipio del departamento de Nari\u00f1o destac\u00f3 recientemente en la apertura de la Colombia Travel Expo en Medell\u00edn, un evento que reuni\u00f3 a los mejores representantes del turismo nacional con el fin de promover la riqueza cultural y natural del pa\u00eds.<\/p>\n<h4>Pasto: Ciudad de Tradiciones y Cultura<\/h4>\n<p>Pasto no solo es conocida por su imponente paisaje andino, sino tambi\u00e9n por un patrimonio cultural que se manifiesta en cada rinc\u00f3n de sus calles. Desde su famosa Semana Santa hasta el Carnaval de Negros y Blancos, la ciudad es un verdadero mosaico de tradiciones que atrae tanto a turistas nacionales como internacionales. En la Colombia Travel Expo, Pasto se present\u00f3 como un destino emergente que combina historia, cultura y una calidez humana indescriptible.<\/p>\n<h4>Un Destino para Todos los Gustos<\/h4>\n<p>Los visitantes de Pasto pueden disfrutar de una variedad de actividades que van desde el ecoturismo hasta la exploraci\u00f3n arquitect\u00f3nica. El Santuario de Las Lajas, por ejemplo, es una obra maestra arquitect\u00f3nica que destaca por su belleza y su ubicaci\u00f3n sobre un impresionante ca\u00f1\u00f3n. Adem\u00e1s, la gastronom\u00eda local, rica en sabores \u00fanicos, es un atractivo adicional que hace que cada visita sea una experiencia inolvidable.<\/p>\n<p>El evento en Medell\u00edn destac\u00f3 la importancia de la conectividad y la promoci\u00f3n de Pasto como un destino accesible y diverso. Las iniciativas para mejorar la infraestructura tur\u00edstica son una promesa de que el flujo de visitantes continuar\u00e1 en aumento, lo que a su vez beneficiar\u00e1 la econom\u00eda de la regi\u00f3n.<\/p>\n<h4>El Futuro del Turismo en Pasto<\/h4>\n<p>La participaci\u00f3n de Pasto en la Colombia Travel Expo ha sentado las bases para un futuro prometedor en el \u00e1mbito tur\u00edstico. Las autoridades locales y los emprendedores del sector est\u00e1n comprometidos a seguir trabajando en la promoci\u00f3n de la regi\u00f3n, asegurando que cada visitante no solo llegue, sino que tambi\u00e9n se lleve consigo recuerdos imborrables.<\/p>\n<p>Con un enfoque sostenible y una genuina hospitalidad, Pasto busca atraer a aquellos que desean m\u00e1s que solo ver un lugar: buscan vivirlo. As\u00ed, la ciudad espera convertirse en un destino que no solo resuena en las gu\u00edas tur\u00edsticas, sino que tambi\u00e9n vive en el coraz\u00f3n de los viajeros.<\/p>\n<h4>En Conclusi\u00f3n<\/h4>\n<p>Pasto surge como un destino que vale la pena explorar en Colombia. La mezcla de cultura, historia, paisajes y la conexi\u00f3n con la naturaleza hacen de este lugar un punto de referencia para aquellos que buscan una experiencia aut\u00e9ntica. La apertura en Medell\u00edn no solo fue una vitrina, sino un llamado a todos los exploradores a descubrir el encanto de Pasto y sus alrededores. Prep\u00e1rate para ser parte de esta aventura y sum\u00e9rgete en la magia del sur colombiano.<\/p>\n<p><em> &#8221; Sources www.pasto.gov.co &#8221; <\/em><\/p>\n","protected":false},"excerpt":{"rendered":"<p>Descubriendo el Encanto de Pasto: Una Joya del Sur Colombiano Colombia se ha consolidado como uno de los destinos tur\u00edsticos m\u00e1s fascinantes de Am\u00e9rica del Sur, y dentro de este pa\u00eds vibrante, Pasto se erige como un tesoro por descubrir. Este encantador municipio del departamento de Nari\u00f1o destac\u00f3 recientemente en la apertura de la Colombia [&hellip;]<\/p>\n","protected":false},"author":4,"featured_media":1064877,"comment_status":"open","ping_status":"closed","sticky":false,"template":"","format":"standard","meta":{"om_disable_all_campaigns":false,"jnews-multi-image_gallery":[],"jnews_single_post":[],"jnews_primary_category":[],"jnews_social_meta":[],"footnotes":""},"categories":[40],"tags":[4696,5539,771,662,723,5557,133116,3067,101706,544],"class_list":["post-1064876","post","type-post","status-publish","format-standard","has-post-thumbnail","hentry","category-industria","tag-apertura","tag-atracciones","tag-colombia","tag-cultura","tag-evento","tag-medellin","tag-pasto","tag-promocion-turistica","tag-travel-expo","tag-turismo"],"_links":{"self":[{"href":"https:\/\/dimensionturistica.com\/es\/wp-json\/wp\/v2\/posts\/1064876","targetHints":{"allow":["GET"]}}],"collection":[{"href":"https:\/\/dimensionturistica.com\/es\/wp-json\/wp\/v2\/posts"}],"about":[{"href":"https:\/\/dimensionturistica.com\/es\/wp-json\/wp\/v2\/types\/post"}],"author":[{"embeddable":true,"href":"https:\/\/dimensionturistica.com\/es\/wp-json\/wp\/v2\/users\/4"}],"replies":[{"embeddable":true,"href":"https:\/\/dimensionturistica.com\/es\/wp-json\/wp\/v2\/comments?post=1064876"}],"version-history":[{"count":1,"href":"https:\/\/dimensionturistica.com\/es\/wp-json\/wp\/v2\/posts\/1064876\/revisions"}],"predecessor-version":[{"id":1064878,"href":"https:\/\/dimensionturistica.com\/es\/wp-json\/wp\/v2\/posts\/1064876\/revisions\/1064878"}],"wp:featuredmedia":[{"embeddable":true,"href":"https:\/\/dimensionturistica.com\/es\/wp-json\/wp\/v2\/media\/1064877"}],"wp:attachment":[{"href":"https:\/\/dimensionturistica.com\/es\/wp-json\/wp\/v2\/media?parent=1064876"}],"wp:term":[{"taxonomy":"category","embeddable":true,"href":"https:\/\/dimensionturistica.com\/es\/wp-json\/wp\/v2\/categories?post=1064876"},{"taxonomy":"post_tag","embeddable":true,"href":"https:\/\/dimensionturistica.com\/es\/wp-json\/wp\/v2\/tags?post=1064876"}],"curies":[{"name":"wp","href":"https:\/\/api.w.org\/{rel}","templated":true}]}}