{"id":1064847,"date":"2025-10-22T15:39:19","date_gmt":"2025-10-22T15:39:19","guid":{"rendered":"https:\/\/dimensionturistica.com\/es\/?p=1064847"},"modified":"2025-10-22T15:39:19","modified_gmt":"2025-10-22T15:39:19","slug":"mondrian-mexico-city-condesa-da-la-bienvenida-a-una-de-sus-temporadas-mas-vibrantes-con-experiencias-unicas-dia-de-muertos-y-f1","status":"publish","type":"post","link":"https:\/\/dimensionturistica.com\/es\/mondrian-mexico-city-condesa-da-la-bienvenida-a-una-de-sus-temporadas-mas-vibrantes-con-experiencias-unicas-dia-de-muertos-y-f1\/","title":{"rendered":"Mondrian Mexico City Condesa da la bienvenida a una de sus temporadas m\u00e1s vibrantes con experiencias \u00fanicas: D\u00eda de Muertos y F1"},"content":{"rendered":"\n<figure class=\"wp-block-gallery has-nested-images columns-default is-cropped wp-block-gallery-1 is-layout-flex wp-block-gallery-is-layout-flex\">\n<figure class=\"wp-block-image size-large\"><img decoding=\"async\" width=\"500\" height=\"261\" data-id=\"1064848\" src=\"https:\/\/dimensionturistica.com\/es\/wp-content\/uploads\/2025\/10\/6MONDRAI.jpg\" alt=\"\" class=\"wp-image-1064848\" srcset=\"https:\/\/dimensionturistica.com\/es\/wp-content\/uploads\/2025\/10\/6MONDRAI.jpg 500w, https:\/\/dimensionturistica.com\/es\/wp-content\/uploads\/2025\/10\/6MONDRAI-300x157.jpg 300w\" sizes=\"(max-width: 500px) 100vw, 500px\" \/><\/figure>\n<\/figure>\n\n\n\n<p>&nbsp;Una vez m\u00e1s llega una de las temporadas m\u00e1s vibrantes del a\u00f1o a la Ciudad de M\u00e9xico, marcada por dos grandes celebraciones: el Gran Premio de M\u00e9xico y el D\u00eda de Muertos. Durante las pr\u00f3ximas semanas, la ciudad se llena de energ\u00eda, color y tradici\u00f3n; las calles se visten de tonos anaranjados, con ofrendas en plazas, museos, restaurantes y hoteles, adem\u00e1s de desfiles, arte y m\u00fasica que celebran tanto la vida como la pasi\u00f3n que caracterizan a la capital.<\/p>\n\n\n\n<p>En estas fechas, que oficialmente arrancan a mediados de octubre y se extienden hasta los primeros d\u00edas de noviembre, la oferta cultural y gastron\u00f3mica de la ciudad se transforma, ofreciendo platillos y bebidas de temporada sin dejar atr\u00e1s a uno de los protagonistas m\u00e1s esperados: el pan de muerto, que hoy se disfruta en m\u00faltiples versiones, colores y sabores.<\/p>\n\n\n\n<figure class=\"wp-block-gallery has-nested-images columns-default is-cropped wp-block-gallery-2 is-layout-flex wp-block-gallery-is-layout-flex\">\n<figure class=\"wp-block-image size-large\"><img decoding=\"async\" width=\"500\" height=\"373\" data-id=\"1064849\" src=\"https:\/\/dimensionturistica.com\/es\/wp-content\/uploads\/2025\/10\/2MONDRAI.jpg\" alt=\"\" class=\"wp-image-1064849\" srcset=\"https:\/\/dimensionturistica.com\/es\/wp-content\/uploads\/2025\/10\/2MONDRAI.jpg 500w, https:\/\/dimensionturistica.com\/es\/wp-content\/uploads\/2025\/10\/2MONDRAI-300x224.jpg 300w\" sizes=\"(max-width: 500px) 100vw, 500px\" \/><\/figure>\n<\/figure>\n\n\n\n<p>Ubicado en el coraz\u00f3n de la Colonia Condesa, uno de los barrios m\u00e1s culturales y cosmopolitas de la capital, el hotel Mondrian Mexico City Condesa, reconocido por ser un punto de encuentro cultural en cada ciudad donde se encuentra, se une a las celebraciones de la temporada con una programaci\u00f3n especial para hu\u00e9spedes y locales. Durante estas semanas, el hotel ofrecer\u00e1 panes de muerto de la casa, una colaboraci\u00f3n con Xolo Caf\u00e9, una experiencia junto a Mezcal Uni\u00f3n y una ofrenda creada por Ximusa Lab, adem\u00e1s de cocteler\u00eda tem\u00e1tica y eventos que consolidan al hotel como un punto de encuentro donde siempre sucede algo.<\/p>\n\n\n\n<p>Eventos clave durante octubre y noviembre<\/p>\n\n\n\n<figure class=\"wp-block-gallery has-nested-images columns-default is-cropped wp-block-gallery-3 is-layout-flex wp-block-gallery-is-layout-flex\">\n<figure class=\"wp-block-image size-large\"><img decoding=\"async\" width=\"500\" height=\"454\" data-id=\"1064850\" src=\"https:\/\/dimensionturistica.com\/es\/wp-content\/uploads\/2025\/10\/4MONDRAI.jpg\" alt=\"\" class=\"wp-image-1064850\" srcset=\"https:\/\/dimensionturistica.com\/es\/wp-content\/uploads\/2025\/10\/4MONDRAI.jpg 500w, https:\/\/dimensionturistica.com\/es\/wp-content\/uploads\/2025\/10\/4MONDRAI-300x272.jpg 300w\" sizes=\"(max-width: 500px) 100vw, 500px\" \/><\/figure>\n<\/figure>\n\n\n\n<p>Durante el fin de semana del Gran Premio de M\u00e9xico (25\u201327 de octubre), La Terraza en Mondrian se convertir\u00e1 en el punto de encuentro ideal para vivir la emoci\u00f3n de las carreras de F1 con pantallas, m\u00fasica y cocteler\u00eda en formato \u201chappy hour\u201d que invitan a disfrutar del ambiente vibrante de la Condesa.<\/p>\n\n\n\n<p>Del 15 de octubre al 9 de noviembre, el hotel presenta una exquisita selecci\u00f3n de panes de muerto: una versi\u00f3n tradicional elaborada con mantequilla, ralladura de naranja y un toque de azahar, y otra cubierta con chocolate, que aporta un toque contempor\u00e1neo de sabores.<\/p>\n\n\n\n<figure class=\"wp-block-gallery has-nested-images columns-default is-cropped wp-block-gallery-4 is-layout-flex wp-block-gallery-is-layout-flex\">\n<figure class=\"wp-block-image size-large\"><img decoding=\"async\" width=\"500\" height=\"329\" data-id=\"1064853\" src=\"https:\/\/dimensionturistica.com\/es\/wp-content\/uploads\/2025\/10\/5MONDRAI.jpg\" alt=\"\" class=\"wp-image-1064853\" srcset=\"https:\/\/dimensionturistica.com\/es\/wp-content\/uploads\/2025\/10\/5MONDRAI.jpg 500w, https:\/\/dimensionturistica.com\/es\/wp-content\/uploads\/2025\/10\/5MONDRAI-300x197.jpg 300w\" sizes=\"(max-width: 500px) 100vw, 500px\" \/><\/figure>\n<\/figure>\n\n\n\n<p>\u201cEste a\u00f1o quisimos rendir homenaje a la tradici\u00f3n mexicana del D\u00eda de Muertos con dos versiones de pan de muerto: una cl\u00e1sica y otra cubierta con chocolate, que aportan un toque contempor\u00e1neo y sofisticado al estilo Mondrian\u201d, se\u00f1ala Juan Ignacio Hern\u00e1ndez, supervisor del \u00e1rea de pasteler\u00eda del hotel. \u201cNuestro pan de muerto tradicional se elabora diariamente de manera artesanal, evocando los sabores y aromas m\u00e1s aut\u00e9nticos de la temporada.\u201d<\/p>\n\n\n\n<p>Tambi\u00e9n, el 26 de octubre, Flower Shop, el caf\u00e9 y florister\u00eda del hotel, presentar\u00e1 un pan de muerto especial en colaboraci\u00f3n con Xolo Caf\u00e9, un pan relleno de camote morado y cubierto con cenizas de Totomoxtle. Cada a\u00f1o, Xolo Caf\u00e9 lanza una edici\u00f3n de temporada de su pan de muerto en puntos selectos de la Ciudad de M\u00e9xico, y este a\u00f1o se une a Mondrian para compartir esta creaci\u00f3n artesanal por un tiempo limitado.<\/p>\n\n\n\n<figure class=\"wp-block-gallery has-nested-images columns-default is-cropped wp-block-gallery-5 is-layout-flex wp-block-gallery-is-layout-flex\">\n<figure class=\"wp-block-image size-large\"><img decoding=\"async\" width=\"500\" height=\"487\" data-id=\"1064854\" src=\"https:\/\/dimensionturistica.com\/es\/wp-content\/uploads\/2025\/10\/9MONDRAI.jpg\" alt=\"\" class=\"wp-image-1064854\" srcset=\"https:\/\/dimensionturistica.com\/es\/wp-content\/uploads\/2025\/10\/9MONDRAI.jpg 500w, https:\/\/dimensionturistica.com\/es\/wp-content\/uploads\/2025\/10\/9MONDRAI-300x292.jpg 300w\" sizes=\"(max-width: 500px) 100vw, 500px\" \/><\/figure>\n<\/figure>\n\n\n\n<p>Como parte de su homenaje, el hotel tambi\u00e9n presentar\u00e1 una ofrenda art\u00edstica en el lobby, elaborada junto a Ximusa Lab, una instalaci\u00f3n que invita a los visitantes a reflexionar sobre la tradici\u00f3n y la conexi\u00f3n emocional que caracteriza a esta fecha. Entre el 25 y el 26 de octubre y el 1 de noviembre, los hu\u00e9spedes y visitantes podr\u00e1n disfrutar de un servicio de maquillaje estilo Catrina y sesi\u00f3n fotogr\u00e1fica en el patio central del hotel, ideal para capturar el esp\u00edritu de D\u00eda de Muertos con un toque art\u00edstico y moderno.<\/p>\n\n\n\n<p>Adem\u00e1s, el 31 de octubre, Mezcal Uni\u00f3n se une a las celebraciones con una gran fiesta en el restaurante La Terraza de Mondrian. A partir de las 18:00 h, los asistentes podr\u00e1n disfrutar de un DJ invitado, cocteler\u00eda de edici\u00f3n especial, decoraci\u00f3n alusiva y una atm\u00f3sfera festiva que mezcla la energ\u00eda de la Condesa con la esencia de la tradici\u00f3n mexicana.<\/p>\n\n\n\n<figure class=\"wp-block-gallery has-nested-images columns-default is-cropped wp-block-gallery-6 is-layout-flex wp-block-gallery-is-layout-flex\">\n<figure class=\"wp-block-image size-large\"><img decoding=\"async\" width=\"770\" height=\"1024\" data-id=\"1064855\" src=\"https:\/\/dimensionturistica.com\/es\/wp-content\/uploads\/2025\/10\/flyer-tyndy-feed_FY2644-770x1024.png\" alt=\"\" class=\"wp-image-1064855\" srcset=\"https:\/\/dimensionturistica.com\/es\/wp-content\/uploads\/2025\/10\/flyer-tyndy-feed_FY2644-770x1024.png 770w, https:\/\/dimensionturistica.com\/es\/wp-content\/uploads\/2025\/10\/flyer-tyndy-feed_FY2644-226x300.png 226w, https:\/\/dimensionturistica.com\/es\/wp-content\/uploads\/2025\/10\/flyer-tyndy-feed_FY2644-768x1021.png 768w, https:\/\/dimensionturistica.com\/es\/wp-content\/uploads\/2025\/10\/flyer-tyndy-feed_FY2644-750x998.png 750w, https:\/\/dimensionturistica.com\/es\/wp-content\/uploads\/2025\/10\/flyer-tyndy-feed_FY2644.png 1015w\" sizes=\"(max-width: 770px) 100vw, 770px\" \/><\/figure>\n<\/figure>\n\n\n\n<p>Durante toda la temporada, el equipo de mixolog\u00eda del hotel tambi\u00e9n ofrecer\u00e1 cocteler\u00eda tem\u00e1tica inspirada en la celebraci\u00f3n, incluyendo el Coraz\u00f3n Ahumado, una creaci\u00f3n con notas de mezcal y t\u00e9cnicas de ahumado artesanal que rinden homenaje al alma de la festividad.<\/p>\n\n\n\n<p>El hotel Mondrian Mexico City Condesa se consolida como el lugar ideal para hospedarse esta temporada y vivir los eventos m\u00e1s emblem\u00e1ticos de la capital, desde el desfile de D\u00eda de Muertos hasta las experiencias gastron\u00f3micas y art\u00edsticas que llenan de vida la ciudad, todo en un entorno donde el dise\u00f1o, la cultura y la hospitalidad contempor\u00e1nea se encuentran.<\/p>\n","protected":false},"excerpt":{"rendered":"<p>&nbsp;Una vez m\u00e1s llega una de las temporadas m\u00e1s vibrantes del a\u00f1o a la Ciudad de M\u00e9xico, marcada por dos grandes celebraciones: el Gran Premio de M\u00e9xico y el D\u00eda de Muertos. Durante las pr\u00f3ximas semanas, la ciudad se llena de energ\u00eda, color y tradici\u00f3n; las calles se visten de tonos anaranjados, con ofrendas en [&hellip;]<\/p>\n","protected":false},"author":1,"featured_media":0,"comment_status":"open","ping_status":"closed","sticky":false,"template":"","format":"standard","meta":{"om_disable_all_campaigns":false,"jnews-multi-image_gallery":[],"jnews_single_post":[],"jnews_primary_category":[],"jnews_social_meta":[],"footnotes":""},"categories":[39],"tags":[],"class_list":["post-1064847","post","type-post","status-publish","format-standard","hentry","category-viajes"],"_links":{"self":[{"href":"https:\/\/dimensionturistica.com\/es\/wp-json\/wp\/v2\/posts\/1064847","targetHints":{"allow":["GET"]}}],"collection":[{"href":"https:\/\/dimensionturistica.com\/es\/wp-json\/wp\/v2\/posts"}],"about":[{"href":"https:\/\/dimensionturistica.com\/es\/wp-json\/wp\/v2\/types\/post"}],"author":[{"embeddable":true,"href":"https:\/\/dimensionturistica.com\/es\/wp-json\/wp\/v2\/users\/1"}],"replies":[{"embeddable":true,"href":"https:\/\/dimensionturistica.com\/es\/wp-json\/wp\/v2\/comments?post=1064847"}],"version-history":[{"count":1,"href":"https:\/\/dimensionturistica.com\/es\/wp-json\/wp\/v2\/posts\/1064847\/revisions"}],"predecessor-version":[{"id":1064856,"href":"https:\/\/dimensionturistica.com\/es\/wp-json\/wp\/v2\/posts\/1064847\/revisions\/1064856"}],"wp:attachment":[{"href":"https:\/\/dimensionturistica.com\/es\/wp-json\/wp\/v2\/media?parent=1064847"}],"wp:term":[{"taxonomy":"category","embeddable":true,"href":"https:\/\/dimensionturistica.com\/es\/wp-json\/wp\/v2\/categories?post=1064847"},{"taxonomy":"post_tag","embeddable":true,"href":"https:\/\/dimensionturistica.com\/es\/wp-json\/wp\/v2\/tags?post=1064847"}],"curies":[{"name":"wp","href":"https:\/\/api.w.org\/{rel}","templated":true}]}}