{"id":1064831,"date":"2025-10-22T15:20:16","date_gmt":"2025-10-22T15:20:16","guid":{"rendered":"https:\/\/dimensionturistica.com\/es\/?p=1064831"},"modified":"2025-10-22T15:20:16","modified_gmt":"2025-10-22T15:20:16","slug":"con-mucha-emocion-anunciamos-las-fechas-de-este-ano-de-gsm-2025","status":"publish","type":"post","link":"https:\/\/dimensionturistica.com\/es\/con-mucha-emocion-anunciamos-las-fechas-de-este-ano-de-gsm-2025\/","title":{"rendered":"\u00a1Con mucha emoci\u00f3n anunciamos las fechas de este a\u00f1o de GSM\u00a02025!"},"content":{"rendered":"\n<figure class=\"wp-block-gallery has-nested-images columns-default is-cropped wp-block-gallery-1 is-layout-flex wp-block-gallery-is-layout-flex\">\n<figure class=\"wp-block-image size-large\"><img decoding=\"async\" width=\"300\" height=\"300\" data-id=\"1064834\" src=\"https:\/\/dimensionturistica.com\/es\/wp-content\/uploads\/2025\/10\/logoGSM.jpg\" alt=\"\" class=\"wp-image-1064834\" srcset=\"https:\/\/dimensionturistica.com\/es\/wp-content\/uploads\/2025\/10\/logoGSM.jpg 300w, https:\/\/dimensionturistica.com\/es\/wp-content\/uploads\/2025\/10\/logoGSM-150x150.jpg 150w, https:\/\/dimensionturistica.com\/es\/wp-content\/uploads\/2025\/10\/logoGSM-75x75.jpg 75w\" sizes=\"(max-width: 300px) 100vw, 300px\" \/><\/figure>\n<\/figure>\n\n\n\n<p>Del 7 al 9 de noviembre tendremos la d\u00e9cimosegunda edici\u00f3n de Gran Sal\u00f3n y este a\u00f1o recibiremos a Francisco Cunha como uno de los invitados internacionales. El ilustrador, artista y dise\u00f1ador gr\u00e1fico uruguayo visitar\u00e1 M\u00e9xico por primera vez, aunque es colaborador de GSM desde hace varios a\u00f1os, para exhibir su obra m\u00e1s reciente. Francisco ha ganado dos veces el Premio Nacional de Ilustraci\u00f3n de Uruguay y es autor de tres libros ilustrados. Dirige Estudio <\/p>\n\n\n\n<p>Mundial, es docente universitario y fundador del Club de Dibujo de Montevideo y del archivo Gr\u00e1fica Ilustrada del Uruguay. Francisco har\u00e1 revisiones de portafolios y dar\u00e1 el taller \u2018Deriva dibujada\u2019, el cual explora la pr\u00e1ctica de caminar y dibujar al mismo tiempo. La presencia de Francisco Cunha es posible gracias a la Embajada de Uruguay en M\u00e9xico.<\/p>\n\n\n\n<figure class=\"wp-block-gallery has-nested-images columns-default is-cropped wp-block-gallery-2 is-layout-flex wp-block-gallery-is-layout-flex\">\n<figure class=\"wp-block-image size-large\"><img decoding=\"async\" width=\"1024\" height=\"683\" data-id=\"1064837\" src=\"https:\/\/dimensionturistica.com\/es\/wp-content\/uploads\/2025\/10\/MG_5112-1024x683.jpg\" alt=\"\" class=\"wp-image-1064837\" srcset=\"https:\/\/dimensionturistica.com\/es\/wp-content\/uploads\/2025\/10\/MG_5112-1024x683.jpg 1024w, https:\/\/dimensionturistica.com\/es\/wp-content\/uploads\/2025\/10\/MG_5112-300x200.jpg 300w, https:\/\/dimensionturistica.com\/es\/wp-content\/uploads\/2025\/10\/MG_5112-768x512.jpg 768w, https:\/\/dimensionturistica.com\/es\/wp-content\/uploads\/2025\/10\/MG_5112-750x500.jpg 750w, https:\/\/dimensionturistica.com\/es\/wp-content\/uploads\/2025\/10\/MG_5112-1140x760.jpg 1140w, https:\/\/dimensionturistica.com\/es\/wp-content\/uploads\/2025\/10\/MG_5112.jpg 1536w\" sizes=\"(max-width: 1024px) 100vw, 1024px\" \/><\/figure>\n<\/figure>\n\n\n\n<p>En el marco internacional contaremos con la presencia de F\u00e1brica de estampas, un colectivo gr\u00e1fico formado por Delfina Estrada y Victoria Volpini que comenz\u00f3 en el a\u00f1o 2011 en Buenos Aires. Juntas hacen publicaciones y afiches utilizando las t\u00e9cnicas de aguafuerte, xilograf\u00eda, lin\u00f3leo y monocopia. Tendremos obra exhibida y habr\u00e1 un taller a cargo de Delfina basado en el m\u00e9todo Best Maugard, sistema de ense\u00f1anza del dibujo que rompi\u00f3 barreras territoriales.<\/p>\n\n\n\n<p>Dentro de las actividades educativas de este a\u00f1o destacamos la colaboraci\u00f3n con Piso 16 UNAM para presentar un taller introductorio de gesti\u00f3n cultural pensado para acompa\u00f1ar en la definici\u00f3n del desarrollo profesional en el \u00e1mbito art\u00edstico y cultural. Ser\u00e1 un espacio para pensar sobre el futuro e imaginar posibles caminos profesionales. La inscripci\u00f3n a este taller ya est\u00e1 abierta en este link.<\/p>\n\n\n\n<figure class=\"wp-block-gallery has-nested-images columns-default is-cropped wp-block-gallery-3 is-layout-flex wp-block-gallery-is-layout-flex\">\n<figure class=\"wp-block-image size-large\"><img decoding=\"async\" width=\"500\" height=\"681\" data-id=\"1064838\" src=\"https:\/\/dimensionturistica.com\/es\/wp-content\/uploads\/2025\/10\/2CARI.jpg\" alt=\"\" class=\"wp-image-1064838\" srcset=\"https:\/\/dimensionturistica.com\/es\/wp-content\/uploads\/2025\/10\/2CARI.jpg 500w, https:\/\/dimensionturistica.com\/es\/wp-content\/uploads\/2025\/10\/2CARI-220x300.jpg 220w\" sizes=\"(max-width: 500px) 100vw, 500px\" \/><\/figure>\n<\/figure>\n\n\n\n<p>Nos alegra volver a colaborar con Madeja Jaja, quien dar\u00e1 un taller de tejido al crochet para crear escamas que luego se convertir\u00e1n en una pieza de exhibici\u00f3n.<\/p>\n\n\n\n<p>Tendremos flash tattoos a cargo de la ilustradora Mar\u00eda Conejo; piezas exclusivas que podr\u00e1n adquirirse y ser tatuadas por ella misma dentro de GSM.<\/p>\n\n\n\n<p>Y, como siempre, habr\u00e1 libros, fanzines, textiles, cer\u00e1mica y objetos de todo tipo.<\/p>\n\n\n\n<figure class=\"wp-block-gallery has-nested-images columns-default is-cropped wp-block-gallery-4 is-layout-flex wp-block-gallery-is-layout-flex\">\n<figure class=\"wp-block-image size-large\"><img decoding=\"async\" width=\"500\" height=\"333\" data-id=\"1064839\" src=\"https:\/\/dimensionturistica.com\/es\/wp-content\/uploads\/2025\/10\/4CARI.jpg\" alt=\"\" class=\"wp-image-1064839\" srcset=\"https:\/\/dimensionturistica.com\/es\/wp-content\/uploads\/2025\/10\/4CARI.jpg 500w, https:\/\/dimensionturistica.com\/es\/wp-content\/uploads\/2025\/10\/4CARI-300x200.jpg 300w\" sizes=\"(max-width: 500px) 100vw, 500px\" \/><\/figure>\n<\/figure>\n\n\n\n<p>Como cada a\u00f1o, las actividades educativas ser\u00e1n sin costo y con registro previo en https:\/\/gran.salon\/feria. La apertura de cupos para todas las actividades se ir\u00e1 comunicando en las redes sociales de la feria y a trav\u00e9s de nuestro mailing. Los artes promocionando cada actividad se ir\u00e1n agregando al press kit hacia finales de mes.<\/p>\n\n\n\n<figure class=\"wp-block-gallery has-nested-images columns-default is-cropped wp-block-gallery-5 is-layout-flex wp-block-gallery-is-layout-flex\">\n<figure class=\"wp-block-image size-large\"><img decoding=\"async\" width=\"500\" height=\"681\" data-id=\"1064840\" src=\"https:\/\/dimensionturistica.com\/es\/wp-content\/uploads\/2025\/10\/ARI.jpg\" alt=\"\" class=\"wp-image-1064840\" srcset=\"https:\/\/dimensionturistica.com\/es\/wp-content\/uploads\/2025\/10\/ARI.jpg 500w, https:\/\/dimensionturistica.com\/es\/wp-content\/uploads\/2025\/10\/ARI-220x300.jpg 220w\" sizes=\"(max-width: 500px) 100vw, 500px\" \/><\/figure>\n<\/figure>\n\n\n\n<p>La venta de obra, adem\u00e1s de presencial, tambi\u00e9n se har\u00e1 desde nuestra web, fomentando la compra y coleccionismo desde cualquier rinc\u00f3n del mundo, por lo que los env\u00edos ser\u00e1n tanto nacionales como internacionales.<\/p>\n\n\n\n<p>La lista completa de ilustradorxs participantes en GSM2025 es la siguiente:<\/p>\n\n\n\n<p>(por orden alfab\u00e9tico de nombre de pila)<\/p>\n\n\n\n<figure class=\"wp-block-gallery has-nested-images columns-default is-cropped wp-block-gallery-6 is-layout-flex wp-block-gallery-is-layout-flex\">\n<figure class=\"wp-block-image size-large\"><img decoding=\"async\" width=\"500\" height=\"333\" data-id=\"1064841\" src=\"https:\/\/dimensionturistica.com\/es\/wp-content\/uploads\/2025\/10\/3CARI.jpg\" alt=\"\" class=\"wp-image-1064841\" srcset=\"https:\/\/dimensionturistica.com\/es\/wp-content\/uploads\/2025\/10\/3CARI.jpg 500w, https:\/\/dimensionturistica.com\/es\/wp-content\/uploads\/2025\/10\/3CARI-300x200.jpg 300w\" sizes=\"(max-width: 500px) 100vw, 500px\" \/><\/figure>\n<\/figure>\n\n\n\n<p>@perrosconsueter, Aldo Jarillo, Amanda Mijangos, Armando Fonseca, Beto Petiches, Brenda Battaglia, Bruno Esp\u00ednola, Carlos Rodriguez, Elena Boils, Emilia Schettino, Gabino Azuela, Gibr\u00e1n Tur\u00f3n, Israpop, Iv\u00e1n Mayorqu\u00edn, Jimena Duval, Jimena Est\u00edbaliz, Manuel Bueno, Pamela Medina, Ra\u00fal Pardo, Rodol Pizano, RRRUBE, Viktor Torres<\/p>\n","protected":false},"excerpt":{"rendered":"<p>Del 7 al 9 de noviembre tendremos la d\u00e9cimosegunda edici\u00f3n de Gran Sal\u00f3n y este a\u00f1o recibiremos a Francisco Cunha como uno de los invitados internacionales. El ilustrador, artista y dise\u00f1ador gr\u00e1fico uruguayo visitar\u00e1 M\u00e9xico por primera vez, aunque es colaborador de GSM desde hace varios a\u00f1os, para exhibir su obra m\u00e1s reciente. Francisco ha [&hellip;]<\/p>\n","protected":false},"author":1,"featured_media":0,"comment_status":"open","ping_status":"closed","sticky":false,"template":"","format":"standard","meta":{"om_disable_all_campaigns":false,"jnews-multi-image_gallery":[],"jnews_single_post":[],"jnews_primary_category":[],"jnews_social_meta":[],"footnotes":""},"categories":[40],"tags":[],"class_list":["post-1064831","post","type-post","status-publish","format-standard","hentry","category-industria"],"_links":{"self":[{"href":"https:\/\/dimensionturistica.com\/es\/wp-json\/wp\/v2\/posts\/1064831","targetHints":{"allow":["GET"]}}],"collection":[{"href":"https:\/\/dimensionturistica.com\/es\/wp-json\/wp\/v2\/posts"}],"about":[{"href":"https:\/\/dimensionturistica.com\/es\/wp-json\/wp\/v2\/types\/post"}],"author":[{"embeddable":true,"href":"https:\/\/dimensionturistica.com\/es\/wp-json\/wp\/v2\/users\/1"}],"replies":[{"embeddable":true,"href":"https:\/\/dimensionturistica.com\/es\/wp-json\/wp\/v2\/comments?post=1064831"}],"version-history":[{"count":1,"href":"https:\/\/dimensionturistica.com\/es\/wp-json\/wp\/v2\/posts\/1064831\/revisions"}],"predecessor-version":[{"id":1064842,"href":"https:\/\/dimensionturistica.com\/es\/wp-json\/wp\/v2\/posts\/1064831\/revisions\/1064842"}],"wp:attachment":[{"href":"https:\/\/dimensionturistica.com\/es\/wp-json\/wp\/v2\/media?parent=1064831"}],"wp:term":[{"taxonomy":"category","embeddable":true,"href":"https:\/\/dimensionturistica.com\/es\/wp-json\/wp\/v2\/categories?post=1064831"},{"taxonomy":"post_tag","embeddable":true,"href":"https:\/\/dimensionturistica.com\/es\/wp-json\/wp\/v2\/tags?post=1064831"}],"curies":[{"name":"wp","href":"https:\/\/api.w.org\/{rel}","templated":true}]}}