{"id":106481,"date":"2021-04-02T08:27:38","date_gmt":"2021-04-02T08:27:38","guid":{"rendered":"https:\/\/dimensionturistica.com\/es\/?p=106481"},"modified":"2021-04-02T08:27:38","modified_gmt":"2021-04-02T08:27:38","slug":"sanidad-permite-transitar-entre-comunidades-para-ir-al-extranjero","status":"publish","type":"post","link":"https:\/\/dimensionturistica.com\/es\/sanidad-permite-transitar-entre-comunidades-para-ir-al-extranjero\/","title":{"rendered":"Sanidad permite transitar entre comunidades para ir al extranjero"},"content":{"rendered":"<p> <br \/>\n<\/p>\n<div id=\"TextoNoticia\">\n<p>El coronavirus ha provocado que las escapadas en los puentes festivos se hayan convertido en un rompecabezas. Esta Semana Santa no se puede ir a otras comunidades, seg\u00fan lo dictado por el Consejo Interterritorial de Salud, pero s\u00ed se puede viajar a otros pa\u00edses. La lenta y progresiva vuelta a la normalidad refuerza el ox\u00edmoron a golpe de paradoja, principalmente durante los d\u00edas festivos. <strong>Y ahora es el turismo el que vuelve a situarse en el ojo del hurac\u00e1n.<\/strong> Incluso se ha hablado de agravio comparativo, cuando las personas extranjeras pod\u00edan venir a Espa\u00f1a, pero los espa\u00f1oles no ir a otras\u00a0 comunidades. <strong>Los aragoneses no pueden ir a Soria o Navarra, a menos de dos horas de viaje, pero s\u00ed coger un vuelo a Bucarest.<\/strong><\/p>\n<p>&#13;<\/p>\n<p>O la controversia con los franceses, a los que ahora se les obliga a tener una PCR negativa, incluso si vienen por carretera. Sea como fuere, <strong>existe la posibilidad de tr\u00e1nsito entre comunidades si es imprescindible para volar a pa\u00edses extranjeros<\/strong>, siempre y cuando se encuentren dentro del tratado Schengen, seg\u00fan explica el presidente de la Asociaci\u00f3n de Agencias de Viajes de Arag\u00f3n, Jorge Moncada. Se trata de una resoluci\u00f3n del Ministerio de Sanidad el pasado martes, a trav\u00e9s de la Direcci\u00f3n Common de Salud P\u00fablica, en <strong>respuesta a una consulta formulada por la Confederaci\u00f3n Espa\u00f1ola de Agencias de Viajes (CEAV)<\/strong>.<\/p>\n<p>&#13;<\/p>\n<p>Sanidad afirma que la salida del territorio de Espa\u00f1a, tanto de espa\u00f1oles como de los extranjeros que se encuentren en el territorio nacional, est\u00e1 <strong>condicionada \u00fanicamente a las limitaciones o restricciones establecidas por los pa\u00edses de destino<\/strong>. Por tanto, se podr\u00e1 evitar los confinamientos perimetrales siempre y cuando se vaya a coger un transporte para llegar al extranjero.<\/p>\n<p>&#13;<\/p>\n<p>En cualquier caso, la situaci\u00f3n ha hecho llevarse las manos a la cabeza al sector, que atraviesa un duro momento econ\u00f3mico por la disaster sanitaria y ha tenido que cancelar proposiciones tur\u00edsticas a sus clientes por las restricciones de movilidad. \u00abSanidad ha dicho que cualquier persona de una comunidad que quiera ir a otra comunidad para coger un vuelo e ir al extranjero, puede hacerlo sin ning\u00fan problema porque se considera que va de tr\u00e1nsito. <strong>Se nos ha quedado cara de tontos<\/strong> porque hemos dicho a muchos clientes que no se pod\u00eda y hemos dejado de vender muchos viajes\u00bb, lamenta Moncada.<\/p>\n<p>&#13;<\/p>\n<p>\u00abHa habido mucha gente esta Semana Santa que le hemos tenido que decir que no pod\u00eda viajar, y las agencias de viaje tienen un gran problema con la indecisi\u00f3n de las autoridades\u00bb, recalca. Todo ello ahonda en la brecha econ\u00f3mica de estos negocios aragoneses, de los cuales el <strong>30% ha cerrado ya este \u00faltimo a\u00f1o y se prev\u00e9 que otro 20% tambi\u00e9n eche la persiana<\/strong>. Sin embargo, esto tambi\u00e9n ha favorecido el turismo native. Las zonas de la comunidad de mayor frecuencia tur\u00edstica ordinary se han llenado. \u00abCon respecto al puente, es l\u00f3gico que nos hemos limitado a nuestra comunidad ya que estamos cerrados perimetralmente. <strong>Se ha llenado tanto el Pirineo como la zona de Teruel<\/strong>, la zona del Somontano, y tambi\u00e9n la provincia de Zaragoza. Los hoteleros est\u00e1n de enhorabuena\u00bb, expresa el presidente de las agencias de viajes aragonesas.<\/p>\n<p>&#13;<\/p>\n<p>Mientras tanto, el aeropuerto de Zaragoza tambi\u00e9n sufre las consecuencias del covid. <strong>Apenas 12 vuelos programados en el Aeropuerto de Zaragoza durante Semana Santa,<\/strong> con especial tr\u00e1fico este pr\u00f3ximo 5 de abril (tres llegadas y tres salidas), seg\u00fan informan desde Aena. Entre los vuelos de estos d\u00edas, hab\u00eda programados: uno el pasado mi\u00e9rcoles a Gran Canaria; uno hoy a Bucarest; uno el domingo destino Tenerife operado por la compa\u00f1\u00eda Vueling, y seis el lunes, con destino a Gran Canaria, Bucarest y Palma de Mallorca, informa la empresa.<\/p>\n<p><span><br \/>\n\t\t<\/span><\/div>\n<p><script async defer src=\"https:\/\/connect.facebook.net\/es_ES\/sdk.js\"><\/script><br \/>\n<br \/><\/p>\n<p><em> &#8221; Fuentes www.elperiodicodearagon.com &#8221; <\/em><\/p>\n","protected":false},"excerpt":{"rendered":"<p>El coronavirus ha provocado que las escapadas en los puentes festivos se hayan convertido en un rompecabezas. Esta Semana Santa no se puede ir a otras comunidades, seg\u00fan lo dictado por el Consejo Interterritorial de Salud, pero s\u00ed se puede viajar a otros pa\u00edses. La lenta y progresiva vuelta a la normalidad refuerza el ox\u00edmoron [&hellip;]<\/p>\n","protected":false},"author":4,"featured_media":106482,"comment_status":"open","ping_status":"closed","sticky":false,"template":"","format":"standard","meta":{"om_disable_all_campaigns":false,"jnews-multi-image_gallery":[],"jnews_single_post":[],"jnews_primary_category":[],"jnews_social_meta":[],"footnotes":""},"categories":[40],"tags":[6328],"class_list":["post-106481","post","type-post","status-publish","format-standard","has-post-thumbnail","hentry","category-industria","tag-aragon"],"_links":{"self":[{"href":"https:\/\/dimensionturistica.com\/es\/wp-json\/wp\/v2\/posts\/106481","targetHints":{"allow":["GET"]}}],"collection":[{"href":"https:\/\/dimensionturistica.com\/es\/wp-json\/wp\/v2\/posts"}],"about":[{"href":"https:\/\/dimensionturistica.com\/es\/wp-json\/wp\/v2\/types\/post"}],"author":[{"embeddable":true,"href":"https:\/\/dimensionturistica.com\/es\/wp-json\/wp\/v2\/users\/4"}],"replies":[{"embeddable":true,"href":"https:\/\/dimensionturistica.com\/es\/wp-json\/wp\/v2\/comments?post=106481"}],"version-history":[{"count":0,"href":"https:\/\/dimensionturistica.com\/es\/wp-json\/wp\/v2\/posts\/106481\/revisions"}],"wp:featuredmedia":[{"embeddable":true,"href":"https:\/\/dimensionturistica.com\/es\/wp-json\/wp\/v2\/media\/106482"}],"wp:attachment":[{"href":"https:\/\/dimensionturistica.com\/es\/wp-json\/wp\/v2\/media?parent=106481"}],"wp:term":[{"taxonomy":"category","embeddable":true,"href":"https:\/\/dimensionturistica.com\/es\/wp-json\/wp\/v2\/categories?post=106481"},{"taxonomy":"post_tag","embeddable":true,"href":"https:\/\/dimensionturistica.com\/es\/wp-json\/wp\/v2\/tags?post=106481"}],"curies":[{"name":"wp","href":"https:\/\/api.w.org\/{rel}","templated":true}]}}