{"id":1064562,"date":"2025-10-21T22:03:39","date_gmt":"2025-10-21T22:03:39","guid":{"rendered":"https:\/\/dimensionturistica.com\/es\/?p=1064562"},"modified":"2025-10-21T22:03:39","modified_gmt":"2025-10-21T22:03:39","slug":"aeromexico-inauguro-la-nueva-bahia-de-check-in-en-la-terminal-2-del-aeropuerto-internacional-de-la-ciudad-de-mexico","status":"publish","type":"post","link":"https:\/\/dimensionturistica.com\/es\/aeromexico-inauguro-la-nueva-bahia-de-check-in-en-la-terminal-2-del-aeropuerto-internacional-de-la-ciudad-de-mexico\/","title":{"rendered":"Aerom\u00e9xico inaugur\u00f3 la nueva bah\u00eda de Check-In en la Terminal 2 del Aeropuerto Internacional de la Ciudad de M\u00e9xico"},"content":{"rendered":"\n<figure class=\"wp-block-gallery has-nested-images columns-default is-cropped wp-block-gallery-1 is-layout-flex wp-block-gallery-is-layout-flex\">\n<figure class=\"wp-block-image size-large\"><img decoding=\"async\" width=\"500\" height=\"116\" data-id=\"1064563\" src=\"https:\/\/dimensionturistica.com\/es\/wp-content\/uploads\/2025\/10\/7AERO.jpg\" alt=\"\" class=\"wp-image-1064563\" srcset=\"https:\/\/dimensionturistica.com\/es\/wp-content\/uploads\/2025\/10\/7AERO.jpg 500w, https:\/\/dimensionturistica.com\/es\/wp-content\/uploads\/2025\/10\/7AERO-300x70.jpg 300w\" sizes=\"(max-width: 500px) 100vw, 500px\" \/><\/figure>\n<\/figure>\n\n\n\n<p>Aerom\u00e9xico inaugur\u00f3 la nueva bah\u00eda de Check-In en la Terminal 2 del Aeropuerto Internacional de la Ciudad de M\u00e9xico (AICM), reforzando su compromiso de transformar cada etapa del viaje en una experiencia extraordinaria para sus clientes.<\/p>\n\n\n\n<p>Este espacio ha sido dise\u00f1ado para ofrecer mayor privacidad y comodidad para los viajeros Premier One y miembros SkyTeam, con la hospitalidad premium que caracteriza a la aerol\u00ednea. &nbsp;<\/p>\n\n\n\n<figure class=\"wp-block-gallery has-nested-images columns-default is-cropped wp-block-gallery-2 is-layout-flex wp-block-gallery-is-layout-flex\">\n<figure class=\"wp-block-image size-large\"><img decoding=\"async\" width=\"500\" height=\"333\" data-id=\"1064564\" src=\"https:\/\/dimensionturistica.com\/es\/wp-content\/uploads\/2025\/10\/1AERO.jpg\" alt=\"\" class=\"wp-image-1064564\" srcset=\"https:\/\/dimensionturistica.com\/es\/wp-content\/uploads\/2025\/10\/1AERO.jpg 500w, https:\/\/dimensionturistica.com\/es\/wp-content\/uploads\/2025\/10\/1AERO-300x200.jpg 300w\" sizes=\"(max-width: 500px) 100vw, 500px\" \/><\/figure>\n<\/figure>\n\n\n\n<p>Entre los principales atributos que podr\u00e1n disfrutar los pasajeros destacan:<\/p>\n\n\n\n<p>Espacios accesibles para todo tipo de pasajeros<\/p>\n\n\n\n<p>Nuevos mostradores individuales<\/p>\n\n\n\n<p>Mejoras en est\u00e9tica, ac\u00fastica e iluminaci\u00f3n<\/p>\n\n\n\n<p>Nuevas pantallas y se\u00f1alizaci\u00f3n digital<\/p>\n\n\n\n<p>Kioscos digitales para realizar procesos de forma \u00e1gil y c\u00f3moda<\/p>\n\n\n\n<p>Nuevas amenidades como zona de espera y servicio de caf\u00e9<\/p>\n\n\n\n<figure class=\"wp-block-gallery has-nested-images columns-default is-cropped wp-block-gallery-3 is-layout-flex wp-block-gallery-is-layout-flex\">\n<figure class=\"wp-block-image size-large\"><img decoding=\"async\" width=\"500\" height=\"333\" data-id=\"1064565\" src=\"https:\/\/dimensionturistica.com\/es\/wp-content\/uploads\/2025\/10\/2AERO.jpg\" alt=\"\" class=\"wp-image-1064565\" srcset=\"https:\/\/dimensionturistica.com\/es\/wp-content\/uploads\/2025\/10\/2AERO.jpg 500w, https:\/\/dimensionturistica.com\/es\/wp-content\/uploads\/2025\/10\/2AERO-300x200.jpg 300w\" sizes=\"(max-width: 500px) 100vw, 500px\" \/><\/figure>\n<\/figure>\n\n\n\n<p>La presentaci\u00f3n de este espacio representa la primera fase de una serie de remodelaciones que Aerom\u00e9xico realizar\u00e1, en colaboraci\u00f3n con el AICM, para mejorar la experiencia de check-in en la Terminal 2, que se espera concluir a finales del a\u00f1o 2026 y abarcar\u00e1 todas las bah\u00edas.<\/p>\n\n\n\n<p>Durante la inauguraci\u00f3n, Andr\u00e9s Casta\u00f1eda, Vicepresidente Ejecutivo de Digital y Experiencia al Cliente coment\u00f3:<\/p>\n\n\n\n<p>\u201cGracias a este proyecto, esperamos generar un impacto positivo en el indicador que mide la satisfacci\u00f3n y lealtad de nuestros clientes, al mismo tiempo que nos preparamos para recibir a millones de viajeros que llegar\u00e1n a nuestro pa\u00eds para la celebraci\u00f3n del Mundial 2026. Con ello, elevamos la experiencia de nuestros pasajeros Premier One y socios SkyTeam, llevando los conceptos de hospitalidad y servicio de calidad a lo m\u00e1s alto.\u201d<\/p>\n\n\n\n<p>As\u00ed mismo, Santiago Diago, Vicepresidente Ejecutivo de Operaciones agreg\u00f3:<\/p>\n\n\n\n<figure class=\"wp-block-gallery has-nested-images columns-default is-cropped wp-block-gallery-4 is-layout-flex wp-block-gallery-is-layout-flex\">\n<figure class=\"wp-block-image size-large\"><img decoding=\"async\" width=\"500\" height=\"333\" data-id=\"1064566\" src=\"https:\/\/dimensionturistica.com\/es\/wp-content\/uploads\/2025\/10\/4AERO.jpg\" alt=\"\" class=\"wp-image-1064566\" srcset=\"https:\/\/dimensionturistica.com\/es\/wp-content\/uploads\/2025\/10\/4AERO.jpg 500w, https:\/\/dimensionturistica.com\/es\/wp-content\/uploads\/2025\/10\/4AERO-300x200.jpg 300w\" sizes=\"(max-width: 500px) 100vw, 500px\" \/><\/figure>\n<\/figure>\n\n\n\n<p>\u201cA trav\u00e9s de la implementaci\u00f3n de este espacio, mejoraremos los tiempos de procesamiento y atenci\u00f3n para cada viajero. Adem\u00e1s, ofreceremos mayor privacidad en cada transacci\u00f3n, as\u00ed como mejores flujos dentro de la bah\u00eda. Contar con inversiones tan significativas suma a los esfuerzos que realizamos todos los d\u00edas para garantizar la eficiencia operativa y llevar a nuestros clientes a tiempo al destino que han seleccionado. \u201c<\/p>\n\n\n\n<p>Con la apertura de esta nueva bah\u00eda, Aerom\u00e9xico contin\u00faa consolidando su posici\u00f3n como referente en innovaci\u00f3n dentro la industria a\u00e9rea, ofreciendo experiencias premium para sus clientes.<\/p>\n","protected":false},"excerpt":{"rendered":"<p>Aerom\u00e9xico inaugur\u00f3 la nueva bah\u00eda de Check-In en la Terminal 2 del Aeropuerto Internacional de la Ciudad de M\u00e9xico (AICM), reforzando su compromiso de transformar cada etapa del viaje en una experiencia extraordinaria para sus clientes. Este espacio ha sido dise\u00f1ado para ofrecer mayor privacidad y comodidad para los viajeros Premier One y miembros SkyTeam, [&hellip;]<\/p>\n","protected":false},"author":1,"featured_media":0,"comment_status":"open","ping_status":"closed","sticky":false,"template":"","format":"standard","meta":{"om_disable_all_campaigns":false,"jnews-multi-image_gallery":[],"jnews_single_post":[],"jnews_primary_category":[],"jnews_social_meta":[],"footnotes":""},"categories":[39],"tags":[],"class_list":["post-1064562","post","type-post","status-publish","format-standard","hentry","category-viajes"],"_links":{"self":[{"href":"https:\/\/dimensionturistica.com\/es\/wp-json\/wp\/v2\/posts\/1064562","targetHints":{"allow":["GET"]}}],"collection":[{"href":"https:\/\/dimensionturistica.com\/es\/wp-json\/wp\/v2\/posts"}],"about":[{"href":"https:\/\/dimensionturistica.com\/es\/wp-json\/wp\/v2\/types\/post"}],"author":[{"embeddable":true,"href":"https:\/\/dimensionturistica.com\/es\/wp-json\/wp\/v2\/users\/1"}],"replies":[{"embeddable":true,"href":"https:\/\/dimensionturistica.com\/es\/wp-json\/wp\/v2\/comments?post=1064562"}],"version-history":[{"count":1,"href":"https:\/\/dimensionturistica.com\/es\/wp-json\/wp\/v2\/posts\/1064562\/revisions"}],"predecessor-version":[{"id":1064567,"href":"https:\/\/dimensionturistica.com\/es\/wp-json\/wp\/v2\/posts\/1064562\/revisions\/1064567"}],"wp:attachment":[{"href":"https:\/\/dimensionturistica.com\/es\/wp-json\/wp\/v2\/media?parent=1064562"}],"wp:term":[{"taxonomy":"category","embeddable":true,"href":"https:\/\/dimensionturistica.com\/es\/wp-json\/wp\/v2\/categories?post=1064562"},{"taxonomy":"post_tag","embeddable":true,"href":"https:\/\/dimensionturistica.com\/es\/wp-json\/wp\/v2\/tags?post=1064562"}],"curies":[{"name":"wp","href":"https:\/\/api.w.org\/{rel}","templated":true}]}}