{"id":1064551,"date":"2025-10-21T21:41:57","date_gmt":"2025-10-21T21:41:57","guid":{"rendered":"https:\/\/dimensionturistica.com\/es\/?p=1064551"},"modified":"2025-10-21T21:41:57","modified_gmt":"2025-10-21T21:41:57","slug":"calaverandia-espectaculo-inmersivo-que-resalta-la-cultura-mexicana-del-dia-de-muertos","status":"publish","type":"post","link":"https:\/\/dimensionturistica.com\/es\/calaverandia-espectaculo-inmersivo-que-resalta-la-cultura-mexicana-del-dia-de-muertos\/","title":{"rendered":"Calaverandia, espect\u00e1culo inmersivo que resalta la cultura mexicana del D\u00eda de Muertos"},"content":{"rendered":"\n<figure class=\"wp-block-gallery has-nested-images columns-default is-cropped wp-block-gallery-1 is-layout-flex wp-block-gallery-is-layout-flex\">\n<figure class=\"wp-block-image size-large\"><img decoding=\"async\" width=\"500\" height=\"223\" data-id=\"1064552\" src=\"https:\/\/dimensionturistica.com\/es\/wp-content\/uploads\/2025\/10\/1GUADA.jpg\" alt=\"\" class=\"wp-image-1064552\" srcset=\"https:\/\/dimensionturistica.com\/es\/wp-content\/uploads\/2025\/10\/1GUADA.jpg 500w, https:\/\/dimensionturistica.com\/es\/wp-content\/uploads\/2025\/10\/1GUADA-300x134.jpg 300w\" sizes=\"(max-width: 500px) 100vw, 500px\" \/><\/figure>\n<\/figure>\n\n\n\n<p>Ofrecer\u00e1 m\u00e1s de 30 actividades y atracciones llenas de tecnolog\u00eda que trasladar\u00e1n a todos sus visitantes al inframundo, adem\u00e1s de degustar de una amplia gastron\u00f3mica y m\u00fasica en vivo a cargo de mariachis.<\/p>\n\n\n\n<p>Por sexto a\u00f1o consecutivo, Guadalajara ser\u00e1 escenario del parque tem\u00e1tico m\u00e1s importante del D\u00eda de Muerto en M\u00e9xico, Calaverandia, el cual estar\u00e1 del 22 de octubre al 9 de noviembre en el Parque \u00c1vila Camacho y traer\u00e1 m\u00e1s de 30 actividades y atracciones inmersivas con alta tecnolog\u00eda resaltando en cada una las tradiciones mexicanas.<\/p>\n\n\n\n<p>Durante m\u00e1s de dos semanas, tanto turistas y locales tendr\u00e1n la oportunidad de disfrutar y vivir de manera diferente y divertida el culto a la muerte a trav\u00e9s de juegos interactivos, instalaciones art\u00edsticas, photomoments, performances, adem\u00e1s hallar\u00e1n personajes caracterizados y atracciones como un cementerio y un enorme altar de muertos con una altura aproximada de 14 metros donde no querr\u00e1n dejar de capturarlo a trav\u00e9s de fotograf\u00edas.<\/p>\n\n\n\n<figure class=\"wp-block-gallery has-nested-images columns-default is-cropped wp-block-gallery-2 is-layout-flex wp-block-gallery-is-layout-flex\">\n<figure class=\"wp-block-image size-large\"><img decoding=\"async\" width=\"500\" height=\"333\" data-id=\"1064553\" src=\"https:\/\/dimensionturistica.com\/es\/wp-content\/uploads\/2025\/10\/3GUADA.jpg\" alt=\"\" class=\"wp-image-1064553\" srcset=\"https:\/\/dimensionturistica.com\/es\/wp-content\/uploads\/2025\/10\/3GUADA.jpg 500w, https:\/\/dimensionturistica.com\/es\/wp-content\/uploads\/2025\/10\/3GUADA-300x200.jpg 300w\" sizes=\"(max-width: 500px) 100vw, 500px\" \/><\/figure>\n<\/figure>\n\n\n\n<p>Tambi\u00e9n los asistentes gozar\u00e1n de espect\u00e1culos inmersivos multisensoriales como: \u201cAlma\u201d, se lleva a cabo en el lago y a trav\u00e9s de la tecnolog\u00eda 4D y la magia de los efectos especiales combinando m\u00fasica e iluminaci\u00f3n narra la historia de nuestras festividades del D\u00eda de Muertos destacando nuestra cultura; \u201cComparsa\u201d, es un show itinerante que recorre todo el parque y muestra los siete pecados capitales uniendo baile, acrobacia y fuego; \u201cTA\u00dc\u201d, obra de teatro que une luces y sonidos para contar c\u00f3mo el amor y los recuerdos trascienden con el tiempo; \u201cEl Limbo\u201d, espacio donde las personas se podr\u00e1n caracterizar y pintarse la cara, los brazos o manos con colores vibrantes y tomar bebidas en color ne\u00f3n; \u201cEl Inframundo\u201d, te transportar\u00e1 a tiempos ancestrales viajando por la \u00e9poca del Mictl\u00e1n; \u201cEl Omitl\u00e1n\u201d, es la simulaci\u00f3n de un espeluznante pueblo, los visitantes descubrir\u00e1n casas hechas de huesos y mucha diversi\u00f3n como una resbaladilla larga y una alberca llena de pelotas.<\/p>\n\n\n\n<figure class=\"wp-block-gallery has-nested-images columns-default is-cropped wp-block-gallery-3 is-layout-flex wp-block-gallery-is-layout-flex\">\n<figure class=\"wp-block-image size-large\"><img decoding=\"async\" width=\"500\" height=\"334\" data-id=\"1064554\" src=\"https:\/\/dimensionturistica.com\/es\/wp-content\/uploads\/2025\/10\/6GUADA.jpg\" alt=\"\" class=\"wp-image-1064554\" srcset=\"https:\/\/dimensionturistica.com\/es\/wp-content\/uploads\/2025\/10\/6GUADA.jpg 500w, https:\/\/dimensionturistica.com\/es\/wp-content\/uploads\/2025\/10\/6GUADA-300x200.jpg 300w\" sizes=\"(max-width: 500px) 100vw, 500px\" \/><\/figure>\n<\/figure>\n\n\n\n<p>En el parque tambi\u00e9n deleitar\u00e1n de una gran oferta gastron\u00f3mica, entre la que destacan: chamorro, tacos de arrachera o de al pastor acompa\u00f1ado de una bebida deliciosa, por ejemplo el tejuino o chocolate caliente y de postre no se resistir\u00e1n al exquisito pan de muerto, calaveritas de chocolate o de dulce, palomitas de ma\u00edz, entre otros m\u00e1s, mientras se escucha el mariachi en vivo de fondo.<\/p>\n\n\n\n<figure class=\"wp-block-gallery has-nested-images columns-default is-cropped wp-block-gallery-4 is-layout-flex wp-block-gallery-is-layout-flex\">\n<figure class=\"wp-block-image size-large\"><img decoding=\"async\" width=\"500\" height=\"374\" data-id=\"1064555\" src=\"https:\/\/dimensionturistica.com\/es\/wp-content\/uploads\/2025\/10\/7GUADA.jpg\" alt=\"\" class=\"wp-image-1064555\" srcset=\"https:\/\/dimensionturistica.com\/es\/wp-content\/uploads\/2025\/10\/7GUADA.jpg 500w, https:\/\/dimensionturistica.com\/es\/wp-content\/uploads\/2025\/10\/7GUADA-300x224.jpg 300w\" sizes=\"(max-width: 500px) 100vw, 500px\" \/><\/figure>\n<\/figure>\n\n\n\n<p>Calaverandia m\u00e1s que un parque tem\u00e1tico con diversos espect\u00e1culos es un espacio donde los mexicanos enaltecemos nuestra identidad, tradiciones y cultura, recordando a nuestros seres queridos trascendidos, donde el aroma a copal, el papel picado, las flores de cempas\u00fachil y personas caracterizadas de catrina, diablito, bruja, esqueleto, momia, entre otras no podr\u00e1n faltar.<\/p>\n\n\n\n<p>Este lugar est\u00e1 pensado para pasar en familia y con amigos, por lo que te recomendamos venir con la mejor actitud ya que las risas y la diversi\u00f3n ser\u00e1n el centro de la experiencia. Sugerimos que al venir a la Perla Tapat\u00eda recorran su centro hist\u00f3rico en una calandria y visiten  la Catedral Metropolitana, el Templo Expiatorio, el Instituto Cultural Caba\u00f1as, el Teatro Degollado, el Bosque Los Colomos rodeado de naturaleza, el Acuario Michin, y buscas algo de comer en la colonia Americana puedes encontrar una gran variedad de restaurantes y bares con un amplia oferta gastron\u00f3mica. \u00a1Ven a vivir nuestras tradiciones!<\/p>\n\n\n\n<figure class=\"wp-block-gallery has-nested-images columns-default is-cropped wp-block-gallery-5 is-layout-flex wp-block-gallery-is-layout-flex\">\n<figure class=\"wp-block-image size-large\"><img decoding=\"async\" width=\"500\" height=\"330\" data-id=\"1064556\" src=\"https:\/\/dimensionturistica.com\/es\/wp-content\/uploads\/2025\/10\/8GUADA.jpg\" alt=\"\" class=\"wp-image-1064556\" srcset=\"https:\/\/dimensionturistica.com\/es\/wp-content\/uploads\/2025\/10\/8GUADA.jpg 500w, https:\/\/dimensionturistica.com\/es\/wp-content\/uploads\/2025\/10\/8GUADA-300x198.jpg 300w\" sizes=\"(max-width: 500px) 100vw, 500px\" \/><\/figure>\n<\/figure>\n\n\n\n<p>Para mayor informaci\u00f3n:<\/p>\n","protected":false},"excerpt":{"rendered":"<p>Ofrecer\u00e1 m\u00e1s de 30 actividades y atracciones llenas de tecnolog\u00eda que trasladar\u00e1n a todos sus visitantes al inframundo, adem\u00e1s de degustar de una amplia gastron\u00f3mica y m\u00fasica en vivo a cargo de mariachis. Por sexto a\u00f1o consecutivo, Guadalajara ser\u00e1 escenario del parque tem\u00e1tico m\u00e1s importante del D\u00eda de Muerto en M\u00e9xico, Calaverandia, el cual estar\u00e1 [&hellip;]<\/p>\n","protected":false},"author":1,"featured_media":0,"comment_status":"open","ping_status":"closed","sticky":false,"template":"","format":"standard","meta":{"om_disable_all_campaigns":false,"jnews-multi-image_gallery":[],"jnews_single_post":[],"jnews_primary_category":[],"jnews_social_meta":[],"footnotes":""},"categories":[39],"tags":[],"class_list":["post-1064551","post","type-post","status-publish","format-standard","hentry","category-viajes"],"_links":{"self":[{"href":"https:\/\/dimensionturistica.com\/es\/wp-json\/wp\/v2\/posts\/1064551","targetHints":{"allow":["GET"]}}],"collection":[{"href":"https:\/\/dimensionturistica.com\/es\/wp-json\/wp\/v2\/posts"}],"about":[{"href":"https:\/\/dimensionturistica.com\/es\/wp-json\/wp\/v2\/types\/post"}],"author":[{"embeddable":true,"href":"https:\/\/dimensionturistica.com\/es\/wp-json\/wp\/v2\/users\/1"}],"replies":[{"embeddable":true,"href":"https:\/\/dimensionturistica.com\/es\/wp-json\/wp\/v2\/comments?post=1064551"}],"version-history":[{"count":1,"href":"https:\/\/dimensionturistica.com\/es\/wp-json\/wp\/v2\/posts\/1064551\/revisions"}],"predecessor-version":[{"id":1064557,"href":"https:\/\/dimensionturistica.com\/es\/wp-json\/wp\/v2\/posts\/1064551\/revisions\/1064557"}],"wp:attachment":[{"href":"https:\/\/dimensionturistica.com\/es\/wp-json\/wp\/v2\/media?parent=1064551"}],"wp:term":[{"taxonomy":"category","embeddable":true,"href":"https:\/\/dimensionturistica.com\/es\/wp-json\/wp\/v2\/categories?post=1064551"},{"taxonomy":"post_tag","embeddable":true,"href":"https:\/\/dimensionturistica.com\/es\/wp-json\/wp\/v2\/tags?post=1064551"}],"curies":[{"name":"wp","href":"https:\/\/api.w.org\/{rel}","templated":true}]}}