{"id":1064510,"date":"2025-10-21T20:18:30","date_gmt":"2025-10-21T20:18:30","guid":{"rendered":"https:\/\/dimensionturistica.com\/es\/?p=1064510"},"modified":"2025-10-21T20:18:30","modified_gmt":"2025-10-21T20:18:30","slug":"morelos-con-su-gastronomia-sera-el-sabor-que-une-a-mexico-en-el-x-foro-mundial-de-la-gastronomia-mexicana","status":"publish","type":"post","link":"https:\/\/dimensionturistica.com\/es\/morelos-con-su-gastronomia-sera-el-sabor-que-une-a-mexico-en-el-x-foro-mundial-de-la-gastronomia-mexicana\/","title":{"rendered":"\u00a0Morelos con su gastronom\u00eda sera el sabor que une a M\u00e9xico en el X Foro Mundial de la Gastronom\u00eda Mexicana"},"content":{"rendered":"\n<figure class=\"wp-block-gallery has-nested-images columns-default is-cropped wp-block-gallery-1 is-layout-flex wp-block-gallery-is-layout-flex\">\n<figure class=\"wp-block-image size-large\"><img decoding=\"async\" width=\"500\" height=\"139\" data-id=\"1064511\" src=\"https:\/\/dimensionturistica.com\/es\/wp-content\/uploads\/2025\/10\/1gast.jpg\" alt=\"\" class=\"wp-image-1064511\" srcset=\"https:\/\/dimensionturistica.com\/es\/wp-content\/uploads\/2025\/10\/1gast.jpg 500w, https:\/\/dimensionturistica.com\/es\/wp-content\/uploads\/2025\/10\/1gast-300x83.jpg 300w\" sizes=\"(max-width: 500px) 100vw, 500px\" \/><\/figure>\n<\/figure>\n\n\n\n<p>La gobernadora Margarita Gonz\u00e1lez Saravia y la secretaria de Turismo del Gobierno de M\u00e9xico, Josefina Rodr\u00edguez Zamora, anunciaron que el estado de Morelos ser\u00e1 sede del X Foro Mundial de la Gastronom\u00eda Mexicana, que se llevar\u00e1 a cabo del 7 al 9 de noviembre en el Centro Cultural Jard\u00edn Borda y la Plaza General Emiliano Zapata Salazar, en la ciudad de Cuernavaca.<\/p>\n\n\n\n<figure class=\"wp-block-gallery has-nested-images columns-default is-cropped wp-block-gallery-2 is-layout-flex wp-block-gallery-is-layout-flex\">\n<figure class=\"wp-block-image size-large\"><img decoding=\"async\" width=\"500\" height=\"333\" data-id=\"1064512\" src=\"https:\/\/dimensionturistica.com\/es\/wp-content\/uploads\/2025\/10\/2gast.jpg\" alt=\"\" class=\"wp-image-1064512\" srcset=\"https:\/\/dimensionturistica.com\/es\/wp-content\/uploads\/2025\/10\/2gast.jpg 500w, https:\/\/dimensionturistica.com\/es\/wp-content\/uploads\/2025\/10\/2gast-300x200.jpg 300w\" sizes=\"(max-width: 500px) 100vw, 500px\" \/><\/figure>\n<\/figure>\n\n\n\n<p>En conferencia de prensa, destacaron que esta d\u00e9cima edici\u00f3n coincide con el 15 aniversario del reconocimiento de la cocina mexicana como Patrimonio Cultural Inmaterial de la Humanidad por la UNESCO. El evento reunir\u00e1 a chefs, cocineras tradicionales, productores, artesanos, acad\u00e9micos y especialistas de todo el pa\u00eds, adem\u00e1s de delegaciones invitadas de Espa\u00f1a, Italia, Estados Unidos y del continente asi\u00e1tico.<\/p>\n\n\n\n<p>La titular del Poder Ejecutivo estatal record\u00f3 que esta actividad forma parte de la agenda cultural y tur\u00edstica \u201cXochicalco, Tierra de Encuentros\u201d, lo que fortalece la proyecci\u00f3n nacional e internacional de Morelos, adem\u00e1s de generar una importante derrama econ\u00f3mica para los prestadores de servicios locales.<\/p>\n\n\n\n<figure class=\"wp-block-gallery has-nested-images columns-default is-cropped wp-block-gallery-3 is-layout-flex wp-block-gallery-is-layout-flex\">\n<figure class=\"wp-block-image size-large\"><img decoding=\"async\" width=\"500\" height=\"324\" data-id=\"1064513\" src=\"https:\/\/dimensionturistica.com\/es\/wp-content\/uploads\/2025\/10\/4GAST.jpg\" alt=\"\" class=\"wp-image-1064513\" srcset=\"https:\/\/dimensionturistica.com\/es\/wp-content\/uploads\/2025\/10\/4GAST.jpg 500w, https:\/\/dimensionturistica.com\/es\/wp-content\/uploads\/2025\/10\/4GAST-300x194.jpg 300w\" sizes=\"(max-width: 500px) 100vw, 500px\" \/><\/figure>\n<\/figure>\n\n\n\n<p>\u201cQuiero resaltar que los gobiernos debemos ocuparnos en conservar los elementos de la gastronom\u00eda tradicional. Por eso nos enorgullece que el X Foro Mundial de la Gastronom\u00eda Mexicana se realice en nuestro estado; invitamos a todas y todos a visitar Morelos\u201d, expres\u00f3 la mandataria estatal.<\/p>\n\n\n\n<p>Josefina Rodr\u00edguez Zamora reconoci\u00f3 el trabajo realizado durante el primer a\u00f1o de gobierno de Margarita Gonz\u00e1lez Saravia, al destacar que Morelos es la primera entidad del pa\u00eds en crear una Direcci\u00f3n de Turismo Comunitario.<\/p>\n\n\n\n<p>\u201cTener en Morelos este foro abre las puertas a un panorama de 30 mil expositores, m\u00e1s de 100 chefs y participantes de todos los estados, adem\u00e1s de pa\u00edses invitados. Y tiene un ingrediente secreto: Michoac\u00e1n como invitado especial. Los invitamos a disfrutar la gastronom\u00eda y las distintas fusiones que se presentar\u00e1n\u201d, subray\u00f3.<\/p>\n\n\n\n<figure class=\"wp-block-gallery has-nested-images columns-default is-cropped wp-block-gallery-4 is-layout-flex wp-block-gallery-is-layout-flex\">\n<figure class=\"wp-block-image size-large\"><img decoding=\"async\" width=\"500\" height=\"333\" data-id=\"1064514\" src=\"https:\/\/dimensionturistica.com\/es\/wp-content\/uploads\/2025\/10\/3gast.jpg\" alt=\"\" class=\"wp-image-1064514\" srcset=\"https:\/\/dimensionturistica.com\/es\/wp-content\/uploads\/2025\/10\/3gast.jpg 500w, https:\/\/dimensionturistica.com\/es\/wp-content\/uploads\/2025\/10\/3gast-300x200.jpg 300w\" sizes=\"(max-width: 500px) 100vw, 500px\" \/><\/figure>\n<\/figure>\n\n\n\n<p>Daniel Altafi Valladares, secretario de Turismo de Morelos, inform\u00f3 que el Foro incluir\u00e1 conferencias magistrales, mesas redondas, experiencias culinarias y encuentros entre culturas, donde se resaltar\u00e1 la riqueza de las cocinas tradicionales y su v\u00ednculo con el territorio, la biodiversidad y la identidad cultural. Adem\u00e1s, se presentar\u00e1n productos emblem\u00e1ticos de \u201cLa Primavera de M\u00e9xico\u201d, como el arroz, ca\u00f1a de az\u00facar, mezcal y cecina de Yecapixtla.<\/p>\n\n\n\n<p>En esta ocasi\u00f3n, Michoac\u00e1n participar\u00e1 como regi\u00f3n protagonista, por su afinidad con Morelos en el cultivo de arroz. Al respecto, Lucero del Roc\u00edo Garc\u00eda Medina, subsecretaria de Desarrollo Tur\u00edstico de dicha entidad, destac\u00f3 la importancia de valorar y comprender la profundidad de la cocina tradicional mexicana.<\/p>\n\n\n\n<figure class=\"wp-block-gallery has-nested-images columns-default is-cropped wp-block-gallery-5 is-layout-flex wp-block-gallery-is-layout-flex\">\n<figure class=\"wp-block-image size-large\"><img decoding=\"async\" width=\"500\" height=\"333\" data-id=\"1064515\" src=\"https:\/\/dimensionturistica.com\/es\/wp-content\/uploads\/2025\/10\/5GAST.jpg\" alt=\"\" class=\"wp-image-1064515\" srcset=\"https:\/\/dimensionturistica.com\/es\/wp-content\/uploads\/2025\/10\/5GAST.jpg 500w, https:\/\/dimensionturistica.com\/es\/wp-content\/uploads\/2025\/10\/5GAST-300x200.jpg 300w\" sizes=\"(max-width: 500px) 100vw, 500px\" \/><\/figure>\n<\/figure>\n\n\n\n<p>Gloria L\u00f3pez Morales, presidenta del Conservatorio de la Cultura Gastron\u00f3mica Mexicana e impulsora del reconocimiento de la cocina mexicana ante la UNESCO, agradeci\u00f3 al Gobierno de Morelos por abrir sus puertas a este magno evento, en el que se exaltar\u00e1n los valores culturales y las recetas de grandes cocineras.<\/p>\n\n\n\n<p>El encuentro con medios de comunicaci\u00f3n, celebrado en Punto M\u00e9xico de la Secretar\u00eda de Turismo federal, concluy\u00f3 con una degustaci\u00f3n de gastronom\u00eda morelense a cargo de la cocinera tradicional Patricia Beltr\u00e1n.<\/p>\n","protected":false},"excerpt":{"rendered":"<p>La gobernadora Margarita Gonz\u00e1lez Saravia y la secretaria de Turismo del Gobierno de M\u00e9xico, Josefina Rodr\u00edguez Zamora, anunciaron que el estado de Morelos ser\u00e1 sede del X Foro Mundial de la Gastronom\u00eda Mexicana, que se llevar\u00e1 a cabo del 7 al 9 de noviembre en el Centro Cultural Jard\u00edn Borda y la Plaza General Emiliano [&hellip;]<\/p>\n","protected":false},"author":1,"featured_media":0,"comment_status":"open","ping_status":"closed","sticky":false,"template":"","format":"standard","meta":{"om_disable_all_campaigns":false,"jnews-multi-image_gallery":[],"jnews_single_post":{"format":"standard"},"jnews_primary_category":[],"jnews_social_meta":[],"footnotes":""},"categories":[43],"tags":[],"class_list":["post-1064510","post","type-post","status-publish","format-standard","hentry","category-gourmet"],"_links":{"self":[{"href":"https:\/\/dimensionturistica.com\/es\/wp-json\/wp\/v2\/posts\/1064510","targetHints":{"allow":["GET"]}}],"collection":[{"href":"https:\/\/dimensionturistica.com\/es\/wp-json\/wp\/v2\/posts"}],"about":[{"href":"https:\/\/dimensionturistica.com\/es\/wp-json\/wp\/v2\/types\/post"}],"author":[{"embeddable":true,"href":"https:\/\/dimensionturistica.com\/es\/wp-json\/wp\/v2\/users\/1"}],"replies":[{"embeddable":true,"href":"https:\/\/dimensionturistica.com\/es\/wp-json\/wp\/v2\/comments?post=1064510"}],"version-history":[{"count":1,"href":"https:\/\/dimensionturistica.com\/es\/wp-json\/wp\/v2\/posts\/1064510\/revisions"}],"predecessor-version":[{"id":1064516,"href":"https:\/\/dimensionturistica.com\/es\/wp-json\/wp\/v2\/posts\/1064510\/revisions\/1064516"}],"wp:attachment":[{"href":"https:\/\/dimensionturistica.com\/es\/wp-json\/wp\/v2\/media?parent=1064510"}],"wp:term":[{"taxonomy":"category","embeddable":true,"href":"https:\/\/dimensionturistica.com\/es\/wp-json\/wp\/v2\/categories?post=1064510"},{"taxonomy":"post_tag","embeddable":true,"href":"https:\/\/dimensionturistica.com\/es\/wp-json\/wp\/v2\/tags?post=1064510"}],"curies":[{"name":"wp","href":"https:\/\/api.w.org\/{rel}","templated":true}]}}