{"id":1064496,"date":"2025-10-21T19:55:10","date_gmt":"2025-10-21T19:55:10","guid":{"rendered":"https:\/\/dimensionturistica.com\/es\/?p=1064496"},"modified":"2025-10-21T19:55:10","modified_gmt":"2025-10-21T19:55:10","slug":"fraiche-y-fundacion-cima-presentan-perfume-con-causa-para-la-lucha-contra-el-cancer-de-mama","status":"publish","type":"post","link":"https:\/\/dimensionturistica.com\/es\/fraiche-y-fundacion-cima-presentan-perfume-con-causa-para-la-lucha-contra-el-cancer-de-mama\/","title":{"rendered":"Fraiche y Fundaci\u00f3n CIMA presentan perfume con causa para la lucha contra el c\u00e1ncer de mama"},"content":{"rendered":"\n<figure class=\"wp-block-gallery has-nested-images columns-default is-cropped wp-block-gallery-1 is-layout-flex wp-block-gallery-is-layout-flex\">\n<figure class=\"wp-block-image size-large\"><img decoding=\"async\" width=\"500\" height=\"625\" data-id=\"1064497\" src=\"https:\/\/dimensionturistica.com\/es\/wp-content\/uploads\/2025\/10\/1LOCION.jpg\" alt=\"\" class=\"wp-image-1064497\" srcset=\"https:\/\/dimensionturistica.com\/es\/wp-content\/uploads\/2025\/10\/1LOCION.jpg 500w, https:\/\/dimensionturistica.com\/es\/wp-content\/uploads\/2025\/10\/1LOCION-240x300.jpg 240w\" sizes=\"(max-width: 500px) 100vw, 500px\" \/><\/figure>\n<\/figure>\n\n\n\n<p>En el marco del D\u00eda Internacional de la Lucha contra el C\u00e1ncer de Mama, Fraiche presenta un perfume con causa en colaboraci\u00f3n con la Fundaci\u00f3n CIMA, organizaci\u00f3n sin fines de lucro dedicada a la informaci\u00f3n y educaci\u00f3n para lograr una detecci\u00f3n temprana y entre otros programas, al apoyo emocional a mujeres diagnosticadas con c\u00e1ncer de mama.<\/p>\n\n\n\n<p>Este lanzamiento representa mucho m\u00e1s que una fragancia: es un s\u00edmbolo de esperanza, resiliencia y transformaci\u00f3n. Inspirado en el vuelo de la mariposa, el perfume hace alusi\u00f3n al proceso de renovaci\u00f3n que atraviesan quienes enfrentan la enfermedad, acompa\u00f1ado siempre de la fuerza de sus redes de apoyo: de la familia, las amistades y con la comunidad.<\/p>\n\n\n\n<figure class=\"wp-block-gallery has-nested-images columns-default is-cropped wp-block-gallery-2 is-layout-flex wp-block-gallery-is-layout-flex\">\n<figure class=\"wp-block-image size-large\"><img decoding=\"async\" width=\"500\" height=\"625\" data-id=\"1064498\" src=\"https:\/\/dimensionturistica.com\/es\/wp-content\/uploads\/2025\/10\/2LOCVION.jpg\" alt=\"\" class=\"wp-image-1064498\" srcset=\"https:\/\/dimensionturistica.com\/es\/wp-content\/uploads\/2025\/10\/2LOCVION.jpg 500w, https:\/\/dimensionturistica.com\/es\/wp-content\/uploads\/2025\/10\/2LOCVION-240x300.jpg 240w\" sizes=\"(max-width: 500px) 100vw, 500px\" \/><\/figure>\n<\/figure>\n\n\n\n<p>El perfume tiene una propuesta arom\u00e1tica frutal que combina frescura, dulzura y calidez:<\/p>\n\n\n\n<p>\u25cf Notas: pera, canole y naranja tangerina, que envuelven en una primera impresi\u00f3n fresca y chispeante.<\/p>\n\n\n\n<p>Cada detalle del dise\u00f1o tiene un significado profundo:<\/p>\n\n\n\n<figure class=\"wp-block-gallery has-nested-images columns-default is-cropped wp-block-gallery-3 is-layout-flex wp-block-gallery-is-layout-flex\">\n<figure class=\"wp-block-image size-large\"><img decoding=\"async\" width=\"500\" height=\"625\" data-id=\"1064499\" src=\"https:\/\/dimensionturistica.com\/es\/wp-content\/uploads\/2025\/10\/3LOCION.jpg\" alt=\"\" class=\"wp-image-1064499\" srcset=\"https:\/\/dimensionturistica.com\/es\/wp-content\/uploads\/2025\/10\/3LOCION.jpg 500w, https:\/\/dimensionturistica.com\/es\/wp-content\/uploads\/2025\/10\/3LOCION-240x300.jpg 240w\" sizes=\"(max-width: 500px) 100vw, 500px\" \/><\/figure>\n<\/figure>\n\n\n\n<p>\u25cf Alas y coraz\u00f3n: el frasco integra un suaje en forma de alas y coraz\u00f3n, simbolizando \u201cun nuevo inicio\u201d y la uni\u00f3n entre quienes acompa\u00f1an este proceso.<\/p>\n\n\n\n<p>Un perfume con causa<\/p>\n\n\n\n<p>Con la compra de esta fragancia, Fraiche refuerza su compromiso con la concientizaci\u00f3n y la detecci\u00f3n temprana del c\u00e1ncer de mama, adem\u00e1s de brindar apoyo a trav\u00e9s de su alianza con Fundaci\u00f3n CIMA, que desde hace m\u00e1s de 20 a\u00f1os trabaja para mejorar la calidad de vida de quienes enfrentan esta enfermedad y sus familias.<\/p>\n\n\n\n<p>\u201cCon este perfume, queremos recordar que cada paso cuenta, que la prevenci\u00f3n salva vidas y que nunca estamos solos en este camino. Nuestro compromiso con Fundaci\u00f3n CIMA es sembrar esperanza y acompa\u00f1ar a quienes lo necesitan\u201d, se\u00f1al\u00f3 Viridiana Castillo, vocera de Fraiche.<\/p>\n\n\n\n<figure class=\"wp-block-gallery has-nested-images columns-default is-cropped wp-block-gallery-4 is-layout-flex wp-block-gallery-is-layout-flex\">\n<figure class=\"wp-block-image size-large\"><img decoding=\"async\" width=\"500\" height=\"625\" data-id=\"1064500\" src=\"https:\/\/dimensionturistica.com\/es\/wp-content\/uploads\/2025\/10\/4LOCION.jpg\" alt=\"\" class=\"wp-image-1064500\" srcset=\"https:\/\/dimensionturistica.com\/es\/wp-content\/uploads\/2025\/10\/4LOCION.jpg 500w, https:\/\/dimensionturistica.com\/es\/wp-content\/uploads\/2025\/10\/4LOCION-240x300.jpg 240w\" sizes=\"(max-width: 500px) 100vw, 500px\" \/><\/figure>\n<\/figure>\n\n\n\n<p>A partir de octubre y hasta agotar existencias, este perfume con causa estar\u00e1 disponible a un precio de $205 pesos, en todas las tiendas Fraiche y en la tienda en l\u00ednea oficial.<\/p>\n\n\n\n<p>Este octubre, Fraiche invita a sumarse a esta causa, porque cada aroma puede convertirse en un s\u00edmbolo de vida y fortaleza.<\/p>\n","protected":false},"excerpt":{"rendered":"<p>En el marco del D\u00eda Internacional de la Lucha contra el C\u00e1ncer de Mama, Fraiche presenta un perfume con causa en colaboraci\u00f3n con la Fundaci\u00f3n CIMA, organizaci\u00f3n sin fines de lucro dedicada a la informaci\u00f3n y educaci\u00f3n para lograr una detecci\u00f3n temprana y entre otros programas, al apoyo emocional a mujeres diagnosticadas con c\u00e1ncer de [&hellip;]<\/p>\n","protected":false},"author":1,"featured_media":0,"comment_status":"open","ping_status":"closed","sticky":false,"template":"","format":"standard","meta":{"om_disable_all_campaigns":false,"jnews-multi-image_gallery":[],"jnews_single_post":[],"jnews_primary_category":[],"jnews_social_meta":[],"footnotes":""},"categories":[144872],"tags":[],"class_list":["post-1064496","post","type-post","status-publish","format-standard","hentry","category-fashion"],"_links":{"self":[{"href":"https:\/\/dimensionturistica.com\/es\/wp-json\/wp\/v2\/posts\/1064496","targetHints":{"allow":["GET"]}}],"collection":[{"href":"https:\/\/dimensionturistica.com\/es\/wp-json\/wp\/v2\/posts"}],"about":[{"href":"https:\/\/dimensionturistica.com\/es\/wp-json\/wp\/v2\/types\/post"}],"author":[{"embeddable":true,"href":"https:\/\/dimensionturistica.com\/es\/wp-json\/wp\/v2\/users\/1"}],"replies":[{"embeddable":true,"href":"https:\/\/dimensionturistica.com\/es\/wp-json\/wp\/v2\/comments?post=1064496"}],"version-history":[{"count":1,"href":"https:\/\/dimensionturistica.com\/es\/wp-json\/wp\/v2\/posts\/1064496\/revisions"}],"predecessor-version":[{"id":1064501,"href":"https:\/\/dimensionturistica.com\/es\/wp-json\/wp\/v2\/posts\/1064496\/revisions\/1064501"}],"wp:attachment":[{"href":"https:\/\/dimensionturistica.com\/es\/wp-json\/wp\/v2\/media?parent=1064496"}],"wp:term":[{"taxonomy":"category","embeddable":true,"href":"https:\/\/dimensionturistica.com\/es\/wp-json\/wp\/v2\/categories?post=1064496"},{"taxonomy":"post_tag","embeddable":true,"href":"https:\/\/dimensionturistica.com\/es\/wp-json\/wp\/v2\/tags?post=1064496"}],"curies":[{"name":"wp","href":"https:\/\/api.w.org\/{rel}","templated":true}]}}