{"id":1064374,"date":"2025-10-21T13:49:08","date_gmt":"2025-10-21T13:49:08","guid":{"rendered":"https:\/\/dimensionturistica.com\/es\/?p=1064374"},"modified":"2025-10-21T13:49:08","modified_gmt":"2025-10-21T13:49:08","slug":"desentranando-el-jet-lag-todo-lo-que-debemos-conocer-sobre-este-companero-de-aventura-parte-1-de-2","status":"publish","type":"post","link":"https:\/\/dimensionturistica.com\/es\/desentranando-el-jet-lag-todo-lo-que-debemos-conocer-sobre-este-companero-de-aventura-parte-1-de-2\/","title":{"rendered":"Desentra\u00f1ando el Jet Lag: Todo lo que Debemos Conocer sobre este Compa\u00f1ero de Aventura (Parte 1 de 2)"},"content":{"rendered":"<h1>Comprendiendo el Jet Lag: El Compa\u00f1ero de Viaje Inesperado<\/h1>\n<p>Para muchos viajeros, el jet lag es un compa\u00f1ero indeseado que se presenta con la llegada a un nuevo destino. Esa fatiga abrumadora, la dificultad para concentrarse y el insomnio son solo algunas de las manifestaciones de este fen\u00f3meno, que afecta a quienes cruzan m\u00faltiples zonas horarias. Pero, \u00bfqu\u00e9 es realmente el jet lag y c\u00f3mo se puede mitigar su impacto? En este art\u00edculo, exploraremos sus causas y ofreceremos consejos pr\u00e1cticos para disfrutar de un viaje sin contratiempos.<\/p>\n<h2>\u00bfQu\u00e9 es el Jet Lag?<\/h2>\n<p>El jet lag es una alteraci\u00f3n temporal del sue\u00f1o que ocurre cuando el ritmo circadiano de nuestro cuerpo se ve desincronizado con el nuevo horario local. Nuestro organismo sigue un ciclo natural de vigilia y sue\u00f1o que se adapta a la luz y a la oscuridad, y al atravesar m\u00faltiples zonas horarias, este reloj interno se confunde. Los s\u00edntomas pueden variar desde fatiga aguda hasta problemas gastrointestinales, y son m\u00e1s intensos al viajar hacia el este, donde la jornada se acorta.<\/p>\n<h2>Consecuencias en la Salud<\/h2>\n<p>M\u00e1s all\u00e1 de la molestia que causa, el jet lag puede tener efectos en nuestra salud. La falta de sue\u00f1o reparador afecta no solo la energ\u00eda, sino tambi\u00e9n la capacidad de concentraci\u00f3n y el sistema inmunol\u00f3gico. A largo plazo, la repetida exposici\u00f3n al jet lag, especialmente por motivos de trabajo o turismo frecuente, puede contribuir a un aumento del estr\u00e9s y enfermedades relacionadas.<\/p>\n<h2>Preparaci\u00f3n Antes del Vuelo<\/h2>\n<p>Una buena planificaci\u00f3n puede hacer maravillas por tu bienestar durante y despu\u00e9s del vuelo. Aqu\u00ed te dejamos algunas estrategias:<\/p>\n<ol>\n<li>\n<p><strong>Ajustar Gradualmente el Horario:<\/strong> Algunos d\u00edas antes del viaje, intenta irte a la cama y despertarte una hora antes o despu\u00e9s, de acuerdo con el destino que visitar\u00e1s. Esto ayuda a tu cuerpo a adaptarse antes de cruzar las fronteras horarias.<\/p>\n<\/li>\n<li>\n<p><strong>Hidratarse Adecuadamente:<\/strong> Beber suficiente agua antes y durante el vuelo es fundamental. La deshidrataci\u00f3n puede acentuar los s\u00edntomas del jet lag, as\u00ed que evita las bebidas alcoh\u00f3licas y con cafe\u00edna que pueden alterar tu sue\u00f1o.<\/p>\n<\/li>\n<li>\n<p><strong>Elegir el Momento de Vuelo Correcto:<\/strong> Si es posible, selecciona vuelos que lleguen a tu destino durante el d\u00eda. As\u00ed, podr\u00e1s adaptar tu ciclo de sue\u00f1o a la luz natural y facilitar la transici\u00f3n.<\/p>\n<\/li>\n<\/ol>\n<h2>Durante el Vuelo<\/h2>\n<p>Durante el trayecto, tu comportamiento tambi\u00e9n tiene un impacto notable:<\/p>\n<ul>\n<li>\n<p><strong>Intentar Dormir:<\/strong> Si tu vuelo coincide con la noche del nuevo destino, intenta dormir en el avi\u00f3n. Usa tapones para los o\u00eddos y una m\u00e1scara para los ojos para crear un ambiente propicio para el sue\u00f1o.<\/p>\n<\/li>\n<li>\n<p><strong>Movimientos Regulares:<\/strong> Lev\u00e1ntate y est\u00edrate cada cierto tiempo. Esto no solo ayuda a la circulaci\u00f3n sangu\u00ednea, sino que tambi\u00e9n puede reducir la sensaci\u00f3n de fatiga.<\/p>\n<\/li>\n<\/ul>\n<h2>Estrategias al Llegar a Destino<\/h2>\n<p>Una vez en tu nuevo destino, contin\u00faa ayudando a tu cuerpo a adaptarse. Exponte a la luz natural, come comidas ligeras y saludables, y evita las siestas largas durante el d\u00eda. En lugar de ello, procura mantenerte activo y comprometido con tus actividades tur\u00edsticas.<\/p>\n<p>El jet lag puede ser un obst\u00e1culo frustrante en la experiencia de un viaje, pero con unos simples ajustes y una buena planificaci\u00f3n, es posible minimizar sus efectos y disfrutar al m\u00e1ximo de cada aventura. As\u00ed que la pr\u00f3xima vez que planifiques un viaje a trav\u00e9s de m\u00faltiples zonas horarias, recuerda que la adaptaci\u00f3n empieza desde el momento de salir de casa. \u00a1Feliz viaje!<\/p>\n<p><em> &#8221; Fuentes infomed.com.ar &#8221; <\/em><\/p>\n","protected":false},"excerpt":{"rendered":"<p>Comprendiendo el Jet Lag: El Compa\u00f1ero de Viaje Inesperado Para muchos viajeros, el jet lag es un compa\u00f1ero indeseado que se presenta con la llegada a un nuevo destino. Esa fatiga abrumadora, la dificultad para concentrarse y el insomnio son solo algunas de las manifestaciones de este fen\u00f3meno, que afecta a quienes cruzan m\u00faltiples zonas [&hellip;]<\/p>\n","protected":false},"author":4,"featured_media":1064375,"comment_status":"open","ping_status":"closed","sticky":false,"template":"","format":"standard","meta":{"om_disable_all_campaigns":false,"jnews-multi-image_gallery":[],"jnews_single_post":[],"jnews_primary_category":[],"jnews_social_meta":[],"footnotes":""},"categories":[39],"tags":[803,9899,29522,10875,63429,42773,649,9799,544,545],"class_list":["post-1064374","post","type-post","status-publish","format-standard","has-post-thumbnail","hentry","category-viajes","tag-aerolineas","tag-bienestar","tag-consejos-de-viaje","tag-descanso","tag-fatiga","tag-jet-lag","tag-salud","tag-sueno","tag-turismo","tag-viajes"],"_links":{"self":[{"href":"https:\/\/dimensionturistica.com\/es\/wp-json\/wp\/v2\/posts\/1064374","targetHints":{"allow":["GET"]}}],"collection":[{"href":"https:\/\/dimensionturistica.com\/es\/wp-json\/wp\/v2\/posts"}],"about":[{"href":"https:\/\/dimensionturistica.com\/es\/wp-json\/wp\/v2\/types\/post"}],"author":[{"embeddable":true,"href":"https:\/\/dimensionturistica.com\/es\/wp-json\/wp\/v2\/users\/4"}],"replies":[{"embeddable":true,"href":"https:\/\/dimensionturistica.com\/es\/wp-json\/wp\/v2\/comments?post=1064374"}],"version-history":[{"count":1,"href":"https:\/\/dimensionturistica.com\/es\/wp-json\/wp\/v2\/posts\/1064374\/revisions"}],"predecessor-version":[{"id":1064376,"href":"https:\/\/dimensionturistica.com\/es\/wp-json\/wp\/v2\/posts\/1064374\/revisions\/1064376"}],"wp:featuredmedia":[{"embeddable":true,"href":"https:\/\/dimensionturistica.com\/es\/wp-json\/wp\/v2\/media\/1064375"}],"wp:attachment":[{"href":"https:\/\/dimensionturistica.com\/es\/wp-json\/wp\/v2\/media?parent=1064374"}],"wp:term":[{"taxonomy":"category","embeddable":true,"href":"https:\/\/dimensionturistica.com\/es\/wp-json\/wp\/v2\/categories?post=1064374"},{"taxonomy":"post_tag","embeddable":true,"href":"https:\/\/dimensionturistica.com\/es\/wp-json\/wp\/v2\/tags?post=1064374"}],"curies":[{"name":"wp","href":"https:\/\/api.w.org\/{rel}","templated":true}]}}