{"id":1064206,"date":"2025-10-21T04:09:59","date_gmt":"2025-10-21T04:09:59","guid":{"rendered":"https:\/\/dimensionturistica.com\/es\/?p=1064206"},"modified":"2025-10-21T04:09:59","modified_gmt":"2025-10-21T04:09:59","slug":"amal-clooney-deslumbro-con-tacones-coloridos-que-marcan-el-regreso-de-las-tendencias-otonales-de-2025","status":"publish","type":"post","link":"https:\/\/dimensionturistica.com\/es\/amal-clooney-deslumbro-con-tacones-coloridos-que-marcan-el-regreso-de-las-tendencias-otonales-de-2025\/","title":{"rendered":"Amal Clooney deslumbr\u00f3 con tacones coloridos que marcan el regreso de las tendencias oto\u00f1ales de 2025."},"content":{"rendered":"<h3>El Renacer del Color: C\u00f3mo Incorporar Zapatos Vibrantes este Oto\u00f1o<\/h3>\n<p>El oto\u00f1o de 2025 marca un cambio radical en las tendencias de calzado, enfatizando la incorporaci\u00f3n de tonalidades audaces que transforman cualquier look. Olv\u00eddate de los neutros; este es el momento perfecto para hacer una declaraci\u00f3n de estilo con zapatos de colores brillantes. A continuaci\u00f3n, desglosamos c\u00f3mo implementar esta tendencia y triunfar en cada ocasi\u00f3n.<\/p>\n<h4>1. <strong>Colores que Capturan Miradas<\/strong><\/h4>\n<p>La paleta de oto\u00f1o no tiene por qu\u00e9 ser mon\u00f3tona. Amarillos brillantes, azules profundos y rojos vibrantes se apoderan de las pasarelas y calles. El secreto est\u00e1 en elegir un par que resalte tu personalidad. Considera que un par de zapatos en un tono inesperado puede ser el punto focal de tu atuendo.<\/p>\n<h4>2. <strong>Combinaciones Estrat\u00e9gicas<\/strong><\/h4>\n<p>No se trata solo de zapatos; se trata de c\u00f3mo los incorporamos al resto de nuestro vestuario. Crear un balance entre los colores es esencial. Si optas por zapatos fucsias, combina con un look en tonos tierra. La mezcla de texturas tambi\u00e9n juega un papel crucial: un vestido de lana con un tac\u00f3n brillante o unos pantalones de cuero con botines naranjas pueden dar lugar a un resultado impactante.<\/p>\n<h4>3. <strong>Ocasiones Especiales y Cotidianas<\/strong><\/h4>\n<p>Los zapatos de colores son vers\u00e1tiles y pueden adaptarse tanto a ocasiones diarias como a eventos sofisticados. Para un brunch, mezcla unas zapatillas de cuadros con zapatos amarillos. En un evento formal, elige un par de stilettos azules con un tailleur cl\u00e1sico. Esta flexibilidad no solo aumenta tu creatividad en la moda, sino que tambi\u00e9n eleva tu estilo personal.<\/p>\n<h4>4. <strong>Accesorios Complementarios<\/strong><\/h4>\n<p>Cuando se trata de acentuar un conjunto con zapatos vibrantes, los accesorios juegan un papel fundamental. Opta por bolsos y joyer\u00eda que reduzcan la saturaci\u00f3n del color, permitiendo que tus zapatos sean el verdadero protagonista. Los tonos neutros o met\u00e1licos son excelentes opciones para lograr un equilibrio arm\u00f3nico.<\/p>\n<h4>5. <strong>Influencias de Estilo<\/strong><\/h4>\n<p>A lo largo de la historia de la moda, figuras influyentes han mostrado c\u00f3mo un par de zapatos puede definir una silueta completa. La influencia de celebridades y dise\u00f1adores resuena ahora m\u00e1s que nunca con esta tendencia de color. Inspirarse en estas ic\u00f3nicas elecciones de calzado puede aportar un toque de audacia a tu guardarropa.<\/p>\n<h3>\u00a1Atr\u00e9vete a Brillar!<\/h3>\n<p>El oto\u00f1o de 2025 es la temporada perfecta para abrazar la vitalidad del color en tu calzado. Ya sea que prefieras un toque sutil o una explosi\u00f3n total de tonalidades, los zapatos de colores son la respuesta para revitalizar cualquier conjunto. Deja que tu calzado hable por ti y convi\u00e9rtete en el centro de todas las miradas. \u00a1Es hora de transformar tus pasos en estilo!<\/p>\n<p><em> &#8221; Fuentes www.vogue.mx &#8221; <\/em><\/p>\n","protected":false},"excerpt":{"rendered":"<p>El Renacer del Color: C\u00f3mo Incorporar Zapatos Vibrantes este Oto\u00f1o El oto\u00f1o de 2025 marca un cambio radical en las tendencias de calzado, enfatizando la incorporaci\u00f3n de tonalidades audaces que transforman cualquier look. Olv\u00eddate de los neutros; este es el momento perfecto para hacer una declaraci\u00f3n de estilo con zapatos de colores brillantes. A continuaci\u00f3n, [&hellip;]<\/p>\n","protected":false},"author":14,"featured_media":1064207,"comment_status":"open","ping_status":"closed","sticky":false,"template":"","format":"standard","meta":{"om_disable_all_campaigns":false,"jnews-multi-image_gallery":[],"jnews_single_post":[],"jnews_primary_category":[],"jnews_social_meta":[],"footnotes":""},"categories":[144872],"tags":[198504,40458,6446,73806,7758,166,245447,253595,2182,253594],"class_list":["post-1064206","post","type-post","status-publish","format-standard","has-post-thumbnail","hentry","category-fashion","tag-amal-clooney","tag-calzado","tag-celebridades","tag-elegancia","tag-estilo","tag-fashion","tag-moda-otono-2025","tag-regreso-a-la-moda","tag-tendencias","tag-zapatos-de-colores"],"_links":{"self":[{"href":"https:\/\/dimensionturistica.com\/es\/wp-json\/wp\/v2\/posts\/1064206","targetHints":{"allow":["GET"]}}],"collection":[{"href":"https:\/\/dimensionturistica.com\/es\/wp-json\/wp\/v2\/posts"}],"about":[{"href":"https:\/\/dimensionturistica.com\/es\/wp-json\/wp\/v2\/types\/post"}],"author":[{"embeddable":true,"href":"https:\/\/dimensionturistica.com\/es\/wp-json\/wp\/v2\/users\/14"}],"replies":[{"embeddable":true,"href":"https:\/\/dimensionturistica.com\/es\/wp-json\/wp\/v2\/comments?post=1064206"}],"version-history":[{"count":1,"href":"https:\/\/dimensionturistica.com\/es\/wp-json\/wp\/v2\/posts\/1064206\/revisions"}],"predecessor-version":[{"id":1064208,"href":"https:\/\/dimensionturistica.com\/es\/wp-json\/wp\/v2\/posts\/1064206\/revisions\/1064208"}],"wp:featuredmedia":[{"embeddable":true,"href":"https:\/\/dimensionturistica.com\/es\/wp-json\/wp\/v2\/media\/1064207"}],"wp:attachment":[{"href":"https:\/\/dimensionturistica.com\/es\/wp-json\/wp\/v2\/media?parent=1064206"}],"wp:term":[{"taxonomy":"category","embeddable":true,"href":"https:\/\/dimensionturistica.com\/es\/wp-json\/wp\/v2\/categories?post=1064206"},{"taxonomy":"post_tag","embeddable":true,"href":"https:\/\/dimensionturistica.com\/es\/wp-json\/wp\/v2\/tags?post=1064206"}],"curies":[{"name":"wp","href":"https:\/\/api.w.org\/{rel}","templated":true}]}}