{"id":1064070,"date":"2025-10-20T21:59:54","date_gmt":"2025-10-20T21:59:54","guid":{"rendered":"https:\/\/dimensionturistica.com\/es\/?p=1064070"},"modified":"2025-10-20T21:59:54","modified_gmt":"2025-10-20T21:59:54","slug":"didi-premier-llega-a-mexico-con-la-nueva-categoria-100-electrica-que-redefine-la-movilidad-por-aplicacion","status":"publish","type":"post","link":"https:\/\/dimensionturistica.com\/es\/didi-premier-llega-a-mexico-con-la-nueva-categoria-100-electrica-que-redefine-la-movilidad-por-aplicacion\/","title":{"rendered":"DiDi Premier llega a M\u00e9xico con la nueva categor\u00eda 100% el\u00e9ctrica que redefine la movilidad por aplicaci\u00f3n"},"content":{"rendered":"\n<figure class=\"wp-block-gallery has-nested-images columns-default is-cropped wp-block-gallery-1 is-layout-flex wp-block-gallery-is-layout-flex\">\n<figure class=\"wp-block-image size-large\"><img decoding=\"async\" width=\"520\" height=\"388\" data-id=\"1064071\" src=\"https:\/\/dimensionturistica.com\/es\/wp-content\/uploads\/2025\/10\/11DIDI.jpg\" alt=\"\" class=\"wp-image-1064071\" srcset=\"https:\/\/dimensionturistica.com\/es\/wp-content\/uploads\/2025\/10\/11DIDI.jpg 520w, https:\/\/dimensionturistica.com\/es\/wp-content\/uploads\/2025\/10\/11DIDI-300x224.jpg 300w\" sizes=\"(max-width: 520px) 100vw, 520px\" \/><\/figure>\n<\/figure>\n\n\n\n<p>Con el objetivo de seguir elevando la experiencia de movilidad en el pa\u00eds, DiDi anunci\u00f3 el lanzamiento de DiDi Premier, su nueva categor\u00eda de transporte 100% el\u00e9ctrico que combina innovaci\u00f3n tecnol\u00f3gica, sustentabilidad y un alto nivel de experiencia para los pasajeros.<\/p>\n\n\n\n<figure class=\"wp-block-gallery has-nested-images columns-default is-cropped wp-block-gallery-2 is-layout-flex wp-block-gallery-is-layout-flex\">\n<figure class=\"wp-block-image size-large\"><img decoding=\"async\" width=\"500\" height=\"615\" data-id=\"1064072\" src=\"https:\/\/dimensionturistica.com\/es\/wp-content\/uploads\/2025\/10\/2DID.jpg\" alt=\"\" class=\"wp-image-1064072\" srcset=\"https:\/\/dimensionturistica.com\/es\/wp-content\/uploads\/2025\/10\/2DID.jpg 500w, https:\/\/dimensionturistica.com\/es\/wp-content\/uploads\/2025\/10\/2DID-244x300.jpg 244w\" sizes=\"(max-width: 500px) 100vw, 500px\" \/><figcaption class=\"wp-element-caption\">hdr<\/figcaption><\/figure>\n<\/figure>\n\n\n\n<p>A trav\u00e9s de una flota inicial de autos el\u00e9ctricos cuidadosamente seleccionados, entre los que se incluyen modelos como GAC AION ES y JAC EJ7, entre otros, DiDi Premier ofrece un est\u00e1ndar superior de seguridad y confort. Estos veh\u00edculos, modernos, amplios y espaciosos, han sido elegidos para ofrecer una experiencia de traslado m\u00e1s placentera y sostenible.<\/p>\n\n\n\n<p>Esta flota est\u00e1 dise\u00f1ada para evolucionar continuamente, incorporando<\/p>\n\n\n\n<figure class=\"wp-block-gallery has-nested-images columns-default is-cropped wp-block-gallery-3 is-layout-flex wp-block-gallery-is-layout-flex\">\n<figure class=\"wp-block-image size-large\"><img decoding=\"async\" width=\"520\" height=\"388\" data-id=\"1064073\" src=\"https:\/\/dimensionturistica.com\/es\/wp-content\/uploads\/2025\/10\/7DIDI.jpg\" alt=\"\" class=\"wp-image-1064073\" srcset=\"https:\/\/dimensionturistica.com\/es\/wp-content\/uploads\/2025\/10\/7DIDI.jpg 520w, https:\/\/dimensionturistica.com\/es\/wp-content\/uploads\/2025\/10\/7DIDI-300x224.jpg 300w\" sizes=\"(max-width: 520px) 100vw, 520px\" \/><\/figure>\n<\/figure>\n\n\n\n<p>nuevos modelos que mantengan su nivel de innovaci\u00f3n, comodidad y sofisticaci\u00f3n. M\u00e1s que un traslado, DiDi Premier busca generar una experiencia completa basada en cuatro pilares: seguridad, estilo, eficiencia y confort.<\/p>\n\n\n\n<p>Para los usuarios, esto significa viajar con conductores especializados y verificados, respaldados por tecnolog\u00eda avanzada como c\u00e1maras de seguridad; moverse en autos totalmente el\u00e9ctricos y en condiciones impecables; optimizar su tiempo gracias a un servicio puntual y eficiente; y disfrutar de un espacio c\u00f3modo y personalizado, donde cada detalle ha sido cuidadosamente pensado para transformar cada trayecto en una experiencia superior.<\/p>\n\n\n\n<p>M\u00e1s que un traslado: una experiencia personalizada<\/p>\n\n\n\n<figure class=\"wp-block-gallery has-nested-images columns-default is-cropped wp-block-gallery-4 is-layout-flex wp-block-gallery-is-layout-flex\">\n<figure class=\"wp-block-image size-large\"><img decoding=\"async\" width=\"500\" height=\"375\" data-id=\"1064074\" src=\"https:\/\/dimensionturistica.com\/es\/wp-content\/uploads\/2025\/10\/5DIDI.jpg\" alt=\"\" class=\"wp-image-1064074\" srcset=\"https:\/\/dimensionturistica.com\/es\/wp-content\/uploads\/2025\/10\/5DIDI.jpg 500w, https:\/\/dimensionturistica.com\/es\/wp-content\/uploads\/2025\/10\/5DIDI-300x225.jpg 300w\" sizes=\"(max-width: 500px) 100vw, 500px\" \/><figcaption class=\"wp-element-caption\">ai<\/figcaption><\/figure>\n<\/figure>\n\n\n\n<p>Entre las novedades que distinguen a Premier se encuentran amenidades a bordo como tablet, cargadores de dispositivos, paraguas y agua embotellada, as\u00ed como un men\u00fa de personalizaci\u00f3n que permite a los pasajeros elegir la temperatura y el nivel de interacci\u00f3n con el conductor.<\/p>\n\n\n\n<p>A ello se suma un servicio de asistencia, exclusivo para los usuarios de esta categor\u00eda.<\/p>\n\n\n\n<p>Para formar parte de DiDi Premier, los conductores deber\u00e1n cumplir con m\u00e1s de 100 viajes completados, contar con las mejores calificaciones y aprobar una capacitaci\u00f3n especializada en hospitalidad, seguridad y conducci\u00f3n profesional.<\/p>\n\n\n\n<p>El lanzamiento de DiDi Premier responde a la creciente demanda de experiencias superiores de movilidad en M\u00e9xico, donde se concentra un porcentaje significativo de pasajeros frecuentes. \u201cEsta nueva categor\u00eda 100% el\u00e9ctrica no solo ofrece un servicio m\u00e1s seguro y c\u00f3modo, sino que tambi\u00e9n refleja nuestro compromiso de largo plazo con la sustentabilidad. Este a\u00f1o pondremos 500 unidades en la CDMX y queremos que cada viaje de DiDi Premier sea una experiencia que sorprenda, que eleve las expectativas de nuestros usuarios y que marque un nuevo est\u00e1ndar en la industria de la movilidad. Con esta innovaci\u00f3n, reafirmamos que el futuro de DiDi es el\u00e9ctrico, sustentable y dise\u00f1ado para mejorar la vida de nuestros usuarios en las ciudades en donde operamos\u201d, se\u00f1al\u00f3 Juan Andr\u00e9s Panam\u00e1, Director General de DiDi Latinom\u00e9rica.<\/p>\n\n\n\n<figure class=\"wp-block-gallery has-nested-images columns-default is-cropped wp-block-gallery-5 is-layout-flex wp-block-gallery-is-layout-flex\">\n<figure class=\"wp-block-image size-large\"><img decoding=\"async\" width=\"520\" height=\"388\" data-id=\"1064075\" src=\"https:\/\/dimensionturistica.com\/es\/wp-content\/uploads\/2025\/10\/DiDiPremier-1.jpeg\" alt=\"\" class=\"wp-image-1064075\" srcset=\"https:\/\/dimensionturistica.com\/es\/wp-content\/uploads\/2025\/10\/DiDiPremier-1.jpeg 520w, https:\/\/dimensionturistica.com\/es\/wp-content\/uploads\/2025\/10\/DiDiPremier-1-300x224.jpeg 300w\" sizes=\"(max-width: 520px) 100vw, 520px\" \/><\/figure>\n<\/figure>\n\n\n\n<p>DiDi reiterza su compromiso con la innovaci\u00f3n, la movilidad sustentable y la creaci\u00f3n de soluciones que simplifiquen la vida de los mexicanos, ofreciendo ahora una opci\u00f3n de transporte el\u00e9ctrico de primer nivel que eleva los est\u00e1ndares de la industria.<\/p>\n\n\n\n<p>DiDi Premier se suma a la flota el\u00e9ctrica que ya transforma la movilidad en el pa\u00eds<\/p>\n\n\n\n<p>El lanzamiento de Premier se enmarca dentro del compromiso de DiDi por impulsar una movilidad m\u00e1s limpia y sustentable en M\u00e9xico. Esta nueva categor\u00eda 100% el\u00e9ctrica est\u00e1 alineada con la inversi\u00f3n hist\u00f3rica de 1,000 millones de pesos anunciada por la compa\u00f1\u00eda a finales de 2024 para introducir 100,000 veh\u00edculos el\u00e9ctricos en el pa\u00eds.<\/p>\n\n\n\n<p>Actualmente, la plataforma ya cuenta con miles de unidades en operaci\u00f3n en las principales ciudades, lo que demuestra que la movilidad el\u00e9ctrica no es una promesa a futuro, sino una realidad en marcha.<\/p>\n\n\n\n<figure class=\"wp-block-gallery has-nested-images columns-default is-cropped wp-block-gallery-6 is-layout-flex wp-block-gallery-is-layout-flex\">\n<figure class=\"wp-block-image size-large\"><img decoding=\"async\" width=\"520\" height=\"388\" data-id=\"1064077\" src=\"https:\/\/dimensionturistica.com\/es\/wp-content\/uploads\/2025\/10\/8DIDI.jpg\" alt=\"\" class=\"wp-image-1064077\" srcset=\"https:\/\/dimensionturistica.com\/es\/wp-content\/uploads\/2025\/10\/8DIDI.jpg 520w, https:\/\/dimensionturistica.com\/es\/wp-content\/uploads\/2025\/10\/8DIDI-300x224.jpg 300w\" sizes=\"(max-width: 520px) 100vw, 520px\" \/><\/figure>\n<\/figure>\n\n\n\n<p>Esta transici\u00f3n no solo contribuye a reducir las emisiones de CO2, sino tambi\u00e9n atacando contaminantes altamente nocivos como el NOx y las part\u00edculas PM2.5, mejorando la salud p\u00fablica y reduciendo la huella de carbono urbana. Al mismo tiempo, abre la puerta a la creaci\u00f3n de empleos verdes, impulsa a la industria local vinculada a la electromovilidad y fomenta una nueva cultura ciudadana que priorice la sustentabilidad, con el respaldo de aliados estrat\u00e9gicos como GAC, JAC, SEV, Vemo, OCN!, LAFA, as\u00ed como empresas de carga como FAZT y<\/p>\n\n\n\n<p>Vemo Charging.<\/p>\n\n\n\n<p>Con este lanzamiento, DiDi refuerza su compromiso con la innovaci\u00f3n, la movilidad sustentable y la creaci\u00f3n de soluciones que simplifiquen la vida de los mexicanos, ofreciendo ahora una opci\u00f3n de transporte el\u00e9ctrico de primer nivel que eleva los est\u00e1ndares de la industria.<\/p>\n","protected":false},"excerpt":{"rendered":"<p>Con el objetivo de seguir elevando la experiencia de movilidad en el pa\u00eds, DiDi anunci\u00f3 el lanzamiento de DiDi Premier, su nueva categor\u00eda de transporte 100% el\u00e9ctrico que combina innovaci\u00f3n tecnol\u00f3gica, sustentabilidad y un alto nivel de experiencia para los pasajeros. A trav\u00e9s de una flota inicial de autos el\u00e9ctricos cuidadosamente seleccionados, entre los que [&hellip;]<\/p>\n","protected":false},"author":1,"featured_media":0,"comment_status":"open","ping_status":"closed","sticky":false,"template":"","format":"standard","meta":{"om_disable_all_campaigns":false,"jnews-multi-image_gallery":[],"jnews_single_post":[],"jnews_primary_category":[],"jnews_social_meta":[],"footnotes":""},"categories":[40],"tags":[],"class_list":["post-1064070","post","type-post","status-publish","format-standard","hentry","category-industria"],"_links":{"self":[{"href":"https:\/\/dimensionturistica.com\/es\/wp-json\/wp\/v2\/posts\/1064070","targetHints":{"allow":["GET"]}}],"collection":[{"href":"https:\/\/dimensionturistica.com\/es\/wp-json\/wp\/v2\/posts"}],"about":[{"href":"https:\/\/dimensionturistica.com\/es\/wp-json\/wp\/v2\/types\/post"}],"author":[{"embeddable":true,"href":"https:\/\/dimensionturistica.com\/es\/wp-json\/wp\/v2\/users\/1"}],"replies":[{"embeddable":true,"href":"https:\/\/dimensionturistica.com\/es\/wp-json\/wp\/v2\/comments?post=1064070"}],"version-history":[{"count":1,"href":"https:\/\/dimensionturistica.com\/es\/wp-json\/wp\/v2\/posts\/1064070\/revisions"}],"predecessor-version":[{"id":1064079,"href":"https:\/\/dimensionturistica.com\/es\/wp-json\/wp\/v2\/posts\/1064070\/revisions\/1064079"}],"wp:attachment":[{"href":"https:\/\/dimensionturistica.com\/es\/wp-json\/wp\/v2\/media?parent=1064070"}],"wp:term":[{"taxonomy":"category","embeddable":true,"href":"https:\/\/dimensionturistica.com\/es\/wp-json\/wp\/v2\/categories?post=1064070"},{"taxonomy":"post_tag","embeddable":true,"href":"https:\/\/dimensionturistica.com\/es\/wp-json\/wp\/v2\/tags?post=1064070"}],"curies":[{"name":"wp","href":"https:\/\/api.w.org\/{rel}","templated":true}]}}