{"id":1064059,"date":"2025-10-20T21:23:44","date_gmt":"2025-10-20T21:23:44","guid":{"rendered":"https:\/\/dimensionturistica.com\/es\/?p=1064059"},"modified":"2025-10-20T21:23:44","modified_gmt":"2025-10-20T21:23:44","slug":"la-obligacion-de-transparencia-obliga-al-ejecutivo-a-revelar-los-desplazamientos-de-los-altos-funcionarios-de-transportes-que-acompanaban-a-abalos","status":"publish","type":"post","link":"https:\/\/dimensionturistica.com\/es\/la-obligacion-de-transparencia-obliga-al-ejecutivo-a-revelar-los-desplazamientos-de-los-altos-funcionarios-de-transportes-que-acompanaban-a-abalos\/","title":{"rendered":"La obligaci\u00f3n de transparencia obliga al Ejecutivo a revelar los desplazamientos de los altos funcionarios de Transportes que acompa\u00f1aban a \u00c1balos."},"content":{"rendered":"<h3>La Nueva Era de la Transparencia en Viajes Oficiales<\/h3>\n<p>En un mundo donde la transparencia y la \u00e9tica en la gesti\u00f3n p\u00fablica son m\u00e1s necesarias que nunca, el reciente avance en la regulaci\u00f3n de los viajes de altos cargos del gobierno espa\u00f1ol es un hito significativo. Bajo la presi\u00f3n de la opini\u00f3n p\u00fablica y la creciente demanda de rendici\u00f3n de cuentas, el gobierno ha dado un paso hacia la clarificaci\u00f3n de los gastos relacionados con los desplazamientos de sus funcionarios.<\/p>\n<p>Esta medida no solo abre la puerta a la transparencia, sino que tambi\u00e9n ofrece una oportunidad \u00fanica para redescubrir el turismo oficial como un medio de promover destinos menos conocidos. La nueva normativa establece que todos los viajes realizados por altos funcionarios, incluyendo detalles sobre destinos y costes, ser\u00e1n ahora accesibles al p\u00fablico. Esto puede tener un impacto importante en la forma en que se perciben estos desplazamientos, haci\u00e9ndolos m\u00e1s responsables y alineados con intereses tur\u00edsticos que beneficien la econom\u00eda local.<\/p>\n<h3>Viajes que Promueven el Turismo<\/h3>\n<p>Imaginemos que, a partir de ahora, un viaje oficial a una peque\u00f1a ciudad de la pen\u00ednsula podr\u00eda generar un inter\u00e9s inesperado entre los turistas. Localidades que habitualmente no figuran en el mapa del turismo internacional podr\u00edan verse revitalizadas a medida que los ciudadanos se informan sobre las visitas de sus l\u00edderes. En lugar de centrarse \u00fanicamente en las grandes ciudades, este cambio puede fomentar que altos cargos se desplacen a lugares que realmente necesitan apoyo y desarrollo.<\/p>\n<p>Adem\u00e1s, con la obligaci\u00f3n de informar sobre el prop\u00f3sito de cada viaje, se abrir\u00e1 la discusi\u00f3n sobre la importancia de elegir destinos que no solo sean estrat\u00e9gicos sino tambi\u00e9n representativos de la diversidad cultural y natural de Espa\u00f1a. Esto podr\u00eda motivar a que los funcionarios exploren y promuevan las maravillas de regiones menos conocidas, desde los encantadores pueblos de la sierra hasta las costas menos concurridas.<\/p>\n<h3>Conectando con la Comunidad<\/h3>\n<p>Otro aspecto relevante es la posibilidad de que estos viajes generen un di\u00e1logo m\u00e1s cercano entre la administraci\u00f3n p\u00fablica y la ciudadan\u00eda. Al desvelar los detalles de cada desplazamiento, los ciudadanos pueden sentirse m\u00e1s involucrados y, a su vez, exigir un compromiso real por parte de sus representantes. \u00bfCu\u00e1ntas veces hemos escuchado sobre zapatos de cristal en lugares que no ofrecen nada m\u00e1s que gasto p\u00fablico?<\/p>\n<p>El turismo, en este sentido, se transforma en un puente. Un alto cargo que visita una regi\u00f3n tiene la oportunidad de hablar con los empresarios locales, conocer los problemas espec\u00edficos de cada comunidad y entender las necesidades de aquellos a quienes sirve. Esta conexi\u00f3n puede resultar en estrategias m\u00e1s efectivas que, sin duda, beneficiar\u00e1n tanto a las administraciones como a los destinos tur\u00edsticos.<\/p>\n<h3>Un Futuro Brillante para el Turismo Responsable<\/h3>\n<p>Con una nueva capa de transparencia sobre la gesti\u00f3n de los viajes oficiales, se abre la puerta a un turismo m\u00e1s consciente y alineado con la sostenibilidad. Los altos funcionarios no solo tendr\u00e1n la responsabilidad de rendir cuentas por sus desplazamientos, sino que tambi\u00e9n ser\u00e1n embajadores potenciales de los tesoros escondidos de Espa\u00f1a.<\/p>\n<p>As\u00ed, este cambio de normativa no es solo un triunfo para la \u00e9tica p\u00fablica, sino tambi\u00e9n una oportunidad para reinventar el turismo en el pa\u00eds. Detr\u00e1s de cada viaje de un alto cargo hay una historia que espera ser contada y, sin duda, una oportunidad para dejar una huella positiva en el destino elegido.<\/p>\n<p>En esta nueva era de transparencia, los viajes oficiales podr\u00edan convertirse en el motor de un turismo m\u00e1s inclusivo y beneficioso para todos, donde cada destino no solo sea un lugar en el mapa, sino un viaje hacia la riqueza cultural y econ\u00f3mica de nuestro pa\u00eds.<\/p>\n<p><em> &#8221; Fuentes www.abc.es &#8221; <\/em><\/p>\n","protected":false},"excerpt":{"rendered":"<p>La Nueva Era de la Transparencia en Viajes Oficiales En un mundo donde la transparencia y la \u00e9tica en la gesti\u00f3n p\u00fablica son m\u00e1s necesarias que nunca, el reciente avance en la regulaci\u00f3n de los viajes de altos cargos del gobierno espa\u00f1ol es un hito significativo. Bajo la presi\u00f3n de la opini\u00f3n p\u00fablica y la [&hellip;]<\/p>\n","protected":false},"author":4,"featured_media":1064060,"comment_status":"open","ping_status":"closed","sticky":false,"template":"","format":"standard","meta":{"om_disable_all_campaigns":false,"jnews-multi-image_gallery":[],"jnews_single_post":[],"jnews_primary_category":[],"jnews_social_meta":[],"footnotes":""},"categories":[39],"tags":[7633,106839,25872,127314,10216,25925,698,30294,11044,546,12512,1555,35247,545],"class_list":["post-1064059","post","type-post","status-publish","format-standard","has-post-thumbnail","hentry","category-viajes","tag-abalos","tag-accountability","tag-altos","tag-altos-cargos","tag-cargos","tag-desvelar","tag-gobierno","tag-informacion-publica","tag-obliga","tag-politica","tag-transparencia","tag-transportes","tag-viajaban","tag-viajes"],"_links":{"self":[{"href":"https:\/\/dimensionturistica.com\/es\/wp-json\/wp\/v2\/posts\/1064059","targetHints":{"allow":["GET"]}}],"collection":[{"href":"https:\/\/dimensionturistica.com\/es\/wp-json\/wp\/v2\/posts"}],"about":[{"href":"https:\/\/dimensionturistica.com\/es\/wp-json\/wp\/v2\/types\/post"}],"author":[{"embeddable":true,"href":"https:\/\/dimensionturistica.com\/es\/wp-json\/wp\/v2\/users\/4"}],"replies":[{"embeddable":true,"href":"https:\/\/dimensionturistica.com\/es\/wp-json\/wp\/v2\/comments?post=1064059"}],"version-history":[{"count":1,"href":"https:\/\/dimensionturistica.com\/es\/wp-json\/wp\/v2\/posts\/1064059\/revisions"}],"predecessor-version":[{"id":1064061,"href":"https:\/\/dimensionturistica.com\/es\/wp-json\/wp\/v2\/posts\/1064059\/revisions\/1064061"}],"wp:featuredmedia":[{"embeddable":true,"href":"https:\/\/dimensionturistica.com\/es\/wp-json\/wp\/v2\/media\/1064060"}],"wp:attachment":[{"href":"https:\/\/dimensionturistica.com\/es\/wp-json\/wp\/v2\/media?parent=1064059"}],"wp:term":[{"taxonomy":"category","embeddable":true,"href":"https:\/\/dimensionturistica.com\/es\/wp-json\/wp\/v2\/categories?post=1064059"},{"taxonomy":"post_tag","embeddable":true,"href":"https:\/\/dimensionturistica.com\/es\/wp-json\/wp\/v2\/tags?post=1064059"}],"curies":[{"name":"wp","href":"https:\/\/api.w.org\/{rel}","templated":true}]}}