{"id":1064032,"date":"2025-10-20T20:51:09","date_gmt":"2025-10-20T20:51:09","guid":{"rendered":"https:\/\/dimensionturistica.com\/es\/?p=1064032"},"modified":"2025-10-20T20:51:09","modified_gmt":"2025-10-20T20:51:09","slug":"leon-la-capital-de-la-innovacion-teniendo-todo-listo-para-la-edicion-numero-66-de-anpic","status":"publish","type":"post","link":"https:\/\/dimensionturistica.com\/es\/leon-la-capital-de-la-innovacion-teniendo-todo-listo-para-la-edicion-numero-66-de-anpic\/","title":{"rendered":"Le\u00f3n la capital de la innovaci\u00f3n teniendo todo listo para\u00a0la edici\u00f3n n\u00famero 66 de ANPIC."},"content":{"rendered":"\n<figure class=\"wp-block-gallery has-nested-images columns-default is-cropped wp-block-gallery-1 is-layout-flex wp-block-gallery-is-layout-flex\">\n<figure class=\"wp-block-image size-large\"><img decoding=\"async\" width=\"500\" height=\"136\" data-id=\"1064033\" src=\"https:\/\/dimensionturistica.com\/es\/wp-content\/uploads\/2025\/10\/222LEON-1.jpg\" alt=\"\" class=\"wp-image-1064033\" srcset=\"https:\/\/dimensionturistica.com\/es\/wp-content\/uploads\/2025\/10\/222LEON-1.jpg 500w, https:\/\/dimensionturistica.com\/es\/wp-content\/uploads\/2025\/10\/222LEON-1-300x82.jpg 300w\" sizes=\"(max-width: 500px) 100vw, 500px\" \/><\/figure>\n<\/figure>\n\n\n\n<p>Moda, innovaci\u00f3n y tendencia se reunir\u00e1n&nbsp;nuevamente en Le\u00f3n del 22 al 25 de octubre durante la 66\u00b0 edici\u00f3n de ANPIC, el evento m\u00e1s&nbsp;importante de proveedur\u00eda en Am\u00e9rica Latina.<\/p>\n\n\n\n<p>Esta gran exposici\u00f3n consolida a Le\u00f3n como una ciudad l\u00edder en los sectores de cuero, calzado y&nbsp;marroquiner\u00eda, donde tradici\u00f3n e innovaci\u00f3n se entrelazan para proyectar al mundo la fuerza del&nbsp;talento mexicano.<\/p>\n\n\n\n<p>La presidenta municipal, Ale Guti\u00e9rrez, encabez\u00f3 la rueda de prensa de la Asociaci\u00f3n de Empresas&nbsp;Proveedoras Industriales de M\u00e9xico (APIMEX), donde subray\u00f3 que eventos como ANPIC dan&nbsp;identidad, desarrollo y orgullo a Le\u00f3n.<\/p>\n\n\n\n<figure class=\"wp-block-gallery has-nested-images columns-default is-cropped wp-block-gallery-2 is-layout-flex wp-block-gallery-is-layout-flex\">\n<figure class=\"wp-block-image size-large\"><img decoding=\"async\" width=\"500\" height=\"333\" data-id=\"1064038\" src=\"https:\/\/dimensionturistica.com\/es\/wp-content\/uploads\/2025\/10\/1LEON.jpg\" alt=\"\" class=\"wp-image-1064038\" srcset=\"https:\/\/dimensionturistica.com\/es\/wp-content\/uploads\/2025\/10\/1LEON.jpg 500w, https:\/\/dimensionturistica.com\/es\/wp-content\/uploads\/2025\/10\/1LEON-300x200.jpg 300w\" sizes=\"(max-width: 500px) 100vw, 500px\" \/><\/figure>\n<\/figure>\n\n\n\n<p>\u201cAlgo que nos ha dado identidad, que nos ha hecho referencia, justamente tienen que ver con la&nbsp;piel, el calzado y la proveedur\u00eda. Hemos venido apoyando desde el Municipio en hacer equipo con&nbsp;el sector empresarial, con cada una de las C\u00e1maras que han hecho que Le\u00f3n siga adelante, que&nbsp;durante muchos a\u00f1os ha generado identidad, pero tambi\u00e9n ha generado riqueza a todos los&nbsp;alrededores\u201d, detall\u00f3.<\/p>\n\n\n\n<p>Bajo el lema \u2018Inspiraci\u00f3n en cada elemento, innovaci\u00f3n en cada detalle\u2019, ANPIC reunir\u00e1 m\u00e1s de 900&nbsp;stands con 280 marcas nacionales e internacionales, siendo el punto de encuentro esencial para&nbsp;quienes transforman la industria del cuero, calzado, moda y marroquiner\u00eda.<\/p>\n\n\n\n<figure class=\"wp-block-gallery has-nested-images columns-default is-cropped wp-block-gallery-3 is-layout-flex wp-block-gallery-is-layout-flex\">\n<figure class=\"wp-block-image size-large\"><img decoding=\"async\" width=\"500\" height=\"333\" data-id=\"1064040\" src=\"https:\/\/dimensionturistica.com\/es\/wp-content\/uploads\/2025\/10\/2LEON-1.jpg\" alt=\"\" class=\"wp-image-1064040\" srcset=\"https:\/\/dimensionturistica.com\/es\/wp-content\/uploads\/2025\/10\/2LEON-1.jpg 500w, https:\/\/dimensionturistica.com\/es\/wp-content\/uploads\/2025\/10\/2LEON-1-300x200.jpg 300w\" sizes=\"(max-width: 500px) 100vw, 500px\" \/><\/figure>\n<\/figure>\n\n\n\n<p>Ale Guti\u00e9rrez asegur\u00f3 que su Administraci\u00f3n seguir\u00e1 trabajando en coordinaci\u00f3n con cada sector.<\/p>\n\n\n\n<p>\u201cHay una alianza muy importante en todos los sectores, porque desde hace muchos a\u00f1os se han&nbsp;apoyado para poder ir creciendo y ante los retos se crece. Por eso seguimos siendo referencia a&nbsp;nivel internacional, tanto en cuero y calzado\u201d, afirm\u00f3.<\/p>\n\n\n\n<figure class=\"wp-block-gallery has-nested-images columns-default is-cropped wp-block-gallery-4 is-layout-flex wp-block-gallery-is-layout-flex\">\n<figure class=\"wp-block-image size-large\"><img decoding=\"async\" width=\"500\" height=\"333\" data-id=\"1064042\" src=\"https:\/\/dimensionturistica.com\/es\/wp-content\/uploads\/2025\/10\/3LEON.jpg\" alt=\"\" class=\"wp-image-1064042\" srcset=\"https:\/\/dimensionturistica.com\/es\/wp-content\/uploads\/2025\/10\/3LEON.jpg 500w, https:\/\/dimensionturistica.com\/es\/wp-content\/uploads\/2025\/10\/3LEON-300x200.jpg 300w\" sizes=\"(max-width: 500px) 100vw, 500px\" \/><\/figure>\n<\/figure>\n\n\n\n<p>Durante 3 d\u00edas, los asistentes podr\u00e1n acceder a conferencias, talleres, paneles y espacios de&nbsp;networking impartidas por profesionistas y expertos en la industria; mientras que, la tradicional&nbsp;pasarela se realizar\u00e1 el jueves 23 de octubre<\/p>\n\n\n\n<p>El presidente de APIMEX, Fernando Padilla Padilla, destac\u00f3 la fuerza del ecosistema empresarial&nbsp;leon\u00e9s&nbsp;\u201cLa marca ANPIC est\u00e1 posicionada en todas partes, y est\u00e1 constituida por mucha empresa&nbsp;mexicana, micropeque\u00f1a y grande empresa que tambi\u00e9n es otra de las cualidades que tenemos en&nbsp;Le\u00f3n, mucho emprendedurismo, muchas empresas, es una industria muy importante el calzado y&nbsp;la proveedur\u00eda\u201d, coment\u00f3.<\/p>\n\n\n\n<figure class=\"wp-block-gallery has-nested-images columns-default is-cropped wp-block-gallery-5 is-layout-flex wp-block-gallery-is-layout-flex\">\n<figure class=\"wp-block-image size-large\"><img decoding=\"async\" width=\"500\" height=\"333\" data-id=\"1064044\" src=\"https:\/\/dimensionturistica.com\/es\/wp-content\/uploads\/2025\/10\/4LEON-1.jpg\" alt=\"\" class=\"wp-image-1064044\" srcset=\"https:\/\/dimensionturistica.com\/es\/wp-content\/uploads\/2025\/10\/4LEON-1.jpg 500w, https:\/\/dimensionturistica.com\/es\/wp-content\/uploads\/2025\/10\/4LEON-1-300x200.jpg 300w\" sizes=\"(max-width: 500px) 100vw, 500px\" \/><\/figure>\n<\/figure>\n\n\n\n<p>Marco Antonio Morales Garc\u00eda, director general de Estrategia Econ\u00f3mica y Comunicaci\u00f3n del&nbsp;Gobierno del Estado de Guanajuato en representaci\u00f3n de la gobernadora Libia Dennise Garc\u00eda&nbsp;Mu\u00f1oz Ledo, reconoci\u00f3 las pol\u00edticas p\u00fablicas que impulsa Le\u00f3n para apoyar a los emprendedores.<\/p>\n\n\n\n<p>\u201cLe\u00f3n tiene una cantidad de apoyos importantes para aquellas todas personas que quieran&nbsp;empezar alg\u00fan negocio o fortalecer alg\u00fan negocio\u201d, apunt\u00f3.<\/p>\n\n\n\n<figure class=\"wp-block-gallery has-nested-images columns-default is-cropped wp-block-gallery-6 is-layout-flex wp-block-gallery-is-layout-flex\">\n<figure class=\"wp-block-image size-large\"><img decoding=\"async\" width=\"500\" height=\"333\" data-id=\"1064045\" src=\"https:\/\/dimensionturistica.com\/es\/wp-content\/uploads\/2025\/10\/5LEON-1.jpg\" alt=\"\" class=\"wp-image-1064045\" srcset=\"https:\/\/dimensionturistica.com\/es\/wp-content\/uploads\/2025\/10\/5LEON-1.jpg 500w, https:\/\/dimensionturistica.com\/es\/wp-content\/uploads\/2025\/10\/5LEON-1-300x200.jpg 300w\" sizes=\"(max-width: 500px) 100vw, 500px\" \/><\/figure>\n<\/figure>\n\n\n\n<p>En la conferencia tambi\u00e9n estuvieron presentes, Seguismundo Doguin Garay, responsable de la&nbsp;Industria del Calzado, Textil y Vestido de la Secretar\u00eda de Econom\u00eda del Gobierno de M\u00e9xico; Mar\u00eda&nbsp;Fernanda Rodr\u00edguez Gonz\u00e1lez, secretaria para la Reactivaci\u00f3n Econ\u00f3mica de Le\u00f3n; Yazm\u00edn Quiroz&nbsp;L\u00f3pez, directora general de Hospitalidad y Turismo de Le\u00f3n; y Mauricio Ruiz Campos,&nbsp;vicepresidente de ANPIC y ANPIC OSS;<\/p>\n\n\n\n<figure class=\"wp-block-gallery has-nested-images columns-default is-cropped wp-block-gallery-7 is-layout-flex wp-block-gallery-is-layout-flex\">\n<figure class=\"wp-block-image size-large\"><img decoding=\"async\" width=\"348\" height=\"281\" data-id=\"1064047\" src=\"https:\/\/dimensionturistica.com\/es\/wp-content\/uploads\/2025\/10\/6LEON.jpg\" alt=\"\" class=\"wp-image-1064047\" srcset=\"https:\/\/dimensionturistica.com\/es\/wp-content\/uploads\/2025\/10\/6LEON.jpg 348w, https:\/\/dimensionturistica.com\/es\/wp-content\/uploads\/2025\/10\/6LEON-300x242.jpg 300w\" sizes=\"(max-width: 348px) 100vw, 348px\" \/><\/figure>\n<\/figure>\n\n\n\n<p>El registro para participar est\u00e1 disponible en www.anpic.com, con acceso gratuito para visitantes&nbsp;nacionales e internacionales.<\/p>\n\n\n\n<p>Con ANPIC, Le\u00f3n reafirma su liderazgo como la capital de las tendencias, la innovaci\u00f3n y las&nbsp;oportunidades, fortaleciendo la competitividad y el desarrollo econ\u00f3mico de toda la cadena&nbsp;productiva mexicana.<\/p>\n","protected":false},"excerpt":{"rendered":"<p>Moda, innovaci\u00f3n y tendencia se reunir\u00e1n&nbsp;nuevamente en Le\u00f3n del 22 al 25 de octubre durante la 66\u00b0 edici\u00f3n de ANPIC, el evento m\u00e1s&nbsp;importante de proveedur\u00eda en Am\u00e9rica Latina. Esta gran exposici\u00f3n consolida a Le\u00f3n como una ciudad l\u00edder en los sectores de cuero, calzado y&nbsp;marroquiner\u00eda, donde tradici\u00f3n e innovaci\u00f3n se entrelazan para proyectar al mundo [&hellip;]<\/p>\n","protected":false},"author":1,"featured_media":0,"comment_status":"open","ping_status":"closed","sticky":false,"template":"","format":"standard","meta":{"om_disable_all_campaigns":false,"jnews-multi-image_gallery":[],"jnews_single_post":[],"jnews_primary_category":[],"jnews_social_meta":[],"footnotes":""},"categories":[144872],"tags":[],"class_list":["post-1064032","post","type-post","status-publish","format-standard","hentry","category-fashion"],"_links":{"self":[{"href":"https:\/\/dimensionturistica.com\/es\/wp-json\/wp\/v2\/posts\/1064032","targetHints":{"allow":["GET"]}}],"collection":[{"href":"https:\/\/dimensionturistica.com\/es\/wp-json\/wp\/v2\/posts"}],"about":[{"href":"https:\/\/dimensionturistica.com\/es\/wp-json\/wp\/v2\/types\/post"}],"author":[{"embeddable":true,"href":"https:\/\/dimensionturistica.com\/es\/wp-json\/wp\/v2\/users\/1"}],"replies":[{"embeddable":true,"href":"https:\/\/dimensionturistica.com\/es\/wp-json\/wp\/v2\/comments?post=1064032"}],"version-history":[{"count":1,"href":"https:\/\/dimensionturistica.com\/es\/wp-json\/wp\/v2\/posts\/1064032\/revisions"}],"predecessor-version":[{"id":1064050,"href":"https:\/\/dimensionturistica.com\/es\/wp-json\/wp\/v2\/posts\/1064032\/revisions\/1064050"}],"wp:attachment":[{"href":"https:\/\/dimensionturistica.com\/es\/wp-json\/wp\/v2\/media?parent=1064032"}],"wp:term":[{"taxonomy":"category","embeddable":true,"href":"https:\/\/dimensionturistica.com\/es\/wp-json\/wp\/v2\/categories?post=1064032"},{"taxonomy":"post_tag","embeddable":true,"href":"https:\/\/dimensionturistica.com\/es\/wp-json\/wp\/v2\/tags?post=1064032"}],"curies":[{"name":"wp","href":"https:\/\/api.w.org\/{rel}","templated":true}]}}