{"id":1064000,"date":"2025-10-20T19:16:13","date_gmt":"2025-10-20T19:16:13","guid":{"rendered":"https:\/\/dimensionturistica.com\/es\/?p=1064000"},"modified":"2025-10-20T19:16:13","modified_gmt":"2025-10-20T19:16:13","slug":"presentamos-nuestra-edicion-exclusiva-de-noviembre-2025-celebrando-a-los-latinos-en-hollywood","status":"publish","type":"post","link":"https:\/\/dimensionturistica.com\/es\/presentamos-nuestra-edicion-exclusiva-de-noviembre-2025-celebrando-a-los-latinos-en-hollywood\/","title":{"rendered":"Presentamos nuestra edici\u00f3n exclusiva de noviembre 2025: Celebrando a los latinos en Hollywood."},"content":{"rendered":"<h3>La Moda como Reflejo del Cambio Social: Un Viaje a la Esencia de Nuestro Tiempo<\/h3>\n<p>La moda, ese arte ef\u00edmero y fascinante, trasciende las pasarelas para convertirse en un espejo de las transformaciones profundas que ocurren en nuestra sociedad. En el mundo actual, la industria de la moda se encuentra en una encrucijada, no solo enfrentando desaf\u00edos econ\u00f3micos, sino tambi\u00e9n cuestionando su propia relevancia en medio de un contexto que reclama autenticidad y responsabilidad.<\/p>\n<h4>Una Nueva Era de Responsabilidad<\/h4>\n<p>En a\u00f1os recientes, se ha intensificado la conversaci\u00f3n sobre la sostenibilidad y el consumo consciente. Cada vez m\u00e1s, los dise\u00f1adores y marcas est\u00e1n tomando decisiones audaces para reducir su huella ambiental. Materiales org\u00e1nicos, pr\u00e1cticas de producci\u00f3n \u00e9ticas y un enfoque renovado en la durabilidad son ahora imprescindibles en el armario moderno. Esta transformaci\u00f3n no es solo una tendencia pasajera; es un compromiso hacia un futuro en el que la moda realimente nuestro mundo, en lugar de destruirlo.<\/p>\n<h4>La Diversidad como Pilar Fundamental<\/h4>\n<p>La diversidad, en sus m\u00faltiples formas, ocupa un lugar central en esta narrativa. La inclusi\u00f3n no se limita a las tallas o etnias; se trata de celebrar la individualidad, de crear espacios donde todas las voces sean escuchadas y valoradas. Las grandes marcas, as\u00ed como los emergentes, est\u00e1n comenzando a reconocer que la verdadera belleza radica en la autenticidad. Esto se traduce en campa\u00f1as publicitarias m\u00e1s representativas y en un enfoque general que busca reflejar las historias de diferentes culturas, edades y estilos de vida.<\/p>\n<h4>La Conexi\u00f3n Detr\u00e1s de la Pantalla<\/h4>\n<p>La era digital ha transformado la forma en que consumimos moda. Las redes sociales permiten que los consumidores se conviertan en creadores de contenido, compartiendo sus propias narrativas visuales. Como resultado, la moda se ha democratizado, y las tendencias pueden surgir de cualquier rinc\u00f3n del mundo, impulsadas por la creatividad de las personas. Esta conexi\u00f3n profunda entre marcas y consumidores crea una relaci\u00f3n m\u00e1s significativa, donde el di\u00e1logo y la participaci\u00f3n son clave.<\/p>\n<h4>Innovaci\u00f3n y Tecnolog\u00eda: La Fusi\u00f3n Perfecta<\/h4>\n<p>La innovaci\u00f3n tecnol\u00f3gica se presenta como otro pilar en esta din\u00e1mica de cambio. Desde la inteligencia artificial en el dise\u00f1o hasta las nuevas formas de presentar colecciones a trav\u00e9s de la realidad aumentada, el sector est\u00e1 adoptando avances que permiten una mayor interactividad y personalizaci\u00f3n. Esto no solo enriquece la experiencia del usuario, sino que tambi\u00e9n redefine la manera en que se perciben y se viven las tendencias.<\/p>\n<h4>La Moda como Acci\u00f3n Social<\/h4>\n<p>Finalmente, la moda se ha manifestado como un veh\u00edculo para el cambio social. Campa\u00f1as que promueven la igualdad de g\u00e9nero, la lucha contra el racismo o la visibilidad de la comunidad LGBTQ+ est\u00e1n instauradas en el ethos de muchas marcas contempor\u00e1neas. Cada prenda se convierte en una declaraci\u00f3n, un s\u00edmbolo que trasciende el mero acto de vestirse.<\/p>\n<p>En resumen, la moda actual no es solo un reflejo de los gustos y preferencias est\u00e9ticas; es una compleja intersecci\u00f3n de deseos, exigencias y sue\u00f1os compartidos. En esta nueva era, la moda nos invita a ser parte activa del cambio, mostrando que cada elecci\u00f3n cuenta y que cada voz puede resonar. La transformaci\u00f3n est\u00e1 en marcha, y la pr\u00f3xima colecci\u00f3n est\u00e1 por llegar, con un mensaje poderoso y una intenci\u00f3n genuina detr\u00e1s de cada costura.<\/p>\n<p><em> &#8221; Fuentes www.vogue.mx &#8221; <\/em><\/p>\n","protected":false},"excerpt":{"rendered":"<p>La Moda como Reflejo del Cambio Social: Un Viaje a la Esencia de Nuestro Tiempo La moda, ese arte ef\u00edmero y fascinante, trasciende las pasarelas para convertirse en un espejo de las transformaciones profundas que ocurren en nuestra sociedad. En el mundo actual, la industria de la moda se encuentra en una encrucijada, no solo [&hellip;]<\/p>\n","protected":false},"author":14,"featured_media":1064001,"comment_status":"open","ping_status":"closed","sticky":false,"template":"","format":"standard","meta":{"om_disable_all_campaigns":false,"jnews-multi-image_gallery":[],"jnews_single_post":[],"jnews_primary_category":[],"jnews_social_meta":[],"footnotes":""},"categories":[144872],"tags":[875,662,4095,140666,1371,16295,9735,659,134799,50356,211556],"class_list":["post-1064000","post","type-post","status-publish","format-standard","has-post-thumbnail","hentry","category-fashion","tag-cine","tag-cultura","tag-diversidad","tag-edicion-especial","tag-entretenimiento","tag-hollywood","tag-latinos","tag-moda","tag-noviembre-2025","tag-vogue","tag-vogue-world"],"_links":{"self":[{"href":"https:\/\/dimensionturistica.com\/es\/wp-json\/wp\/v2\/posts\/1064000","targetHints":{"allow":["GET"]}}],"collection":[{"href":"https:\/\/dimensionturistica.com\/es\/wp-json\/wp\/v2\/posts"}],"about":[{"href":"https:\/\/dimensionturistica.com\/es\/wp-json\/wp\/v2\/types\/post"}],"author":[{"embeddable":true,"href":"https:\/\/dimensionturistica.com\/es\/wp-json\/wp\/v2\/users\/14"}],"replies":[{"embeddable":true,"href":"https:\/\/dimensionturistica.com\/es\/wp-json\/wp\/v2\/comments?post=1064000"}],"version-history":[{"count":1,"href":"https:\/\/dimensionturistica.com\/es\/wp-json\/wp\/v2\/posts\/1064000\/revisions"}],"predecessor-version":[{"id":1064002,"href":"https:\/\/dimensionturistica.com\/es\/wp-json\/wp\/v2\/posts\/1064000\/revisions\/1064002"}],"wp:featuredmedia":[{"embeddable":true,"href":"https:\/\/dimensionturistica.com\/es\/wp-json\/wp\/v2\/media\/1064001"}],"wp:attachment":[{"href":"https:\/\/dimensionturistica.com\/es\/wp-json\/wp\/v2\/media?parent=1064000"}],"wp:term":[{"taxonomy":"category","embeddable":true,"href":"https:\/\/dimensionturistica.com\/es\/wp-json\/wp\/v2\/categories?post=1064000"},{"taxonomy":"post_tag","embeddable":true,"href":"https:\/\/dimensionturistica.com\/es\/wp-json\/wp\/v2\/tags?post=1064000"}],"curies":[{"name":"wp","href":"https:\/\/api.w.org\/{rel}","templated":true}]}}