{"id":1063987,"date":"2025-10-20T19:04:13","date_gmt":"2025-10-20T19:04:13","guid":{"rendered":"https:\/\/dimensionturistica.com\/es\/?p=1063987"},"modified":"2025-10-20T19:04:13","modified_gmt":"2025-10-20T19:04:13","slug":"mexico-hacia-una-salud-visual-10-estrategias-para-un-futuro-sin-ceguera-y-discapacidad-visual","status":"publish","type":"post","link":"https:\/\/dimensionturistica.com\/es\/mexico-hacia-una-salud-visual-10-estrategias-para-un-futuro-sin-ceguera-y-discapacidad-visual\/","title":{"rendered":"M\u00e9xico hacia una\u00a0salud visual\u00a010 estrategias para un\u00a0futuro sin ceguera y discapacidad visual"},"content":{"rendered":"\n<p><\/p>\n\n\n\n<figure class=\"wp-block-gallery has-nested-images columns-default is-cropped wp-block-gallery-1 is-layout-flex wp-block-gallery-is-layout-flex\">\n<figure class=\"wp-block-image size-large\"><img decoding=\"async\" width=\"500\" height=\"276\" data-id=\"1063988\" src=\"https:\/\/dimensionturistica.com\/es\/wp-content\/uploads\/2025\/10\/2OJOS.gif\" alt=\"\" class=\"wp-image-1063988\"\/><\/figure>\n<\/figure>\n\n\n\n<p>En M\u00e9xico, m\u00e1s de 16 millones de personas viven&nbsp;con p\u00e9rdida de la visi\u00f3n\u2014incluyendo 540 mil casos de ceguera\u2014, lo que representa un problema&nbsp;de salud p\u00fablica. Por lo que el d\u00eda de hoy, la Sociedad Mexicana de Oftalmolog\u00eda (SMO),&nbsp;Asociaci\u00f3n para Evitar la Ceguera en M\u00e9xico (APEC) y la Fundaci\u00f3n Mexicana para la Salud&nbsp;(FUNSALUD), presentaron el documento Propuestas para construir un M\u00e9xico con Salud&nbsp;Visual 2024-2030. Diez estrategias para construir un futuro sin ceguera y discapacidad&nbsp;visual, un plan estrat\u00e9gico elaborado por expertos de diversas organizaciones e instituciones, que&nbsp;busca colocar la salud visual en el centro de la agenda p\u00fablica, reducir la discapacidad visual, las&nbsp;desigualdades y asegurar acceso universal a servicios oftalmol\u00f3gicos de calidad.<\/p>\n\n\n\n<p>\u201cEl documento propone 10 estrategias estructurales que abarcan desde fortalecer la rector\u00eda del&nbsp;sector salud hasta fomentar la transformaci\u00f3n digital y la tele-oftalmolog\u00eda. La idea es clara: lograr&nbsp;un sistema articulado, incluyente y sostenible que permita prevenir millones de casos de&nbsp;discapacidad visual en los pr\u00f3ximos a\u00f1os\u201d, afirm\u00f3 el doctor H\u00e9ctor Pe\u00f1a, Socio Fundador de&nbsp;Blutitude Health Care Intelligence.<\/p>\n\n\n\n<figure class=\"wp-block-gallery has-nested-images columns-default is-cropped wp-block-gallery-2 is-layout-flex wp-block-gallery-is-layout-flex\">\n<figure class=\"wp-block-image size-large\"><img decoding=\"async\" width=\"500\" height=\"336\" data-id=\"1063989\" src=\"https:\/\/dimensionturistica.com\/es\/wp-content\/uploads\/2025\/10\/3OJOS.jpg\" alt=\"\" class=\"wp-image-1063989\" srcset=\"https:\/\/dimensionturistica.com\/es\/wp-content\/uploads\/2025\/10\/3OJOS.jpg 500w, https:\/\/dimensionturistica.com\/es\/wp-content\/uploads\/2025\/10\/3OJOS-300x202.jpg 300w\" sizes=\"(max-width: 500px) 100vw, 500px\" \/><\/figure>\n<\/figure>\n\n\n\n<p>Entre las estrategias destacan: integrar la salud visual a la atenci\u00f3n primaria; alinear pol\u00edticas con&nbsp;metas internacionales; garantizar financiamiento suficiente; impulsar colaboraci\u00f3n p\u00fablico-privada;&nbsp;fortalecer la formaci\u00f3n de especialistas; incorporar nuevas tecnolog\u00edas y garantizar atenci\u00f3n&nbsp;centrada en la persona. \u201cSon pasos indispensables para evitar que el envejecimiento poblacional&nbsp;incremente en m\u00e1s de 70% los casos de p\u00e9rdida visual hacia 2040\u201d, a\u00f1adi\u00f3 el doctor Pe\u00f1a.<\/p>\n\n\n\n<p>Por su parte, la doctora Valeria S\u00e1nchez Huerta, presidente regional para Am\u00e9rica Latina de la&nbsp;Agencia Internacional para la Prevenci\u00f3n de la Ceguera (IAPB), subray\u00f3 que este es un&nbsp;documento vivo, que debe irse adaptando continuamente. Prueba de ello es la incorporaci\u00f3n de&nbsp;una nueva propuesta, la n\u00famero 11: Contar con un marco normativo cierto, flexible y seguro,&nbsp;para ofrecer certidumbre jur\u00eddica a todos los actores involucrados. Que asegure el uso&nbsp;seguro de la telemedicina y la inteligencia artificial en salud visual, centrada en los derechos&nbsp;humanos, adaptada a las condiciones y necesidades de las personas en M\u00e9xico\u201d.<\/p>\n\n\n\n<figure class=\"wp-block-gallery has-nested-images columns-default is-cropped wp-block-gallery-3 is-layout-flex wp-block-gallery-is-layout-flex\">\n<figure class=\"wp-block-image size-large\"><img decoding=\"async\" width=\"500\" height=\"343\" data-id=\"1063990\" src=\"https:\/\/dimensionturistica.com\/es\/wp-content\/uploads\/2025\/10\/4OJOS.jpg\" alt=\"\" class=\"wp-image-1063990\" srcset=\"https:\/\/dimensionturistica.com\/es\/wp-content\/uploads\/2025\/10\/4OJOS.jpg 500w, https:\/\/dimensionturistica.com\/es\/wp-content\/uploads\/2025\/10\/4OJOS-300x206.jpg 300w\" sizes=\"(max-width: 500px) 100vw, 500px\" \/><\/figure>\n<\/figure>\n\n\n\n<p>Y agreg\u00f3: \u201cM\u00e9xico se encuentra entre los 10 pa\u00edses con mayor n\u00famero de personas con&nbsp;deficiencia visual y ceguera. Actualmente, el 12.1% de la poblaci\u00f3n vive con p\u00e9rdida de visi\u00f3n y las&nbsp;mujeres representan m\u00e1s de la mitad de los casos. Esta realidad exige respuestas inmediatas: m\u00e1s&nbsp;tamizajes, m\u00e1s infraestructura y una mayor coordinaci\u00f3n intersectorial\u201d.<\/p>\n\n\n\n<p>Dicho documento, que representa un hito en la salud visual en M\u00e9xico, revela adem\u00e1s que la&nbsp;discapacidad visual es ya la primera causa de discapacidad en M\u00e9xico, con 3.7 millones de&nbsp;personas afectadas. \u201cNo es solo un problema de salud, sino tambi\u00e9n econ\u00f3mico: cada a\u00f1o se&nbsp;pierden m\u00e1s de 50 mil millones de pesos en productividad debido a la ceguera y a la deficiencia&nbsp;visual moderada o severa\u201d, puntualiz\u00f3 la doctora S\u00e1nchez.<\/p>\n\n\n\n<p>En el terreno m\u00e9dico, los hallazgos son contundentes: los errores de refracci\u00f3n no corregidos y las&nbsp;cataratas representan el 75% de los casos de deficiencia visual y ceguera. A ello se suman la&nbsp;retinopat\u00eda diab\u00e9tica y la retinopat\u00eda del prematuro, que juntas representan m\u00e1s del 10% de la&nbsp;carga total. \u201cEstamos hablando de causas tratables, que si se abordan de manera oportuna&nbsp;pueden cambiar la vida de millones de mexicanos\u201d, se\u00f1al\u00f3 el doctor Jos\u00e9 Antonio Paczka&nbsp;Zapata, presidente de la SMO.<\/p>\n\n\n\n<figure class=\"wp-block-gallery has-nested-images columns-default is-cropped wp-block-gallery-4 is-layout-flex wp-block-gallery-is-layout-flex\">\n<figure class=\"wp-block-image size-large\"><img decoding=\"async\" width=\"500\" height=\"281\" data-id=\"1063991\" src=\"https:\/\/dimensionturistica.com\/es\/wp-content\/uploads\/2025\/10\/1OJOS.jpg\" alt=\"\" class=\"wp-image-1063991\" srcset=\"https:\/\/dimensionturistica.com\/es\/wp-content\/uploads\/2025\/10\/1OJOS.jpg 500w, https:\/\/dimensionturistica.com\/es\/wp-content\/uploads\/2025\/10\/1OJOS-300x169.jpg 300w\" sizes=\"(max-width: 500px) 100vw, 500px\" \/><\/figure>\n<\/figure>\n\n\n\n<p>Los factores de riesgo m\u00e1s comunes son la edad avanzada, la diabetes, la obesidad, el&nbsp;tabaquismo y la exposici\u00f3n ambiental. \u201cLo m\u00e1s preocupante es que muchos de estos factores son&nbsp;compartidos con otras enfermedades cr\u00f3nicas no transmisibles. Si logramos prevenirlos de manera&nbsp;integral, podemos no solo mejorar la salud visual, sino tambi\u00e9n reducir la carga de males&nbsp;cardiovasculares, pulmonares y metab\u00f3licos\u201d, agreg\u00f3 el doctor Paczka.<\/p>\n\n\n\n<p>El estudio concluye con un llamado a la acci\u00f3n: convertir la salud visual en prioridad nacional.&nbsp;\u201cInvertir en salud visual es invertir en productividad, inclusi\u00f3n y calidad de vida. M\u00e9xico no puede&nbsp;esperar m\u00e1s para abrir los ojos ante esta urgencia\u201d, coincidieron los tres voceros.<\/p>\n\n\n\n<figure class=\"wp-block-gallery has-nested-images columns-default is-cropped wp-block-gallery-5 is-layout-flex wp-block-gallery-is-layout-flex\">\n<figure class=\"wp-block-image size-large\"><img decoding=\"async\" width=\"500\" height=\"375\" data-id=\"1063993\" src=\"https:\/\/dimensionturistica.com\/es\/wp-content\/uploads\/2025\/10\/12OJOS.jpg\" alt=\"\" class=\"wp-image-1063993\" srcset=\"https:\/\/dimensionturistica.com\/es\/wp-content\/uploads\/2025\/10\/12OJOS.jpg 500w, https:\/\/dimensionturistica.com\/es\/wp-content\/uploads\/2025\/10\/12OJOS-300x225.jpg 300w\" sizes=\"(max-width: 500px) 100vw, 500px\" \/><\/figure>\n<\/figure>\n\n\n\n<p>Las instituciones que participaron son: Conde de Valenciana, Fundaci\u00f3n Ver Bien para Aprender&nbsp;Mejor, Sociedad Mexicana de Oftalmolog\u00eda (SMO), IAPB (International Agency for the Prevention of&nbsp;Blindness), CMSVP &#8211; Centro Mexicano de Salud Visual Preventiva, Consejo de Optometr\u00eda M\u00e9xico,&nbsp;Hospital La Carlota, Hospital de la Luz (Fundaci\u00f3n Hospital Nuestra Se\u00f1ora de la Luz, IAP), IMO &#8211;&nbsp;Instituto Mexicano de Oftalmolog\u00eda, IAP, Instituto Oftavisi\u00f3n (Alta Especialidad en Oftalmolog\u00eda) y&nbsp;APEC &#8211; Hospital de la Ceguera.<\/p>\n","protected":false},"excerpt":{"rendered":"<p>En M\u00e9xico, m\u00e1s de 16 millones de personas viven&nbsp;con p\u00e9rdida de la visi\u00f3n\u2014incluyendo 540 mil casos de ceguera\u2014, lo que representa un problema&nbsp;de salud p\u00fablica. Por lo que el d\u00eda de hoy, la Sociedad Mexicana de Oftalmolog\u00eda (SMO),&nbsp;Asociaci\u00f3n para Evitar la Ceguera en M\u00e9xico (APEC) y la Fundaci\u00f3n Mexicana para la Salud&nbsp;(FUNSALUD), presentaron el documento [&hellip;]<\/p>\n","protected":false},"author":1,"featured_media":0,"comment_status":"open","ping_status":"closed","sticky":false,"template":"","format":"standard","meta":{"om_disable_all_campaigns":false,"jnews-multi-image_gallery":[],"jnews_single_post":[],"jnews_primary_category":[],"jnews_social_meta":[],"footnotes":""},"categories":[40],"tags":[],"class_list":["post-1063987","post","type-post","status-publish","format-standard","hentry","category-industria"],"_links":{"self":[{"href":"https:\/\/dimensionturistica.com\/es\/wp-json\/wp\/v2\/posts\/1063987","targetHints":{"allow":["GET"]}}],"collection":[{"href":"https:\/\/dimensionturistica.com\/es\/wp-json\/wp\/v2\/posts"}],"about":[{"href":"https:\/\/dimensionturistica.com\/es\/wp-json\/wp\/v2\/types\/post"}],"author":[{"embeddable":true,"href":"https:\/\/dimensionturistica.com\/es\/wp-json\/wp\/v2\/users\/1"}],"replies":[{"embeddable":true,"href":"https:\/\/dimensionturistica.com\/es\/wp-json\/wp\/v2\/comments?post=1063987"}],"version-history":[{"count":1,"href":"https:\/\/dimensionturistica.com\/es\/wp-json\/wp\/v2\/posts\/1063987\/revisions"}],"predecessor-version":[{"id":1063994,"href":"https:\/\/dimensionturistica.com\/es\/wp-json\/wp\/v2\/posts\/1063987\/revisions\/1063994"}],"wp:attachment":[{"href":"https:\/\/dimensionturistica.com\/es\/wp-json\/wp\/v2\/media?parent=1063987"}],"wp:term":[{"taxonomy":"category","embeddable":true,"href":"https:\/\/dimensionturistica.com\/es\/wp-json\/wp\/v2\/categories?post=1063987"},{"taxonomy":"post_tag","embeddable":true,"href":"https:\/\/dimensionturistica.com\/es\/wp-json\/wp\/v2\/tags?post=1063987"}],"curies":[{"name":"wp","href":"https:\/\/api.w.org\/{rel}","templated":true}]}}