{"id":1063960,"date":"2025-10-20T18:22:35","date_gmt":"2025-10-20T18:22:35","guid":{"rendered":"https:\/\/dimensionturistica.com\/es\/?p=1063960"},"modified":"2025-10-20T18:22:35","modified_gmt":"2025-10-20T18:22:35","slug":"puerto-vallarta-impulsa-promocion-turistica-en-el-bajio","status":"publish","type":"post","link":"https:\/\/dimensionturistica.com\/es\/puerto-vallarta-impulsa-promocion-turistica-en-el-bajio\/","title":{"rendered":"Puerto Vallarta impulsa Promoci\u00f3n Tur\u00edstica en el Baj\u00edo"},"content":{"rendered":"\n<figure class=\"wp-block-gallery has-nested-images columns-default is-cropped wp-block-gallery-1 is-layout-flex wp-block-gallery-is-layout-flex\">\n<figure class=\"wp-block-image size-large\"><img decoding=\"async\" width=\"500\" height=\"343\" data-id=\"1063963\" src=\"https:\/\/dimensionturistica.com\/es\/wp-content\/uploads\/2025\/10\/1PUERTO-1.jpg\" alt=\"\" class=\"wp-image-1063963\" srcset=\"https:\/\/dimensionturistica.com\/es\/wp-content\/uploads\/2025\/10\/1PUERTO-1.jpg 500w, https:\/\/dimensionturistica.com\/es\/wp-content\/uploads\/2025\/10\/1PUERTO-1-300x206.jpg 300w\" sizes=\"(max-width: 500px) 100vw, 500px\" \/><\/figure>\n<\/figure>\n\n\n\n<p>Con el prop\u00f3sito de actualizar a los asesores de viajes y reforzar su posicionamiento como uno de los destinos tur\u00edsticos m\u00e1s atractivos de M\u00e9xico, el Fideicomiso de Turismo de Puerto Vallarta llev\u00f3 a cabo una caravana de promoci\u00f3n en la regi\u00f3n del Baj\u00edo del 22 al 26 de septiembre.<\/p>\n\n\n\n<figure class=\"wp-block-gallery has-nested-images columns-default is-cropped wp-block-gallery-2 is-layout-flex wp-block-gallery-is-layout-flex\">\n<figure class=\"wp-block-image size-large\"><img decoding=\"async\" width=\"500\" height=\"281\" data-id=\"1063964\" src=\"https:\/\/dimensionturistica.com\/es\/wp-content\/uploads\/2025\/10\/2PUERTO-1.jpg\" alt=\"\" class=\"wp-image-1063964\" srcset=\"https:\/\/dimensionturistica.com\/es\/wp-content\/uploads\/2025\/10\/2PUERTO-1.jpg 500w, https:\/\/dimensionturistica.com\/es\/wp-content\/uploads\/2025\/10\/2PUERTO-1-300x169.jpg 300w\" sizes=\"(max-width: 500px) 100vw, 500px\" \/><\/figure>\n<\/figure>\n\n\n\n<p>Las ciudades de Aguascalientes, Le\u00f3n, San Luis Potos\u00ed, Quer\u00e9taro y Morelia fueron sede de una serie de seminarios organizados en colaboraci\u00f3n con las mayoristas Record Vacation, Grupo FPV, Laoperadora.com y Naturle\u00f3n, aliados estrat\u00e9gicos del destino que convocaron a m\u00e1s de 300 agentes de viajes.<\/p>\n\n\n\n<figure class=\"wp-block-gallery has-nested-images columns-default is-cropped wp-block-gallery-3 is-layout-flex wp-block-gallery-is-layout-flex\">\n<figure class=\"wp-block-image size-large\"><img decoding=\"async\" width=\"500\" height=\"375\" data-id=\"1063966\" src=\"https:\/\/dimensionturistica.com\/es\/wp-content\/uploads\/2025\/10\/4VALLA.jpg\" alt=\"\" class=\"wp-image-1063966\" srcset=\"https:\/\/dimensionturistica.com\/es\/wp-content\/uploads\/2025\/10\/4VALLA.jpg 500w, https:\/\/dimensionturistica.com\/es\/wp-content\/uploads\/2025\/10\/4VALLA-300x225.jpg 300w\" sizes=\"(max-width: 500px) 100vw, 500px\" \/><\/figure>\n<\/figure>\n\n\n\n<p>Durante las presentaciones, se destac\u00f3 la amplia oferta de experiencias que Puerto Vallarta ofrece a sus visitantes, que incluyen paseos por el emblem\u00e1tico malec\u00f3n, recorridos culturales por el centro hist\u00f3rico y sus galer\u00edas de arte, una vibrante zona rom\u00e1ntica, adem\u00e1s de actividades de aventura en la Sierra Madre y excursiones por la Bah\u00eda de Banderas, reconocida por su avistamiento de ballenas en temporada.<\/p>\n\n\n\n<figure class=\"wp-block-gallery has-nested-images columns-default is-cropped wp-block-gallery-4 is-layout-flex wp-block-gallery-is-layout-flex\">\n<figure class=\"wp-block-image size-large\"><img decoding=\"async\" width=\"500\" height=\"375\" data-id=\"1063968\" src=\"https:\/\/dimensionturistica.com\/es\/wp-content\/uploads\/2025\/10\/5PUERTO.jpg\" alt=\"\" class=\"wp-image-1063968\" srcset=\"https:\/\/dimensionturistica.com\/es\/wp-content\/uploads\/2025\/10\/5PUERTO.jpg 500w, https:\/\/dimensionturistica.com\/es\/wp-content\/uploads\/2025\/10\/5PUERTO-300x225.jpg 300w\" sizes=\"(max-width: 500px) 100vw, 500px\" \/><\/figure>\n<\/figure>\n\n\n\n<p>A la caravana se sumaron los hoteles Buenaventura Grand, El Pescador, Flamingo, Friendly Fun, Hacienda Buenaventura, Hotel Rosita, Las Palmas by the Sea, Vamar y Villa Premiere, los cuales compartieron sus novedades con el canal de ventas. Asimismo, la aerol\u00ednea Volaris particip\u00f3 destacando su conectividad hacia Puerto Vallarta con vuelos diarios desde Baj\u00edo y Quer\u00e9taro, adem\u00e1s de su reciente ruta desde Morelia con tres frecuencias semanales.<\/p>\n\n\n\n<p>Puerto Vallarta tambi\u00e9n promocion\u00f3 su cartelera de eventos permanentes de clase mundial, como Vallarta Nayarit Gastron\u00f3mica y el Festival Gourmet Internacional, que posicionan al destino como un referente culinario de M\u00e9xico.<\/p>\n\n\n\n<figure class=\"wp-block-gallery has-nested-images columns-default is-cropped wp-block-gallery-5 is-layout-flex wp-block-gallery-is-layout-flex\">\n<figure class=\"wp-block-image size-large\"><img decoding=\"async\" width=\"500\" height=\"375\" data-id=\"1063970\" src=\"https:\/\/dimensionturistica.com\/es\/wp-content\/uploads\/2025\/10\/22PUERTO.jpg\" alt=\"\" class=\"wp-image-1063970\" srcset=\"https:\/\/dimensionturistica.com\/es\/wp-content\/uploads\/2025\/10\/22PUERTO.jpg 500w, https:\/\/dimensionturistica.com\/es\/wp-content\/uploads\/2025\/10\/22PUERTO-300x225.jpg 300w\" sizes=\"(max-width: 500px) 100vw, 500px\" \/><\/figure>\n<\/figure>\n\n\n\n<p>De igual manera, se resalt\u00f3 la proximidad de las festividades del D\u00eda de Muertos, una de las celebraciones m\u00e1s entra\u00f1ables para las familias mexicanas y visitantes internacionales, quienes podr\u00e1n disfrutar de altares, desfiles, muestras culturales y la imponente catrina que ostenta el R\u00e9cord Guinness como la m\u00e1s alta del mundo.<\/p>\n\n\n\n<p>Con estas acciones, el Fideicomiso de Turismo reafirma su compromiso de mantener a Puerto Vallarta en el top of mind de los agentes de viajes del pa\u00eds, mostrando la riqueza de su oferta tur\u00edstica, hotelera y de conectividad que lo hacen un destino imperdible durante todo el a\u00f1o.<\/p>\n","protected":false},"excerpt":{"rendered":"<p>Con el prop\u00f3sito de actualizar a los asesores de viajes y reforzar su posicionamiento como uno de los destinos tur\u00edsticos m\u00e1s atractivos de M\u00e9xico, el Fideicomiso de Turismo de Puerto Vallarta llev\u00f3 a cabo una caravana de promoci\u00f3n en la regi\u00f3n del Baj\u00edo del 22 al 26 de septiembre. Las ciudades de Aguascalientes, Le\u00f3n, San [&hellip;]<\/p>\n","protected":false},"author":1,"featured_media":0,"comment_status":"open","ping_status":"closed","sticky":false,"template":"","format":"standard","meta":{"om_disable_all_campaigns":false,"jnews-multi-image_gallery":[],"jnews_single_post":[],"jnews_primary_category":[],"jnews_social_meta":[],"footnotes":""},"categories":[39],"tags":[],"class_list":["post-1063960","post","type-post","status-publish","format-standard","hentry","category-viajes"],"_links":{"self":[{"href":"https:\/\/dimensionturistica.com\/es\/wp-json\/wp\/v2\/posts\/1063960","targetHints":{"allow":["GET"]}}],"collection":[{"href":"https:\/\/dimensionturistica.com\/es\/wp-json\/wp\/v2\/posts"}],"about":[{"href":"https:\/\/dimensionturistica.com\/es\/wp-json\/wp\/v2\/types\/post"}],"author":[{"embeddable":true,"href":"https:\/\/dimensionturistica.com\/es\/wp-json\/wp\/v2\/users\/1"}],"replies":[{"embeddable":true,"href":"https:\/\/dimensionturistica.com\/es\/wp-json\/wp\/v2\/comments?post=1063960"}],"version-history":[{"count":1,"href":"https:\/\/dimensionturistica.com\/es\/wp-json\/wp\/v2\/posts\/1063960\/revisions"}],"predecessor-version":[{"id":1063971,"href":"https:\/\/dimensionturistica.com\/es\/wp-json\/wp\/v2\/posts\/1063960\/revisions\/1063971"}],"wp:attachment":[{"href":"https:\/\/dimensionturistica.com\/es\/wp-json\/wp\/v2\/media?parent=1063960"}],"wp:term":[{"taxonomy":"category","embeddable":true,"href":"https:\/\/dimensionturistica.com\/es\/wp-json\/wp\/v2\/categories?post=1063960"},{"taxonomy":"post_tag","embeddable":true,"href":"https:\/\/dimensionturistica.com\/es\/wp-json\/wp\/v2\/tags?post=1063960"}],"curies":[{"name":"wp","href":"https:\/\/api.w.org\/{rel}","templated":true}]}}