{"id":1063945,"date":"2025-10-20T17:55:15","date_gmt":"2025-10-20T17:55:15","guid":{"rendered":"https:\/\/dimensionturistica.com\/es\/?p=1063945"},"modified":"2025-10-20T17:55:15","modified_gmt":"2025-10-20T17:55:15","slug":"%c2%b7-la-onceava-edicion-del-foro-owens-corning-se-llevara-a-cabo-el-jueves-13-de-noviembre-de-2025-en-el-world-trade-center-de-la-ciudad-de-mexico","status":"publish","type":"post","link":"https:\/\/dimensionturistica.com\/es\/%c2%b7-la-onceava-edicion-del-foro-owens-corning-se-llevara-a-cabo-el-jueves-13-de-noviembre-de-2025-en-el-world-trade-center-de-la-ciudad-de-mexico\/","title":{"rendered":"\u00b7 La onceava edici\u00f3n del Foro Owens Corning se llevar\u00e1 a cabo el jueves 13 de noviembre\u00a0de 2025 en el World Trade Center de la Ciudad de M\u00e9xico."},"content":{"rendered":"\n<figure class=\"wp-block-gallery has-nested-images columns-default is-cropped wp-block-gallery-1 is-layout-flex wp-block-gallery-is-layout-flex\">\n<figure class=\"wp-block-image size-large\"><img decoding=\"async\" width=\"500\" height=\"281\" data-id=\"1063946\" src=\"https:\/\/dimensionturistica.com\/es\/wp-content\/uploads\/2025\/10\/3CONS.jpg\" alt=\"\" class=\"wp-image-1063946\" srcset=\"https:\/\/dimensionturistica.com\/es\/wp-content\/uploads\/2025\/10\/3CONS.jpg 500w, https:\/\/dimensionturistica.com\/es\/wp-content\/uploads\/2025\/10\/3CONS-300x169.jpg 300w\" sizes=\"(max-width: 500px) 100vw, 500px\" \/><\/figure>\n<\/figure>\n\n\n\n<p>&nbsp;Owens Corning, compa\u00f1\u00eda l\u00edder en aislamiento t\u00e9rmico y&nbsp;ac\u00fastico a nivel mundial, realizar\u00e1 la Onceava edici\u00f3n del Foro Owens Corning, la cual se llevar\u00e1 a&nbsp;cabo el 13 de noviembre de 2025 en el WTC de la Ciudad de M\u00e9xico, con un enfoque hacia el&nbsp;papel decisivo de la arquitectura para reducir el impacto ambiental de la construcci\u00f3n y orientar la&nbsp;pr\u00e1ctica profesional de los modelos regenerativos.<\/p>\n\n\n\n<p>La industria de la edificaci\u00f3n sigue siendo una de las principales responsables del consumo&nbsp;energ\u00e9tico y las emisiones globales. El sector representa m\u00e1s de un tercio del consumo energ\u00e9tico&nbsp;mundial y concentra una proporci\u00f3n significativa de las emisiones relacionadas con la energ\u00eda y los&nbsp;procesos industriales, adem\u00e1s contribuye al 34% de las emisiones globales de CO2.<\/p>\n\n\n\n<figure class=\"wp-block-gallery has-nested-images columns-default is-cropped wp-block-gallery-2 is-layout-flex wp-block-gallery-is-layout-flex\">\n<figure class=\"wp-block-image size-large\"><img decoding=\"async\" width=\"500\" height=\"333\" data-id=\"1063949\" src=\"https:\/\/dimensionturistica.com\/es\/wp-content\/uploads\/2025\/10\/1CONS.jpg\" alt=\"\" class=\"wp-image-1063949\" srcset=\"https:\/\/dimensionturistica.com\/es\/wp-content\/uploads\/2025\/10\/1CONS.jpg 500w, https:\/\/dimensionturistica.com\/es\/wp-content\/uploads\/2025\/10\/1CONS-300x200.jpg 300w\" sizes=\"(max-width: 500px) 100vw, 500px\" \/><\/figure>\n<\/figure>\n\n\n\n<p>El sector&nbsp;depende de materiales como el cemento y el acero, responsables del 18% de las emisiones&nbsp;globales y una importante fuente de residuos de la construcci\u00f3n 1 .<\/p>\n\n\n\n<p>Estas cifras subrayan la urgencia de adoptar materiales y estrategias que mejoren la eficiencia&nbsp;t\u00e9rmica, prolonguen la vida \u00fatil de las obras y favorezcan la circularidad.<\/p>\n\n\n\n<p>Fernando S\u00e1nchez, director comercial para Latinoam\u00e9rica de Owens Corning, destaca el&nbsp;prop\u00f3sito del evento, \u201cel Foro Owens Corning es una plataforma para convertir conocimiento en&nbsp;acci\u00f3n: buscamos conectar a dise\u00f1adores, constructores y tomadores de decisi\u00f3n con soluciones&nbsp;reales que reduzcan la huella ambiental de nuestras ciudades.\u201d<\/p>\n\n\n\n<p>Gerardo Ca\u00f1amar, gerente comercial de Owens Corning M\u00e9xico, explica como la compa\u00f1\u00eda&nbsp;impulsa la eficiencia energ\u00e9tica a nivel mundial y c\u00f3mo la innovaci\u00f3n de sus marcas tiene un&nbsp;impacto real en el medio ambiente y las personas, mientras Alan Roblero, l\u00edder de&nbsp;Especificaci\u00f3n de la compa\u00f1\u00eda, menciona el compromiso de Owens Corning con la formaci\u00f3n de&nbsp;profesionales y la colaboraci\u00f3n con la industria local.<\/p>\n\n\n\n<p>Para Owens Corning, la sostenibilidad no es solo una meta, sino una forma de operar que impacta&nbsp;positivamente a las personas, al prop\u00f3sito de la empresa y al planeta.<\/p>\n\n\n\n<figure class=\"wp-block-gallery has-nested-images columns-default is-cropped wp-block-gallery-3 is-layout-flex wp-block-gallery-is-layout-flex\">\n<figure class=\"wp-block-image size-large\"><img decoding=\"async\" width=\"500\" height=\"374\" data-id=\"1063950\" src=\"https:\/\/dimensionturistica.com\/es\/wp-content\/uploads\/2025\/10\/2CONS.jpg\" alt=\"\" class=\"wp-image-1063950\" srcset=\"https:\/\/dimensionturistica.com\/es\/wp-content\/uploads\/2025\/10\/2CONS.jpg 500w, https:\/\/dimensionturistica.com\/es\/wp-content\/uploads\/2025\/10\/2CONS-300x224.jpg 300w\" sizes=\"(max-width: 500px) 100vw, 500px\" \/><\/figure>\n<\/figure>\n\n\n\n<p>Por ejemplo, acerca de la&nbsp;reducci\u00f3n de emisiones de Gases de Efecto Invernadero, la compa\u00f1\u00eda redujo sus emisiones de&nbsp;Alcance 1 y 2 (basadas en mercado) en un 43% respecto a su l\u00ednea base de 2018, incluyendo una&nbsp;reducci\u00f3n del 11% solo en 2024, acerc\u00e1ndose a su meta de 50% para 2030.<\/p>\n\n\n\n<p>1 https:\/\/www.unep.org\/resources\/report\/global-status-report-buildings-and-construction-20242025<\/p>\n\n\n\n<p>Por otra parte, el arquitecto Mario Schjetnan subraya la dimensi\u00f3n \u00e9tica del dise\u00f1o: \u201cLa&nbsp;arquitectura no solo debe ocupar territorio, debe devolver vida a la ciudad; cada proyecto es una&nbsp;oportunidad para reparar ecosistemas urbanos.<\/p>\n\n\n\n<p>La XI edici\u00f3n del Foro reunir\u00e1 a tres figuras destacadas de la arquitectura mexicana \u2014Gabriela&nbsp;Carrillo, Mario Schjetnan y Javier Senosiain\u2014 en un programa que combina ponencias magistrales&nbsp;y casos de estudio. El evento es completamente gratuito; el registro se realiza de forma virtual en la&nbsp;p\u00e1gina https:\/\/forooc.com\/ y est\u00e1 abierto a profesionales, acad\u00e9micos y p\u00fablico especializado.<\/p>\n\n\n\n<p>Arq. Gabriela Carrillo<\/p>\n\n\n\n<p>Con m\u00e1s de veinte a\u00f1os de experiencia ha recibido reconocimientos, como el Emerging Voices&nbsp;Award en 2014, la C\u00e1tedra Federico Mariscal, el m\u00e1ximo reconocimiento a la pr\u00e1ctica profesional&nbsp;otorgado por la Facultad de Arquitectura de la UNAM, la M\u00e9daille dOR de la Academia Francesa&nbsp;de Arquitectura, \u201cArquitecta del A\u00f1o&#8221; por Architectural Review en Londres en 2017, por&nbsp;Architectural Digest M\u00e9xico en 2020, y en 2023 se le otorg\u00f3 The Royal Academy Dorfman Award.<\/p>\n\n\n\n<p>Ha sido miembro del Sistema de Creadores de Arte, y desde 2021 es acad\u00e9mica de n\u00famero de la&nbsp;Academia de Arquitectura de M\u00e9xico, cap\u00edtulo Ciudad de M\u00e9xico.<\/p>\n\n\n\n<p>Arq. Javier Senosiain<\/p>\n\n\n\n<figure class=\"wp-block-gallery has-nested-images columns-default is-cropped wp-block-gallery-4 is-layout-flex wp-block-gallery-is-layout-flex\">\n<figure class=\"wp-block-image size-large\"><img decoding=\"async\" width=\"500\" height=\"333\" data-id=\"1063951\" src=\"https:\/\/dimensionturistica.com\/es\/wp-content\/uploads\/2025\/10\/9CONS.jpg\" alt=\"\" class=\"wp-image-1063951\" srcset=\"https:\/\/dimensionturistica.com\/es\/wp-content\/uploads\/2025\/10\/9CONS.jpg 500w, https:\/\/dimensionturistica.com\/es\/wp-content\/uploads\/2025\/10\/9CONS-300x200.jpg 300w\" sizes=\"(max-width: 500px) 100vw, 500px\" \/><\/figure>\n<\/figure>\n\n\n\n<p>Es autor de diversos libros, entre ellos: \u201cArquitectura de Ra\u00edces, Naturaleza e Identidad\u201d Edit.<\/p>\n\n\n\n<p>Facultad de Arquitectura. Feb 2021. En el a\u00f1o 2006 el consejo de la Facultad de Arquitectura de la&nbsp;UNAM le otorg\u00f3 la C\u00e1tedra de Federico Mariscal. Otro de sus logros es \u201cEl Nido de Quetzalc\u00f3atl\u201d,&nbsp;cuya creaci\u00f3n fue un reto a nivel de construcci\u00f3n debido al terreno irregular de 5,000m2 en el cual&nbsp;se encuentra, sin embargo, con el paso del tiempo se logr\u00f3 crear un conjunto habitacional de 10&nbsp;departamentos, rodeado de jardines, espejos de agua y un bosque de encinos.&nbsp;<\/p>\n\n\n\n<p>&nbsp;Arq. Mario Schjetnan<\/p>\n\n\n\n<p>Ha sido multipremiado internacionalmente, entre los que se distinguen: El Premio de Excelencia&nbsp;del Presidente, reconocimiento otorgado a Parque Tezoz\u00f3moc, uno de sus proyectos, por la&nbsp;Sociedad Americana de Arquitectos Paisajistas, ASLA.<\/p>\n\n\n\n<p>En tanto que el Parque La Mexicana (otro de sus proyectos) ha obtenido diversas distinciones, por&nbsp;ejemplo: el Premio Panamericano de Intervenci\u00f3n en Espacio P\u00fablico y\/o colectivo en la Bienal de&nbsp;Arquitectura de Quito.<\/p>\n\n\n\n<p>Recientemente Mario Schjetnan y su despacho, Grupo de Dise\u00f1o Urbano (GDU), fueron&nbsp;galardonados con el Premio Internacional de Arquitectura de Paisaje Cornelia Hahn Oberlander del&nbsp;2025 (Oberlander Prize), este premio incluye $100,000 d\u00f3lares y dos a\u00f1os de compromisos&nbsp;p\u00fablicos en actividades enfocadas en difundir el trabajo y la arquitectura de paisaje en general.&nbsp;<\/p>\n\n\n\n<p>Schjetnan y GDU fueron seleccionados por un jurado internacional de 7 expertos entre m\u00e1s de 300&nbsp;nominaciones recibidas de todo el mundo. Los atributos del ganador del Premio Oberlander&nbsp;incluyen entre otros, \u201cuna obra excepcionalmente talentosa, creativa, valiente y visionaria\u201d con \u201cun&nbsp;cuerpo de obra construida extensa que es ejemplo del&nbsp;arte de la arquitectura de paisaje\u201d.<\/p>\n\n\n\n<figure class=\"wp-block-embed is-type-wp-embed is-provider-owens-corning-m-xico wp-block-embed-owens-corning-m-xico\"><div class=\"wp-block-embed__wrapper\">\n<blockquote class=\"wp-embedded-content\" data-secret=\"WzPQkqnfDu\"><a href=\"https:\/\/owenscorning.com.mx\/\">Home<\/a><\/blockquote><iframe loading=\"lazy\" class=\"wp-embedded-content\" sandbox=\"allow-scripts\" security=\"restricted\" style=\"position: absolute; visibility: hidden;\" title=\"&#8220;Home&#8221; &#8212; Owens Corning M\u00e9xico\" src=\"https:\/\/owenscorning.com.mx\/embed\/#?secret=uXQkt7UVl6#?secret=WzPQkqnfDu\" data-secret=\"WzPQkqnfDu\" width=\"500\" height=\"282\" frameborder=\"0\" marginwidth=\"0\" marginheight=\"0\" scrolling=\"no\"><\/iframe>\n<\/div><\/figure>\n","protected":false},"excerpt":{"rendered":"<p>&nbsp;Owens Corning, compa\u00f1\u00eda l\u00edder en aislamiento t\u00e9rmico y&nbsp;ac\u00fastico a nivel mundial, realizar\u00e1 la Onceava edici\u00f3n del Foro Owens Corning, la cual se llevar\u00e1 a&nbsp;cabo el 13 de noviembre de 2025 en el WTC de la Ciudad de M\u00e9xico, con un enfoque hacia el&nbsp;papel decisivo de la arquitectura para reducir el impacto ambiental de la construcci\u00f3n [&hellip;]<\/p>\n","protected":false},"author":1,"featured_media":0,"comment_status":"open","ping_status":"closed","sticky":false,"template":"","format":"standard","meta":{"om_disable_all_campaigns":false,"jnews-multi-image_gallery":[],"jnews_single_post":[],"jnews_primary_category":[],"jnews_social_meta":[],"footnotes":""},"categories":[40],"tags":[],"class_list":["post-1063945","post","type-post","status-publish","format-standard","hentry","category-industria"],"_links":{"self":[{"href":"https:\/\/dimensionturistica.com\/es\/wp-json\/wp\/v2\/posts\/1063945","targetHints":{"allow":["GET"]}}],"collection":[{"href":"https:\/\/dimensionturistica.com\/es\/wp-json\/wp\/v2\/posts"}],"about":[{"href":"https:\/\/dimensionturistica.com\/es\/wp-json\/wp\/v2\/types\/post"}],"author":[{"embeddable":true,"href":"https:\/\/dimensionturistica.com\/es\/wp-json\/wp\/v2\/users\/1"}],"replies":[{"embeddable":true,"href":"https:\/\/dimensionturistica.com\/es\/wp-json\/wp\/v2\/comments?post=1063945"}],"version-history":[{"count":1,"href":"https:\/\/dimensionturistica.com\/es\/wp-json\/wp\/v2\/posts\/1063945\/revisions"}],"predecessor-version":[{"id":1063952,"href":"https:\/\/dimensionturistica.com\/es\/wp-json\/wp\/v2\/posts\/1063945\/revisions\/1063952"}],"wp:attachment":[{"href":"https:\/\/dimensionturistica.com\/es\/wp-json\/wp\/v2\/media?parent=1063945"}],"wp:term":[{"taxonomy":"category","embeddable":true,"href":"https:\/\/dimensionturistica.com\/es\/wp-json\/wp\/v2\/categories?post=1063945"},{"taxonomy":"post_tag","embeddable":true,"href":"https:\/\/dimensionturistica.com\/es\/wp-json\/wp\/v2\/tags?post=1063945"}],"curies":[{"name":"wp","href":"https:\/\/api.w.org\/{rel}","templated":true}]}}