{"id":1063920,"date":"2025-10-20T17:32:50","date_gmt":"2025-10-20T17:32:50","guid":{"rendered":"https:\/\/dimensionturistica.com\/es\/?p=1063920"},"modified":"2025-10-20T17:32:50","modified_gmt":"2025-10-20T17:32:50","slug":"loreal-groupe-mexico-y-la-unesco-reconocen-la-excelencia-de-ocho-mujeres-cientificas-en-la-edicion-2025-de-para-las-mujeres-en-la-ciencia-asi-mismo-se-rindio-home","status":"publish","type":"post","link":"https:\/\/dimensionturistica.com\/es\/loreal-groupe-mexico-y-la-unesco-reconocen-la-excelencia-de-ocho-mujeres-cientificas-en-la-edicion-2025-de-para-las-mujeres-en-la-ciencia-asi-mismo-se-rindio-home\/","title":{"rendered":"L\u2019Or\u00e9al Groupe M\u00e9xico y la UNESCO reconocen la\u00a0excelencia de ocho mujeres cient\u00edficas en la edici\u00f3n 2025\u00a0de \u201cPara las Mujeres en la Ciencia\u201d, asi mismo se rindio homenaje a la Dra. Julieta Fierro,"},"content":{"rendered":"\n<figure class=\"wp-block-gallery has-nested-images columns-default is-cropped wp-block-gallery-1 is-layout-flex wp-block-gallery-is-layout-flex\">\n<figure class=\"wp-block-image size-large\"><img decoding=\"async\" width=\"500\" height=\"209\" data-id=\"1063922\" src=\"https:\/\/dimensionturistica.com\/es\/wp-content\/uploads\/2025\/10\/1LORE.jpg\" alt=\"\" class=\"wp-image-1063922\" srcset=\"https:\/\/dimensionturistica.com\/es\/wp-content\/uploads\/2025\/10\/1LORE.jpg 500w, https:\/\/dimensionturistica.com\/es\/wp-content\/uploads\/2025\/10\/1LORE-300x125.jpg 300w\" sizes=\"(max-width: 500px) 100vw, 500px\" \/><\/figure>\n<\/figure>\n\n\n\n<p>En una ceremonia celebrada en el Lunario del&nbsp;Auditorio Nacional, L\u2019Or\u00e9al Groupe, la UNESCO y la Academia Mexicana de Ciencias reconocieron&nbsp;la excelencia de 8 cient\u00edficas con el premio \u201cPara las Mujeres en la Ciencia\u201d 2025.<\/p>\n\n\n\n<p>En este recinto emblem\u00e1tico se dieron cita l\u00edderes de la ciencia, la industria y la sociedad para&nbsp;atestiguar la entrega de un galard\u00f3n que visibiliza el camino de la innovaci\u00f3n, la visi\u00f3n y el talento&nbsp;que han recorrido estas destacadas investigadoras. Gracias a una inversi\u00f3n de m\u00e1s de $1,550,000&nbsp;millones de pesos, las premiadas podr\u00e1n potenciar sus proyectos, fortalecer su liderazgo y ampliar&nbsp;su impacto tanto en la comunidad cient\u00edfica como en la sociedad.<\/p>\n\n\n\n<p>La condecoraci\u00f3n se divide en dos categor\u00edas estrat\u00e9gicas, dise\u00f1adas para impulsar el talento en&nbsp;distintas etapas de la carrera cient\u00edfica: \u201cTrayectorias Consolidadas\u201d, dirigida a cient\u00edficas con una&nbsp;s\u00f3lida experiencia en ciencias exactas, naturales, ingenier\u00eda y tecnolog\u00eda; y \u201cTalentos Nacientes\u201d,&nbsp;enfocada en apoyar proyectos de investigaci\u00f3n a nivel posdoctoral a j\u00f3venes investigadoras en la&nbsp;fase inicial de sus trayectorias en los mismos campos.<\/p>\n\n\n\n<figure class=\"wp-block-gallery has-nested-images columns-default is-cropped wp-block-gallery-2 is-layout-flex wp-block-gallery-is-layout-flex\">\n<figure class=\"wp-block-image size-large\"><img decoding=\"async\" width=\"500\" height=\"392\" data-id=\"1063921\" src=\"https:\/\/dimensionturistica.com\/es\/wp-content\/uploads\/2025\/10\/22LOREAL.jpg\" alt=\"\" class=\"wp-image-1063921\" srcset=\"https:\/\/dimensionturistica.com\/es\/wp-content\/uploads\/2025\/10\/22LOREAL.jpg 500w, https:\/\/dimensionturistica.com\/es\/wp-content\/uploads\/2025\/10\/22LOREAL-300x235.jpg 300w\" sizes=\"(max-width: 500px) 100vw, 500px\" \/><\/figure>\n<\/figure>\n\n\n\n<p>Durante la ceremonia, L\u2019Or\u00e9al rindi\u00f3 un emotivo homenaje a Julieta Fierro, referente fundamental&nbsp;de la ciencia en M\u00e9xico. Su trayectoria como investigadora y divulgadora ha acercado el&nbsp;conocimiento a millones de personas, inspirando a generaciones de ni\u00f1as y j\u00f3venes a descubrir su&nbsp;vocaci\u00f3n cient\u00edfica. El reconocimiento subray\u00f3 su papel decisivo en la construcci\u00f3n de una cultura&nbsp;cient\u00edfica inclusiva, en la que la curiosidad, el rigor y el compromiso social abren puertas para que&nbsp;m\u00e1s mujeres lideren el futuro de la investigaci\u00f3n.<\/p>\n\n\n\n<p>\u201cEn L\u2019Or\u00e9al, no solo aspiramos a un futuro con igualdad de g\u00e9nero, lo estamos construyendo&nbsp;activamente. Nuestra convicci\u00f3n es clara: el mundo necesita ciencia y la ciencia necesita mujeres.<\/p>\n\n\n\n<p>La investigaci\u00f3n es el motor de nuestra compa\u00f1\u00eda y, por ello, nos enorgullece ser un referente: el&nbsp;69 % de nuestras cient\u00edficas son mujeres y el 55% de nuestras patentes han sido el resultado&nbsp;directo de su ingenio. Esta realidad interna es el reflejo de nuestro compromiso inquebrantable y la&nbsp;prueba irrefutable del poder transformador de la diversidad en la innovaci\u00f3n.\u201d, afirm\u00f3 Araceli&nbsp;Becerril, directora de Responsabilidad Corporativa de L\u2019Or\u00e9al Groupe M\u00e9xico.<\/p>\n\n\n\n<p>\u201cReconocer la excelencia cient\u00edfica femenina es fundamental en nuestro camino hacia la paridad&nbsp;de g\u00e9nero en la ciencia. Celebrar estos logros no solo impulsa a las actuales generaciones de&nbsp;investigadoras, sino que inspira a las ni\u00f1as a so\u00f1ar con un futuro donde la ciencia no tenga&nbsp;g\u00e9nero.\u201d, a\u00f1adi\u00f3 la Dra. Telma Castro Romero, vicepresidenta de la Academia Mexicana de&nbsp;Ciencias y presidenta de la Comisi\u00f3n de Premios de la Academia.<\/p>\n\n\n\n<figure class=\"wp-block-gallery has-nested-images columns-default is-cropped wp-block-gallery-3 is-layout-flex wp-block-gallery-is-layout-flex\">\n<figure class=\"wp-block-image size-large\"><img decoding=\"async\" width=\"500\" height=\"375\" data-id=\"1063923\" src=\"https:\/\/dimensionturistica.com\/es\/wp-content\/uploads\/2025\/10\/2LOREAL.jpg\" alt=\"\" class=\"wp-image-1063923\" srcset=\"https:\/\/dimensionturistica.com\/es\/wp-content\/uploads\/2025\/10\/2LOREAL.jpg 500w, https:\/\/dimensionturistica.com\/es\/wp-content\/uploads\/2025\/10\/2LOREAL-300x225.jpg 300w\" sizes=\"(max-width: 500px) 100vw, 500px\" \/><figcaption class=\"wp-element-caption\">ai<\/figcaption><\/figure>\n<\/figure>\n\n\n\n<p>Por su parte, el representante de la UNESCO en M\u00e9xico, Andr\u00e9s Morales, resalt\u00f3 la importancia&nbsp;de inspirar a las j\u00f3venes a seguir carreras cient\u00edficas: \u201cEs vital inspirar a las j\u00f3venes a romper&nbsp;barreras y convertirse en las cient\u00edficas del ma\u00f1ana, pues la participaci\u00f3n plena de la mujer en la&nbsp;ciencia no solo enriquece la investigaci\u00f3n con nuevos puntos de vista, sino que acelera el&nbsp;desarrollo de soluciones innovadoras para los desaf\u00edos globales.\u201d<\/p>\n\n\n\n<p>Como parte de la clausura de la ceremonia, Violeta V\u00e1zquez Rojas, Subsecretaria de Ciencia y&nbsp;Humanidades de la Secretar\u00eda de Ciencia, Humanidades, Tecnolog\u00eda e Innovaci\u00f3n, dio un&nbsp;mensaje enfocado en el impacto y el compromiso desde su trinchera: \u201cCuando una mujer conquista&nbsp;un espacio en la ciencia, no solo abre una puerta para s\u00ed misma: ilumina el camino para miles m\u00e1s.<\/p>\n\n\n\n<p>Desde SECIHTI, nuestro compromiso es inquebrantable: seguiremos derribando barreras hasta&nbsp;que la excelencia cient\u00edfica femenina sea la norma, no la excepci\u00f3n.\u201d<\/p>\n\n\n\n<p>El programa \u201cPara las Mujeres en la Ciencia\u201d, con 19 a\u00f1os de trayectoria en M\u00e9xico y m\u00e1s de 116&nbsp;cient\u00edficas reconocidas, se consolida como un pilar para impulsar la diversidad y la inclusi\u00f3n en el&nbsp;\u00e1mbito cient\u00edfico, fomentando el acceso equitativo a oportunidades, recursos y visibilidad para las&nbsp;mujeres en todas las etapas de su desarrollo profesional.<\/p>\n\n\n\n<figure class=\"wp-block-gallery has-nested-images columns-default is-cropped wp-block-gallery-4 is-layout-flex wp-block-gallery-is-layout-flex\">\n<figure class=\"wp-block-image size-large\"><img decoding=\"async\" width=\"500\" height=\"295\" data-id=\"1063924\" src=\"https:\/\/dimensionturistica.com\/es\/wp-content\/uploads\/2025\/10\/11LOREAL.jpg\" alt=\"\" class=\"wp-image-1063924\" srcset=\"https:\/\/dimensionturistica.com\/es\/wp-content\/uploads\/2025\/10\/11LOREAL.jpg 500w, https:\/\/dimensionturistica.com\/es\/wp-content\/uploads\/2025\/10\/11LOREAL-300x177.jpg 300w\" sizes=\"(max-width: 500px) 100vw, 500px\" \/><\/figure>\n<\/figure>\n\n\n\n<p>En L\u2019Or\u00e9al, creamos la belleza que mueve al mundo. Estamos comprometidos con la construcci\u00f3n&nbsp;de un futuro justo, diverso e inclusivo, donde las mujeres sean protagonistas de su propio destino.<\/p>\n\n\n\n<p>Nos enorgullece nuestro legado de empoderamiento femenino y nuestra colaboraci\u00f3n con ellas&nbsp;para edificar el ma\u00f1ana.<\/p>\n\n\n\n<p>Lista de ganadoras<\/p>\n\n\n\n<p>Trayectorias consolidadas<\/p>\n\n\n\n<p>\u00b7 Vulcanolog\u00eda<\/p>\n\n\n\n<p>Luc\u00eda Capra Pedol<\/p>\n\n\n\n<p>o Proyecto: Vulcanolog\u00eda y procesos geol\u00f3gicos<\/p>\n\n\n\n<figure class=\"wp-block-gallery has-nested-images columns-default is-cropped wp-block-gallery-5 is-layout-flex wp-block-gallery-is-layout-flex\">\n<figure class=\"wp-block-image size-large\"><img decoding=\"async\" width=\"500\" height=\"428\" data-id=\"1063925\" src=\"https:\/\/dimensionturistica.com\/es\/wp-content\/uploads\/2025\/10\/5LOREAL.jpg\" alt=\"\" class=\"wp-image-1063925\" srcset=\"https:\/\/dimensionturistica.com\/es\/wp-content\/uploads\/2025\/10\/5LOREAL.jpg 500w, https:\/\/dimensionturistica.com\/es\/wp-content\/uploads\/2025\/10\/5LOREAL-300x257.jpg 300w\" sizes=\"(max-width: 500px) 100vw, 500px\" \/><\/figure>\n<\/figure>\n\n\n\n<p>o Instituto de Geociencias<\/p>\n\n\n\n<p>o Universidad Nacional Aut\u00f3noma de M\u00e9xico, Campus UNAM-Juriquilla<\/p>\n\n\n\n<p>\u00b7 Ciencias de la Salud<\/p>\n\n\n\n<p>Edda Lydia Sciutto Conde<\/p>\n\n\n\n<p>o Proyecto: Estudio de la cisticercosis y en el desarrollo de estrategias&nbsp;inmunol\u00f3gicas innovadoras<\/p>\n\n\n\n<p>o Instituto de Investigaciones Biom\u00e9dicas<\/p>\n\n\n\n<p>o Universidad Nacional Aut\u00f3noma de M\u00e9xico<\/p>\n\n\n\n<figure class=\"wp-block-gallery has-nested-images columns-default is-cropped wp-block-gallery-6 is-layout-flex wp-block-gallery-is-layout-flex\">\n<figure class=\"wp-block-image size-large\"><img decoding=\"async\" width=\"500\" height=\"459\" data-id=\"1063926\" src=\"https:\/\/dimensionturistica.com\/es\/wp-content\/uploads\/2025\/10\/7LOREAL.jpg\" alt=\"\" class=\"wp-image-1063926\" srcset=\"https:\/\/dimensionturistica.com\/es\/wp-content\/uploads\/2025\/10\/7LOREAL.jpg 500w, https:\/\/dimensionturistica.com\/es\/wp-content\/uploads\/2025\/10\/7LOREAL-300x275.jpg 300w\" sizes=\"(max-width: 500px) 100vw, 500px\" \/><\/figure>\n<\/figure>\n\n\n\n<p>\u00b7 Biotecnolog\u00eda de Alimentos<\/p>\n\n\n\n<p>Blanca Rosa Aguilar Uscanga<\/p>\n\n\n\n<p>o Proyecto: Desarrollo de alimentos funcionales, la obtenci\u00f3n de&nbsp;compuestos&nbsp;bioactivos y la seguridad alimentaria<\/p>\n\n\n\n<p>o Centro Universitario de Ciencias Exactas e Ingenier\u00edas<\/p>\n\n\n\n<p>o Universidad de Guadalajara<\/p>\n\n\n\n<p>Talentos Nacientes<\/p>\n\n\n\n<p>\u00b7 Proyecto: Desarrollo de nanoplataformas luminiscentes de ZnO para&nbsp;la biodetecci\u00f3n \u00f3ptica&nbsp;de SARS-CoV-2 en muestras complejas de origen hospitalario<\/p>\n\n\n\n<p>o Shirlley Elizabeth Mart\u00ednez Tolibia&nbsp;<\/p>\n\n\n\n<p>o Instituto de Investigaciones en Materiales<\/p>\n\n\n\n<p>o Universidad Nacional Aut\u00f3noma de M\u00e9xico<\/p>\n\n\n\n<figure class=\"wp-block-gallery has-nested-images columns-default is-cropped wp-block-gallery-7 is-layout-flex wp-block-gallery-is-layout-flex\"><\/figure>\n\n\n\n<figure class=\"wp-block-gallery has-nested-images columns-default is-cropped wp-block-gallery-8 is-layout-flex wp-block-gallery-is-layout-flex\">\n<figure class=\"wp-block-image size-large\"><img decoding=\"async\" width=\"500\" height=\"547\" data-id=\"1063927\" src=\"https:\/\/dimensionturistica.com\/es\/wp-content\/uploads\/2025\/10\/9LOREAL.jpg\" alt=\"\" class=\"wp-image-1063927\" srcset=\"https:\/\/dimensionturistica.com\/es\/wp-content\/uploads\/2025\/10\/9LOREAL.jpg 500w, https:\/\/dimensionturistica.com\/es\/wp-content\/uploads\/2025\/10\/9LOREAL-274x300.jpg 274w\" sizes=\"(max-width: 500px) 100vw, 500px\" \/><\/figure>\n<\/figure>\n\n\n\n<p>\u00b7 Proyecto: Caracterizaci\u00f3n del coaguloma tumoral como biomarcador de riesgo tromb\u00f3tico y&nbsp;su asociaci\u00f3n con la capacidad metast\u00e1sica en pacientes con c\u00e1ncer de mama.<\/p>\n\n\n\n<p>o Mayra Cecilia Su\u00e1rez Arriaga&nbsp;<\/p>\n\n\n\n<p>o Instituto Nacional de Medicina Gen\u00f3mica<\/p>\n\n\n\n<p>\u00b7 Proyecto: Caracterizaci\u00f3n de genes que escapan a la inactivaci\u00f3n del cromosoma X en&nbsp;pacientes con lupus eritematoso sist\u00e9mico pedi\u00e1trico<\/p>\n\n\n\n<p>o Monserrat Ivonne Morales Rivera&nbsp;<\/p>\n\n\n\n<p>o Instituto Nacional de Medicina Gen\u00f3mica<\/p>\n\n\n\n<p>\u00b7 Proyecto: Caracterizaci\u00f3n molecular de especies end\u00e9micas mexicanas de la tribu&nbsp;Meliponini&nbsp;<\/p>\n\n\n\n<p>o Mar\u00eda de Lourdes Ram\u00edrez Ahuja&nbsp;&nbsp;<\/p>\n\n\n\n<figure class=\"wp-block-gallery has-nested-images columns-default is-cropped wp-block-gallery-9 is-layout-flex wp-block-gallery-is-layout-flex\">\n<figure class=\"wp-block-image size-large\"><img decoding=\"async\" width=\"500\" height=\"375\" data-id=\"1063928\" src=\"https:\/\/dimensionturistica.com\/es\/wp-content\/uploads\/2025\/10\/3LOREAL.jpg\" alt=\"\" class=\"wp-image-1063928\" srcset=\"https:\/\/dimensionturistica.com\/es\/wp-content\/uploads\/2025\/10\/3LOREAL.jpg 500w, https:\/\/dimensionturistica.com\/es\/wp-content\/uploads\/2025\/10\/3LOREAL-300x225.jpg 300w\" sizes=\"(max-width: 500px) 100vw, 500px\" \/><figcaption class=\"wp-element-caption\">ai<\/figcaption><\/figure>\n<\/figure>\n\n\n\n<figure class=\"wp-block-gallery has-nested-images columns-default is-cropped wp-block-gallery-10 is-layout-flex wp-block-gallery-is-layout-flex\"><\/figure>\n\n\n\n<p>o Facultad de Ciencias Biol\u00f3gicas<\/p>\n\n\n\n<p>o Universidad Aut\u00f3noma de Nuevo Le\u00f3n<\/p>\n\n\n\n<p>\u00b7 Proyecto: El trasplante en la c\u00e1mara anterior del ojo (ACETEC) en la medicina traslacional:&nbsp;una plataforma vers\u00e1til para el estudio de se\u00f1alizaci\u00f3n celular y desarrollo de nuevas&nbsp;terapias&nbsp;<\/p>\n\n\n\n<p>o Judith Bernal Ramirez&nbsp;<\/p>\n\n\n\n<p>o Institute for Obesity Research<\/p>\n\n\n\n<p>o Tecnologico de Monterrey<\/p>\n","protected":false},"excerpt":{"rendered":"<p>En una ceremonia celebrada en el Lunario del&nbsp;Auditorio Nacional, L\u2019Or\u00e9al Groupe, la UNESCO y la Academia Mexicana de Ciencias reconocieron&nbsp;la excelencia de 8 cient\u00edficas con el premio \u201cPara las Mujeres en la Ciencia\u201d 2025. En este recinto emblem\u00e1tico se dieron cita l\u00edderes de la ciencia, la industria y la sociedad para&nbsp;atestiguar la entrega de un [&hellip;]<\/p>\n","protected":false},"author":1,"featured_media":0,"comment_status":"open","ping_status":"closed","sticky":false,"template":"","format":"standard","meta":{"om_disable_all_campaigns":false,"jnews-multi-image_gallery":[],"jnews_single_post":[],"jnews_primary_category":[],"jnews_social_meta":[],"footnotes":""},"categories":[144872],"tags":[],"class_list":["post-1063920","post","type-post","status-publish","format-standard","hentry","category-fashion"],"_links":{"self":[{"href":"https:\/\/dimensionturistica.com\/es\/wp-json\/wp\/v2\/posts\/1063920","targetHints":{"allow":["GET"]}}],"collection":[{"href":"https:\/\/dimensionturistica.com\/es\/wp-json\/wp\/v2\/posts"}],"about":[{"href":"https:\/\/dimensionturistica.com\/es\/wp-json\/wp\/v2\/types\/post"}],"author":[{"embeddable":true,"href":"https:\/\/dimensionturistica.com\/es\/wp-json\/wp\/v2\/users\/1"}],"replies":[{"embeddable":true,"href":"https:\/\/dimensionturistica.com\/es\/wp-json\/wp\/v2\/comments?post=1063920"}],"version-history":[{"count":1,"href":"https:\/\/dimensionturistica.com\/es\/wp-json\/wp\/v2\/posts\/1063920\/revisions"}],"predecessor-version":[{"id":1063930,"href":"https:\/\/dimensionturistica.com\/es\/wp-json\/wp\/v2\/posts\/1063920\/revisions\/1063930"}],"wp:attachment":[{"href":"https:\/\/dimensionturistica.com\/es\/wp-json\/wp\/v2\/media?parent=1063920"}],"wp:term":[{"taxonomy":"category","embeddable":true,"href":"https:\/\/dimensionturistica.com\/es\/wp-json\/wp\/v2\/categories?post=1063920"},{"taxonomy":"post_tag","embeddable":true,"href":"https:\/\/dimensionturistica.com\/es\/wp-json\/wp\/v2\/tags?post=1063920"}],"curies":[{"name":"wp","href":"https:\/\/api.w.org\/{rel}","templated":true}]}}