{"id":1063847,"date":"2025-10-20T15:25:17","date_gmt":"2025-10-20T15:25:17","guid":{"rendered":"https:\/\/dimensionturistica.com\/es\/?p=1063847"},"modified":"2025-10-20T15:30:23","modified_gmt":"2025-10-20T15:30:23","slug":"el-sistema-milpa-y-el-maguey-del-dentro-del-territorio-y-la-alimentacion-a-partir-del-maguey-y-el-maiz","status":"publish","type":"post","link":"https:\/\/dimensionturistica.com\/es\/el-sistema-milpa-y-el-maguey-del-dentro-del-territorio-y-la-alimentacion-a-partir-del-maguey-y-el-maiz\/","title":{"rendered":"El sistema milpa y el maguey,\u00a0del dentro del territorio y la alimentacion a partir del maguey y el ma\u00edz"},"content":{"rendered":"\n<figure class=\"wp-block-gallery has-nested-images columns-default is-cropped wp-block-gallery-1 is-layout-flex wp-block-gallery-is-layout-flex\">\n<figure class=\"wp-block-image size-large\"><img decoding=\"async\" width=\"500\" height=\"83\" data-id=\"1063860\" src=\"https:\/\/dimensionturistica.com\/es\/wp-content\/uploads\/2025\/10\/LOGOS.jpg\" alt=\"\" class=\"wp-image-1063860\" srcset=\"https:\/\/dimensionturistica.com\/es\/wp-content\/uploads\/2025\/10\/LOGOS.jpg 500w, https:\/\/dimensionturistica.com\/es\/wp-content\/uploads\/2025\/10\/LOGOS-300x50.jpg 300w\" sizes=\"(max-width: 500px) 100vw, 500px\" \/><\/figure>\n<\/figure>\n\n\n\n<p><strong>Por Graciela Concepci\u00f3n \u00c1ngeles Carre\u00f1o*<\/strong><strong><\/strong><\/p>\n\n\n\n<p>El sistema milpa y el maguey han sido los cultivos m\u00e1s importantes en el desarrollo de las&nbsp;culturas que habitaron lo que hoy conocemos como&nbsp;Am\u00e9rica, la domesticaci\u00f3n del ma\u00edz&nbsp;parece ser muy cercana a la&nbsp;domesticaci\u00f3n del agave en el territorio que hoy ocupa M\u00e9xico.<\/p>\n\n\n\n<p>La importancia de estas plantas para la sobrevivencia de estas culturas inicialmente&nbsp;n\u00f3madas radica en el descubrimiento de la agricultura que las llev\u00f3 a convertirse en&nbsp;sedentarias.<\/p>\n\n\n\n<figure class=\"wp-block-gallery has-nested-images columns-default is-cropped wp-block-gallery-2 is-layout-flex wp-block-gallery-is-layout-flex\">\n<figure class=\"wp-block-image size-large\"><img decoding=\"async\" width=\"500\" height=\"400\" data-id=\"1063849\" src=\"https:\/\/dimensionturistica.com\/es\/wp-content\/uploads\/2025\/10\/2maguey.jpg\" alt=\"\" class=\"wp-image-1063849\" srcset=\"https:\/\/dimensionturistica.com\/es\/wp-content\/uploads\/2025\/10\/2maguey.jpg 500w, https:\/\/dimensionturistica.com\/es\/wp-content\/uploads\/2025\/10\/2maguey-300x240.jpg 300w\" sizes=\"(max-width: 500px) 100vw, 500px\" \/><\/figure>\n<\/figure>\n\n\n\n<p>En el caso del ma\u00edz, fue completamente domesticado, mientras que, en el caso del maguey,&nbsp;ocurri\u00f3 algo interesante. Su diversificaci\u00f3n no s\u00f3lo es resultado de la polinizaci\u00f3n cruzada en&nbsp;la que los murci\u00e9lagos tienen un papel clave, suponemos que en gran medida la&nbsp;intervenci\u00f3n humana fue un factor que sum\u00f3 a la selecci\u00f3n de especies por sabor y&nbsp;rendimiento, lo anterior permiti\u00f3 generar dos grupos de estas plantas: las silvestres y las&nbsp;domesticadas.<\/p>\n\n\n\n<p>La existencia de especies en estado silvestre ha permitido a lo largo de varios siglos&nbsp;continuar\u00e1 evolucionando y con ello, siguieran surgiendo nuevas especies.<\/p>\n\n\n\n<p>Por otro lado, las&nbsp;que fueron domesticadas, al igual que el ma\u00edz, fueron \u201cmejoradas\u201d a trav\u00e9s de la selecci\u00f3n&nbsp;que los campesinos hicieron de la planta, ya fuera para la producci\u00f3n de pulque o la&nbsp;producci\u00f3n de destilados.<\/p>\n\n\n\n<p>El maguey, usado como alimento, vestido, materiales de construcci\u00f3n, elemento ritual u&nbsp;ornamental ha sido una planta altamente valorada siglos atr\u00e1s, aunque en los \u00faltimos 2&nbsp;siglos, su uso se ha reducido a la obtenci\u00f3n de fibras y de bebidas.<\/p>\n\n\n\n<figure class=\"wp-block-gallery has-nested-images columns-default is-cropped wp-block-gallery-3 is-layout-flex wp-block-gallery-is-layout-flex\">\n<figure class=\"wp-block-image size-large\"><img decoding=\"async\" width=\"500\" height=\"333\" data-id=\"1063851\" src=\"https:\/\/dimensionturistica.com\/es\/wp-content\/uploads\/2025\/10\/3MAGUEY.jpg\" alt=\"\" class=\"wp-image-1063851\" srcset=\"https:\/\/dimensionturistica.com\/es\/wp-content\/uploads\/2025\/10\/3MAGUEY.jpg 500w, https:\/\/dimensionturistica.com\/es\/wp-content\/uploads\/2025\/10\/3MAGUEY-300x200.jpg 300w\" sizes=\"(max-width: 500px) 100vw, 500px\" \/><\/figure>\n<\/figure>\n\n\n\n<p>El sistema Maguey Intercalado con Milpa (MIM) tambi\u00e9n conocido con metepantle 1 , tuvo su&nbsp;origen en la agricultura precolombina y es resultado del manejo que los campesinos hicieron&nbsp;de las terrazas, donde, para poder aprovechar las laderas y sus pendientes, construyeron&nbsp;bordos de tierra o piedra para retener el suelo.<\/p>\n\n\n\n<p>El metepantle representa una de las primeras formas de cultivar y aprovechar los terrenos&nbsp;con pendientes, que en nuestro pa\u00eds suelen ser muy comunes por la gran cantidad de&nbsp;monta\u00f1as. Por otra parte, este tipo de terrenos de menor calidad, sol\u00edan ser aquellos a los&nbsp;que, en la \u00e9poca colonial ten\u00edan acceso, sobre todo, porque los terrenos planos y de mejor&nbsp;calidad estaban en manos de hacendados.<\/p>\n\n\n\n<figure class=\"wp-block-gallery has-nested-images columns-default is-cropped wp-block-gallery-4 is-layout-flex wp-block-gallery-is-layout-flex\">\n<figure class=\"wp-block-image size-large\"><img decoding=\"async\" width=\"500\" height=\"453\" data-id=\"1063856\" src=\"https:\/\/dimensionturistica.com\/es\/wp-content\/uploads\/2025\/10\/5MAGUEY.jpg\" alt=\"\" class=\"wp-image-1063856\" srcset=\"https:\/\/dimensionturistica.com\/es\/wp-content\/uploads\/2025\/10\/5MAGUEY.jpg 500w, https:\/\/dimensionturistica.com\/es\/wp-content\/uploads\/2025\/10\/5MAGUEY-300x272.jpg 300w\" sizes=\"(max-width: 500px) 100vw, 500px\" \/><\/figure>\n<\/figure>\n\n\n\n<p>El ingenio aunado a la necesidad de aprovechar los recursos al m\u00e1ximo, dieron como&nbsp;resultado un sistema de siembra que sobrevive hasta nuestros d\u00edas, aunque, cada vez en&nbsp;menos medida, pues desde finales del siglo pasado se estableci\u00f3 una nueva forma de&nbsp;cultivo del agave: el monocultivo.<\/p>\n\n\n\n<p>El monocultivo, en un principio reservado a terrenos planos y altamente productivos, se ha&nbsp;ido desplazando para cubrir cerros y laderas. Desafortunadamente, junto a \u00e9ste se&nbsp;implement\u00f3 el uso de \u201cpaquetes tecnol\u00f3gicos\u201d para su cultivo basado preponderantemente&nbsp;por el uso de pesticidas, herbicidas y abonos sint\u00e9ticos.<\/p>\n\n\n\n<p>Siendo las comunidades rurales el reservorio de ma\u00edces criollos y de la mayor parte de la&nbsp;biodiversidad que habita en nuestro territorio, es urgente volver la mirada a las pr\u00e1cticas&nbsp;tradicionales de cultivo.<\/p>\n\n\n\n<p>El sistema MIM se plantea como un sistema noble, donde el objetivo es producir alimento a&nbsp;partir del cultivo de la milpa, mientras que el agave es un subproducto que puede&nbsp;aprovecharse de manera paralela.<\/p>\n\n\n\n<figure class=\"wp-block-gallery has-nested-images columns-default is-cropped wp-block-gallery-5 is-layout-flex wp-block-gallery-is-layout-flex\">\n<figure class=\"wp-block-image size-large\"><img decoding=\"async\" width=\"500\" height=\"375\" data-id=\"1063848\" src=\"https:\/\/dimensionturistica.com\/es\/wp-content\/uploads\/2025\/10\/1maguey.jpg\" alt=\"\" class=\"wp-image-1063848\" srcset=\"https:\/\/dimensionturistica.com\/es\/wp-content\/uploads\/2025\/10\/1maguey.jpg 500w, https:\/\/dimensionturistica.com\/es\/wp-content\/uploads\/2025\/10\/1maguey-300x225.jpg 300w\" sizes=\"(max-width: 500px) 100vw, 500px\" \/><\/figure>\n<\/figure>\n\n\n\n<p>As\u00ed mismo, el sistema MIM, sigue cumpliendo su doble funci\u00f3n: retener suelos y producir&nbsp;alimentos y maguey para la elaboraci\u00f3n de bebidas fermentadas (pulque) o destiladas.<\/p>\n\n\n\n<p>Pensar el mundo desde la perspectiva de la agricultura regenerativa, es una posibilidad para&nbsp;mantener los cultivos tradicionales, as\u00ed como ma\u00edces, calabazas y frijoles criollos y un&nbsp;sistema productivo basado no en el rendimiento sino en la diversidad, ya sea de aromas y&nbsp;sabores o simplemente de agaves.<\/p>\n\n\n\n<p>El aprovechamiento integral del agave y la milpa, pueden representar una estrategia ante los&nbsp;efectos del cambio clim\u00e1tico, pues son plantas que han pasado por procesos de adaptaci\u00f3n,&nbsp;pero, sobre todo, por vivir en condiciones extremas ante lo cual tambi\u00e9n se han&nbsp;diversificado.<\/p>\n\n\n\n<p>Desde las monta\u00f1as de Chihuahua en el norte, hasta las del sur en Oaxaca, M\u00e9xico se&nbsp;caracteriza por la gran diversidad de especies de agaves que podemos encontrar, los&nbsp;diversos usos que las comunidades han dado a la planta, y que hoy d\u00eda es necesario&nbsp;retomar y recuperar.<\/p>\n\n\n\n<p>El uso de las fibras muy probablemente sea el primer regreso de la planta a nuestra&nbsp;cotidianidad, aunque tambi\u00e9n su uso como alimento sigue siendo vigente, es cada vez&nbsp;menos com\u00fan; sin embargo, es importante rescatar el uso del agave en la cocina como&nbsp;alimento, as\u00ed como como ingrediente para la elaboraci\u00f3n de platillos.<\/p>\n\n\n\n<p>El manejo del territorio se basa en el aprovechamiento racional de las plantas y animales&nbsp;que lo habitan.<\/p>\n\n\n\n<p>El uso planificado seg\u00fan las necesidades de los que habitan el lugar, pero&nbsp;igualmente importante resulta saber esperar a que la planta alcance su madurez para poder&nbsp;ser aprovechada.<\/p>\n\n\n\n<p>En resumen, el agave es una planta que da identidad a nuestro pa\u00eds, forma parte de su&nbsp;historia, del paisaje y su imagen est\u00e1 en el imaginario de todo mexicano.<\/p>\n\n\n\n<p>Aunque hoy d\u00eda,&nbsp;esta riqueza biol\u00f3gica puede estar en peligro, no s\u00f3lo por el aumento del monocultivo, el&nbsp;cambio en los m\u00e9todos de propagaci\u00f3n, pero, sobre todo, por la selecci\u00f3n de \u00fanicamente&nbsp;dos especies de alto rendimiento, poniendo en situaci\u00f3n cr\u00edtica la sobrevivencia de aquellas&nbsp;que no logren ser competitivas en rendimiento o de periodo corto de madurez.<\/p>\n\n\n\n<figure class=\"wp-block-gallery has-nested-images columns-default is-cropped wp-block-gallery-6 is-layout-flex wp-block-gallery-is-layout-flex\">\n<figure class=\"wp-block-image size-large\"><img decoding=\"async\" width=\"500\" height=\"750\" data-id=\"1063857\" src=\"https:\/\/dimensionturistica.com\/es\/wp-content\/uploads\/2025\/10\/4MAGUIEY.jpg\" alt=\"\" class=\"wp-image-1063857\" srcset=\"https:\/\/dimensionturistica.com\/es\/wp-content\/uploads\/2025\/10\/4MAGUIEY.jpg 500w, https:\/\/dimensionturistica.com\/es\/wp-content\/uploads\/2025\/10\/4MAGUIEY-200x300.jpg 200w\" sizes=\"(max-width: 500px) 100vw, 500px\" \/><\/figure>\n<\/figure>\n\n\n\n<p>Junto con la p\u00e9rdida de la diversidad de agaves, tambi\u00e9n perderemos la memoria, parte de&nbsp;nuestra identidad, y el legado que la naturaleza dej\u00f3 a nuestro cargo.<\/p>\n\n\n\n<p>Por ello, es importante&nbsp;replantearnos el mundo desde otra l\u00f3gica distinta a la productividad.<\/p>\n\n\n\n<p>Finalmente, la responsabilidad debe ser compartida, no s\u00f3lo recae en el campesino, tambi\u00e9n&nbsp;en el consumidor, el ciudadano, el Estado y todos quienes habitamos el territorio, este que&nbsp;es nuestro hogar y donde hemos evolucionado.<\/p>\n\n\n\n<p>Por ello, en este 20 de octubre, D\u00eda Nacional del Mezcal, desde&nbsp;Fundaci\u00f3n Herdez \u2013&nbsp;Casa Do\u00f1a Mar\u00eda Pons te invitamos a conocer m\u00e1s sobre la planta que le da origen, su&nbsp;riqueza cultural, su diversidad y el arte que encierra su producci\u00f3n.<\/p>\n\n\n\n<p>En nuestras bibliotecas&nbsp;encontrar\u00e1s materiales que profundizan en este tema, como el libro Mexcalli, de Graciela&nbsp;\u00c1ngeles Carre\u00f1o, una de las voces m\u00e1s importantes y expertas en el universo del mezcal,&nbsp;as\u00ed como otros t\u00edtulos dedicados a la cultura de los destilados de agave y a las tradiciones&nbsp;que los rodean.<\/p>\n\n\n\n<figure class=\"wp-block-gallery has-nested-images columns-default is-cropped wp-block-gallery-7 is-layout-flex wp-block-gallery-is-layout-flex\">\n<figure class=\"wp-block-image size-large\"><img decoding=\"async\" width=\"500\" height=\"375\" data-id=\"1063854\" src=\"https:\/\/dimensionturistica.com\/es\/wp-content\/uploads\/2025\/10\/6MAGUEY.jpg\" alt=\"\" class=\"wp-image-1063854\" srcset=\"https:\/\/dimensionturistica.com\/es\/wp-content\/uploads\/2025\/10\/6MAGUEY.jpg 500w, https:\/\/dimensionturistica.com\/es\/wp-content\/uploads\/2025\/10\/6MAGUEY-300x225.jpg 300w\" sizes=\"(max-width: 500px) 100vw, 500px\" \/><\/figure>\n<\/figure>\n\n\n\n<figure class=\"wp-block-gallery has-nested-images columns-default is-cropped wp-block-gallery-8 is-layout-flex wp-block-gallery-is-layout-flex\"><\/figure>\n\n\n\n<p>Visita la Biblioteca de la Gastronom\u00eda Mexicana en nuestra sede de Ciudad de M\u00e9xico&nbsp;(Seminario 18, Centro Hist\u00f3rico) o la Biblioteca Casa Do\u00f1a Mar\u00eda Pons en San Luis Potos\u00ed y&nbsp;descubre m\u00e1s sobre este y otros temas que celebran la diversidad cultural de nuestro pa\u00eds.<\/p>\n\n\n\n<p>*Graciela Concepci\u00f3n \u00c1ngeles Carre\u00f1o Maestra en Sociolog\u00eda con Atenci\u00f3n al Desarrollo Regional&nbsp;(IISUABJO), Doctora en Desarrollo Rural (UAM-X) y Gerente General de Mezcal de los \u00c1ngeles S.C&nbsp;de R.L.<\/p>\n\n\n\n<figure class=\"wp-block-gallery has-nested-images columns-default is-cropped wp-block-gallery-9 is-layout-flex wp-block-gallery-is-layout-flex\">\n<figure class=\"wp-block-image size-large\"><img decoding=\"async\" width=\"500\" height=\"333\" data-id=\"1063852\" src=\"https:\/\/dimensionturistica.com\/es\/wp-content\/uploads\/2025\/10\/7MAGUEY.jpg\" alt=\"\" class=\"wp-image-1063852\" srcset=\"https:\/\/dimensionturistica.com\/es\/wp-content\/uploads\/2025\/10\/7MAGUEY.jpg 500w, https:\/\/dimensionturistica.com\/es\/wp-content\/uploads\/2025\/10\/7MAGUEY-300x200.jpg 300w\" sizes=\"(max-width: 500px) 100vw, 500px\" \/><\/figure>\n<\/figure>\n\n\n\n<p>Redes sociales:<\/p>\n\n\n\n<p>\u25cf Facebook: @FundacionHerdezAC<\/p>\n\n\n\n<p>\u25cf Instagram: @fundacion.herdezac<\/p>\n\n\n\n<p>\u25cf Twitter: @HerdezFundacion<\/p>\n\n\n\n<p>\u25cf YouTube: Fundaci\u00f3n HERDEZ<\/p>\n\n\n\n<p>\u25cf LinkedIn: Fundaci\u00f3n HERDEZ<\/p>\n\n\n\n<p>\u25cf TikTok: @fundacionherdez<\/p>\n\n\n\n<p>\u25cf Facebook: Casa Do\u00f1a Mar\u00eda Pons<\/p>\n\n\n\n<p>\u25cf Instagram: casa_donamariapons<\/p>\n","protected":false},"excerpt":{"rendered":"<p>Por Graciela Concepci\u00f3n \u00c1ngeles Carre\u00f1o* El sistema milpa y el maguey han sido los cultivos m\u00e1s importantes en el desarrollo de las&nbsp;culturas que habitaron lo que hoy conocemos como&nbsp;Am\u00e9rica, la domesticaci\u00f3n del ma\u00edz&nbsp;parece ser muy cercana a la&nbsp;domesticaci\u00f3n del agave en el territorio que hoy ocupa M\u00e9xico. La importancia de estas plantas para la sobrevivencia [&hellip;]<\/p>\n","protected":false},"author":1,"featured_media":0,"comment_status":"open","ping_status":"closed","sticky":false,"template":"","format":"standard","meta":{"om_disable_all_campaigns":false,"jnews-multi-image_gallery":[],"jnews_single_post":{"format":"standard"},"jnews_primary_category":[],"jnews_social_meta":[],"footnotes":""},"categories":[43],"tags":[],"class_list":["post-1063847","post","type-post","status-publish","format-standard","hentry","category-gourmet"],"_links":{"self":[{"href":"https:\/\/dimensionturistica.com\/es\/wp-json\/wp\/v2\/posts\/1063847","targetHints":{"allow":["GET"]}}],"collection":[{"href":"https:\/\/dimensionturistica.com\/es\/wp-json\/wp\/v2\/posts"}],"about":[{"href":"https:\/\/dimensionturistica.com\/es\/wp-json\/wp\/v2\/types\/post"}],"author":[{"embeddable":true,"href":"https:\/\/dimensionturistica.com\/es\/wp-json\/wp\/v2\/users\/1"}],"replies":[{"embeddable":true,"href":"https:\/\/dimensionturistica.com\/es\/wp-json\/wp\/v2\/comments?post=1063847"}],"version-history":[{"count":2,"href":"https:\/\/dimensionturistica.com\/es\/wp-json\/wp\/v2\/posts\/1063847\/revisions"}],"predecessor-version":[{"id":1063864,"href":"https:\/\/dimensionturistica.com\/es\/wp-json\/wp\/v2\/posts\/1063847\/revisions\/1063864"}],"wp:attachment":[{"href":"https:\/\/dimensionturistica.com\/es\/wp-json\/wp\/v2\/media?parent=1063847"}],"wp:term":[{"taxonomy":"category","embeddable":true,"href":"https:\/\/dimensionturistica.com\/es\/wp-json\/wp\/v2\/categories?post=1063847"},{"taxonomy":"post_tag","embeddable":true,"href":"https:\/\/dimensionturistica.com\/es\/wp-json\/wp\/v2\/tags?post=1063847"}],"curies":[{"name":"wp","href":"https:\/\/api.w.org\/{rel}","templated":true}]}}