{"id":1063522,"date":"2025-10-19T19:27:36","date_gmt":"2025-10-19T19:27:36","guid":{"rendered":"https:\/\/dimensionturistica.com\/es\/?p=1063522"},"modified":"2025-10-19T19:27:36","modified_gmt":"2025-10-19T19:27:36","slug":"bye-bye-friend-conmemora-el-dia-de-muertos-con-una-campana-que-transforma-el-duelo-en-un-acto-de-amor-memoria-y-tradicion","status":"publish","type":"post","link":"https:\/\/dimensionturistica.com\/es\/bye-bye-friend-conmemora-el-dia-de-muertos-con-una-campana-que-transforma-el-duelo-en-un-acto-de-amor-memoria-y-tradicion\/","title":{"rendered":"\u00a0Bye Bye Friend conmemora el D\u00eda de Muertos con una campa\u00f1a que transforma el\u00a0duelo en un acto de amor, memoria y tradici\u00f3n."},"content":{"rendered":"\n<figure class=\"wp-block-gallery has-nested-images columns-default is-cropped wp-block-gallery-1 is-layout-flex wp-block-gallery-is-layout-flex\">\n<figure class=\"wp-block-image size-large\"><img decoding=\"async\" width=\"500\" height=\"223\" data-id=\"1063523\" src=\"https:\/\/dimensionturistica.com\/es\/wp-content\/uploads\/2025\/10\/9ADIOS.jpg\" alt=\"\" class=\"wp-image-1063523\" srcset=\"https:\/\/dimensionturistica.com\/es\/wp-content\/uploads\/2025\/10\/9ADIOS.jpg 500w, https:\/\/dimensionturistica.com\/es\/wp-content\/uploads\/2025\/10\/9ADIOS-300x134.jpg 300w\" sizes=\"(max-width: 500px) 100vw, 500px\" \/><\/figure>\n<\/figure>\n\n\n\n<p>En el marco del D\u00eda de Muertos, Bye Bye Friend,&nbsp;el primer santuario funerario para mascotas, dise\u00f1\u00f3 actividades especiales para enaltecer la&nbsp;conexi\u00f3n eterna entre las familias y sus mascotas, bajo el concepto \u201cGuardianes de la&nbsp;Memoria\u201d.<\/p>\n\n\n\n<p>En M\u00e9xico, la tradici\u00f3n del D\u00eda de Muertos nos recuerda que el amor no termina con la&nbsp;ausencia. Cada altar, flor y vela encendida representa la certeza de que quienes partieron&nbsp;siguen presentes.<\/p>\n\n\n\n<figure class=\"wp-block-gallery has-nested-images columns-default is-cropped wp-block-gallery-2 is-layout-flex wp-block-gallery-is-layout-flex\">\n<figure class=\"wp-block-image size-large\"><img decoding=\"async\" width=\"500\" height=\"294\" data-id=\"1063524\" src=\"https:\/\/dimensionturistica.com\/es\/wp-content\/uploads\/2025\/10\/1ADIOS.jpg\" alt=\"\" class=\"wp-image-1063524\" srcset=\"https:\/\/dimensionturistica.com\/es\/wp-content\/uploads\/2025\/10\/1ADIOS.jpg 500w, https:\/\/dimensionturistica.com\/es\/wp-content\/uploads\/2025\/10\/1ADIOS-300x176.jpg 300w\" sizes=\"(max-width: 500px) 100vw, 500px\" \/><\/figure>\n<\/figure>\n\n\n\n<p>Bajo esa misma premisa, Bye Bye Friend impulsa un espacio donde las&nbsp;despedidas se transforman en recuerdos vivos, llenos de color, gratitud y significado.<\/p>\n\n\n\n<p>\u201cGuardianes de la Memoria\u201d tendr\u00e1 interacci\u00f3n a trav\u00e9s de redes sociales invitando a las&nbsp;familias a recordar a sus amigos entra\u00f1ables, quienes regresan cada 27 de octubre en el&nbsp;marco de las festividades de D\u00eda de Muertos, convertidos en alebrijes protectores y llenos&nbsp;de color. Celebrando as\u00ed, el amor que trasciende y convierte la ausencia en recuerdo.<\/p>\n\n\n\n<p>El&nbsp;proyecto busca inspirar a las familias a vivir su duelo con amor, aceptaci\u00f3n y esperanza.<\/p>\n\n\n\n<figure class=\"wp-block-gallery has-nested-images columns-default is-cropped wp-block-gallery-3 is-layout-flex wp-block-gallery-is-layout-flex\">\n<figure class=\"wp-block-image size-large\"><img decoding=\"async\" width=\"500\" height=\"319\" data-id=\"1063525\" src=\"https:\/\/dimensionturistica.com\/es\/wp-content\/uploads\/2025\/10\/4DIOS.jpg\" alt=\"\" class=\"wp-image-1063525\" srcset=\"https:\/\/dimensionturistica.com\/es\/wp-content\/uploads\/2025\/10\/4DIOS.jpg 500w, https:\/\/dimensionturistica.com\/es\/wp-content\/uploads\/2025\/10\/4DIOS-300x191.jpg 300w\" sizes=\"(max-width: 500px) 100vw, 500px\" \/><\/figure>\n<\/figure>\n\n\n\n<p>Cada despedida se transforma en una ra\u00edz m\u00e1s del \u00c1rbol de los Guardianes, donde el amor&nbsp;permanece para siempre.<\/p>\n\n\n\n<p>Ana Paola Febles, tanat\u00f3loga especialista, coment\u00f3 que las etapas del duelo: negaci\u00f3n, ira,&nbsp;negociaci\u00f3n, depresi\u00f3n y aceptaci\u00f3n, se manifiestan de manera muy similar a las que se&nbsp;experimentan tras la p\u00e9rdida de un ser humano. \u201cCada persona transita este proceso a su&nbsp;propio ritmo. Lo importante es reconocer que el v\u00ednculo con una mascota tambi\u00e9n es un lazo&nbsp;afectivo significativo y no debe minimizarse\u201d, explic\u00f3.<\/p>\n\n\n\n<p>De acuerdo con Manuel Ram\u00edrez, Director de Bye Bye Friend, durante los \u00faltimos a\u00f1os, el&nbsp;mercado mexicano ha mostrado un importante crecimiento en servicios de despedida de&nbsp;mascotas, alcanzando un 48% en 2024 respecto al a\u00f1o anterior. reflejando una&nbsp;transformaci\u00f3n en la manera en que las familias viven el v\u00ednculo con sus animales de&nbsp;compa\u00f1\u00eda. Cada vez m\u00e1s personas eligen experiencias simb\u00f3licas, buscan<\/p>\n\n\n\n<figure class=\"wp-block-gallery has-nested-images columns-default is-cropped wp-block-gallery-4 is-layout-flex wp-block-gallery-is-layout-flex\">\n<figure class=\"wp-block-image size-large\"><img decoding=\"async\" width=\"500\" height=\"325\" data-id=\"1063526\" src=\"https:\/\/dimensionturistica.com\/es\/wp-content\/uploads\/2025\/10\/6ADIIOS.jpg\" alt=\"\" class=\"wp-image-1063526\" srcset=\"https:\/\/dimensionturistica.com\/es\/wp-content\/uploads\/2025\/10\/6ADIIOS.jpg 500w, https:\/\/dimensionturistica.com\/es\/wp-content\/uploads\/2025\/10\/6ADIIOS-300x195.jpg 300w\" sizes=\"(max-width: 500px) 100vw, 500px\" \/><\/figure>\n<\/figure>\n\n\n\n<p>acompa\u00f1amiento tanatol\u00f3gico y memoriales personalizados para honrar a sus Guardianes.<\/p>\n\n\n\n<p>Es por ello, que cada 27 de octubre, m\u00e1s familias mexicanas crean altares con las&nbsp;fotograf\u00edas, juguetes o collares de sus mascotas, validando su amor y reconociendo lo dif\u00edcil&nbsp;de su p\u00e9rdida. Escribir una carta, plantar un \u00e1rbol o tener un memorial f\u00edsico en casa son&nbsp;actos de sanaci\u00f3n.<\/p>\n\n\n\n<figure class=\"wp-block-gallery has-nested-images columns-default is-cropped wp-block-gallery-5 is-layout-flex wp-block-gallery-is-layout-flex\">\n<figure class=\"wp-block-image size-large\"><img decoding=\"async\" width=\"500\" height=\"281\" data-id=\"1063527\" src=\"https:\/\/dimensionturistica.com\/es\/wp-content\/uploads\/2025\/10\/2ADIOS.jpg\" alt=\"\" class=\"wp-image-1063527\" srcset=\"https:\/\/dimensionturistica.com\/es\/wp-content\/uploads\/2025\/10\/2ADIOS.jpg 500w, https:\/\/dimensionturistica.com\/es\/wp-content\/uploads\/2025\/10\/2ADIOS-300x169.jpg 300w\" sizes=\"(max-width: 500px) 100vw, 500px\" \/><\/figure>\n<\/figure>\n\n\n\n<p>\u201cHablar de la muerte de una mascota, planificar su despedida y tomar decisiones&nbsp;informadas, son actos de amor y responsabilidad. Anticipar y hablar del final de la vida de&nbsp;una mascota no es un signo de frialdad, sino de compasi\u00f3n. Permite prepararse&nbsp;emocionalmente y reducir la culpa posterior\u201d, destac\u00f3 Paola Febles.<\/p>\n\n\n\n<p>El D\u00eda de Muertos nos recuerda que el amor no termina con la ausencia. En Bye Bye&nbsp;Friend, el primer santuario funerario para mascotas apoya con tan solo una llamada, a los&nbsp;tutores responsables que se preocupan por ofrecerles una despedida digna.<\/p>\n\n\n\n<p>Porque honrar&nbsp;su memoria es tambi\u00e9n agradecer sus ense\u00f1anzas y compa\u00f1\u00eda.<\/p>\n","protected":false},"excerpt":{"rendered":"<p>En el marco del D\u00eda de Muertos, Bye Bye Friend,&nbsp;el primer santuario funerario para mascotas, dise\u00f1\u00f3 actividades especiales para enaltecer la&nbsp;conexi\u00f3n eterna entre las familias y sus mascotas, bajo el concepto \u201cGuardianes de la&nbsp;Memoria\u201d. En M\u00e9xico, la tradici\u00f3n del D\u00eda de Muertos nos recuerda que el amor no termina con la&nbsp;ausencia. Cada altar, flor y [&hellip;]<\/p>\n","protected":false},"author":1,"featured_media":0,"comment_status":"open","ping_status":"closed","sticky":false,"template":"","format":"standard","meta":{"om_disable_all_campaigns":false,"jnews-multi-image_gallery":[],"jnews_single_post":[],"jnews_primary_category":[],"jnews_social_meta":[],"footnotes":""},"categories":[144872],"tags":[],"class_list":["post-1063522","post","type-post","status-publish","format-standard","hentry","category-fashion"],"_links":{"self":[{"href":"https:\/\/dimensionturistica.com\/es\/wp-json\/wp\/v2\/posts\/1063522","targetHints":{"allow":["GET"]}}],"collection":[{"href":"https:\/\/dimensionturistica.com\/es\/wp-json\/wp\/v2\/posts"}],"about":[{"href":"https:\/\/dimensionturistica.com\/es\/wp-json\/wp\/v2\/types\/post"}],"author":[{"embeddable":true,"href":"https:\/\/dimensionturistica.com\/es\/wp-json\/wp\/v2\/users\/1"}],"replies":[{"embeddable":true,"href":"https:\/\/dimensionturistica.com\/es\/wp-json\/wp\/v2\/comments?post=1063522"}],"version-history":[{"count":1,"href":"https:\/\/dimensionturistica.com\/es\/wp-json\/wp\/v2\/posts\/1063522\/revisions"}],"predecessor-version":[{"id":1063528,"href":"https:\/\/dimensionturistica.com\/es\/wp-json\/wp\/v2\/posts\/1063522\/revisions\/1063528"}],"wp:attachment":[{"href":"https:\/\/dimensionturistica.com\/es\/wp-json\/wp\/v2\/media?parent=1063522"}],"wp:term":[{"taxonomy":"category","embeddable":true,"href":"https:\/\/dimensionturistica.com\/es\/wp-json\/wp\/v2\/categories?post=1063522"},{"taxonomy":"post_tag","embeddable":true,"href":"https:\/\/dimensionturistica.com\/es\/wp-json\/wp\/v2\/tags?post=1063522"}],"curies":[{"name":"wp","href":"https:\/\/api.w.org\/{rel}","templated":true}]}}