{"id":1063507,"date":"2025-10-19T19:00:14","date_gmt":"2025-10-19T19:00:14","guid":{"rendered":"https:\/\/dimensionturistica.com\/es\/?p=1063507"},"modified":"2025-10-19T19:00:14","modified_gmt":"2025-10-19T19:00:14","slug":"sabias-que-la-industria-de-la-edificacion-sigue-siendo-una-de-las-principales-responsables-del-consumo-energetico","status":"publish","type":"post","link":"https:\/\/dimensionturistica.com\/es\/sabias-que-la-industria-de-la-edificacion-sigue-siendo-una-de-las-principales-responsables-del-consumo-energetico\/","title":{"rendered":"\u00bfSab\u00edas que la industria de la edificaci\u00f3n sigue siendo una de las principales responsables del consumo energ\u00e9tico"},"content":{"rendered":"\n<figure class=\"wp-block-gallery has-nested-images columns-default is-cropped wp-block-gallery-1 is-layout-flex wp-block-gallery-is-layout-flex\">\n<figure class=\"wp-block-image size-large\"><img decoding=\"async\" width=\"500\" height=\"102\" data-id=\"1063508\" src=\"https:\/\/dimensionturistica.com\/es\/wp-content\/uploads\/2025\/10\/11FRAC.jpg\" alt=\"\" class=\"wp-image-1063508\" srcset=\"https:\/\/dimensionturistica.com\/es\/wp-content\/uploads\/2025\/10\/11FRAC.jpg 500w, https:\/\/dimensionturistica.com\/es\/wp-content\/uploads\/2025\/10\/11FRAC-300x61.jpg 300w\" sizes=\"(max-width: 500px) 100vw, 500px\" \/><\/figure>\n<\/figure>\n\n\n\n<p>Owens Corning, compa\u00f1\u00eda l\u00edder en aislamiento t\u00e9rmico y ac\u00fastico a nivel mundial, realizar\u00e1 la Onceava edici\u00f3n del Foro Owens Corning, la cual se llevar\u00e1 a cabo el 13 de noviembre de 2025 en el WTC de la Ciudad de M\u00e9xico, con un enfoque hacia el papel decisivo de la arquitectura para reducir el impacto ambiental de la construcci\u00f3n y orientar la pr\u00e1ctica profesional de los modelos regenerativos.<\/p>\n\n\n\n<figure class=\"wp-block-gallery has-nested-images columns-default is-cropped wp-block-gallery-2 is-layout-flex wp-block-gallery-is-layout-flex\">\n<figure class=\"wp-block-image size-large\"><img decoding=\"async\" width=\"500\" height=\"374\" data-id=\"1063509\" src=\"https:\/\/dimensionturistica.com\/es\/wp-content\/uploads\/2025\/10\/2FRAC.jpg\" alt=\"\" class=\"wp-image-1063509\" srcset=\"https:\/\/dimensionturistica.com\/es\/wp-content\/uploads\/2025\/10\/2FRAC.jpg 500w, https:\/\/dimensionturistica.com\/es\/wp-content\/uploads\/2025\/10\/2FRAC-300x224.jpg 300w\" sizes=\"(max-width: 500px) 100vw, 500px\" \/><\/figure>\n<\/figure>\n\n\n\n<p>La industria de la edificaci\u00f3n sigue siendo una de las principales responsables del consumo energ\u00e9tico y las emisiones globales. El sector representa m\u00e1s de un tercio del consumo energ\u00e9tico mundial y concentra una proporci\u00f3n significativa de las emisiones relacionadas con la energ\u00eda y los procesos industriales, adem\u00e1s contribuye al 34% de las emisiones globales de CO2. El sector depende de materiales como el cemento y el acero, responsables del 18% de las emisiones globales y una importante fuente de residuos de la construcci\u00f3n.<\/p>\n\n\n\n<p>Estas cifras subrayan la urgencia de adoptar materiales y estrategias que mejoren la eficiencia t\u00e9rmica, prolonguen la vida \u00fatil de las obras y favorezcan la circularidad.<\/p>\n\n\n\n<p>Fernando S\u00e1nchez, director comercial para Latinoam\u00e9rica de Owens Corning, destaca el prop\u00f3sito del evento, \u201cel Foro Owens Corning es una plataforma para convertir conocimiento en acci\u00f3n: buscamos conectar a dise\u00f1adores, constructores y tomadores de decisi\u00f3n con soluciones reales que reduzcan la huella ambiental de nuestras ciudades.\u201d<\/p>\n\n\n\n<p>Gerardo Ca\u00f1amar, gerente comercial de Owens Corning M\u00e9xico, explica como la compa\u00f1\u00eda impulsa la eficiencia energ\u00e9tica a nivel mundial y c\u00f3mo la innovaci\u00f3n de sus marcas tiene un impacto real en el medio ambiente y las personas, mientras Alan Roblero, l\u00edder de Especificaci\u00f3n de la compa\u00f1\u00eda, menciona el compromiso de Owens Corning con la formaci\u00f3n de profesionales y la colaboraci\u00f3n con la industria local.<\/p>\n\n\n\n<figure class=\"wp-block-gallery has-nested-images columns-default is-cropped wp-block-gallery-3 is-layout-flex wp-block-gallery-is-layout-flex\">\n<figure class=\"wp-block-image size-large\"><img decoding=\"async\" width=\"500\" height=\"333\" data-id=\"1063510\" src=\"https:\/\/dimensionturistica.com\/es\/wp-content\/uploads\/2025\/10\/3FRAC.jpg\" alt=\"\" class=\"wp-image-1063510\" srcset=\"https:\/\/dimensionturistica.com\/es\/wp-content\/uploads\/2025\/10\/3FRAC.jpg 500w, https:\/\/dimensionturistica.com\/es\/wp-content\/uploads\/2025\/10\/3FRAC-300x200.jpg 300w\" sizes=\"(max-width: 500px) 100vw, 500px\" \/><\/figure>\n<\/figure>\n\n\n\n<p>Para Owens Corning, la sostenibilidad no es solo una meta, sino una forma de operar que impacta positivamente a las personas, al prop\u00f3sito de la empresa y al planeta. Por ejemplo, acerca de la reducci\u00f3n de emisiones de Gases de Efecto Invernadero, la compa\u00f1\u00eda redujo sus emisiones de Alcance 1 y 2 (basadas en mercado) en un 43% respecto a su l\u00ednea base de 2018, incluyendo una reducci\u00f3n del 11% solo en 2024, acerc\u00e1ndose a su meta de 50% para 2030.<\/p>\n\n\n\n<p>Por otra parte, el arquitecto Mario Schjetnan subraya la dimensi\u00f3n \u00e9tica del dise\u00f1o: \u201cLa arquitectura no solo debe ocupar territorio, debe devolver vida a la ciudad; cada proyecto es una oportunidad para reparar ecosistemas urbanos.<\/p>\n\n\n\n<p>La XI edici\u00f3n del Foro reunir\u00e1 a tres figuras destacadas de la arquitectura mexicana \u2014Gabriela Carrillo, Mario Schjetnan y Javier Senosiain\u2014 en un programa que combina ponencias magistrales y casos de estudio. El evento es completamente gratuito; el registro se realiza de forma virtual en la p\u00e1gina https:\/\/forooc.com\/ y est\u00e1 abierto a profesionales, acad\u00e9micos y p\u00fablico especializado.<\/p>\n\n\n\n<p>Arq. Gabriela Carrillo<\/p>\n\n\n\n<figure class=\"wp-block-gallery has-nested-images columns-default is-cropped wp-block-gallery-4 is-layout-flex wp-block-gallery-is-layout-flex\">\n<figure class=\"wp-block-image size-large\"><img decoding=\"async\" width=\"500\" height=\"374\" data-id=\"1063511\" src=\"https:\/\/dimensionturistica.com\/es\/wp-content\/uploads\/2025\/10\/5FRAC.jpg\" alt=\"\" class=\"wp-image-1063511\" srcset=\"https:\/\/dimensionturistica.com\/es\/wp-content\/uploads\/2025\/10\/5FRAC.jpg 500w, https:\/\/dimensionturistica.com\/es\/wp-content\/uploads\/2025\/10\/5FRAC-300x224.jpg 300w\" sizes=\"(max-width: 500px) 100vw, 500px\" \/><\/figure>\n<\/figure>\n\n\n\n<p>Con m\u00e1s de veinte a\u00f1os de experiencia ha recibido reconocimientos, como el Emerging Voices Award en 2014, la C\u00e1tedra Federico Mariscal, el m\u00e1ximo reconocimiento a la pr\u00e1ctica profesional otorgado por la Facultad de Arquitectura de la UNAM, la M\u00e9daille d&#8217;OR de la Academia Francesa de Arquitectura, \u201cArquitecta del A\u00f1o&#8221; por Architectural Review en Londres en 2017, por Architectural Digest M\u00e9xico en 2020, y en 2023 se le otorg\u00f3 The Royal Academy Dorfman Award. Ha sido miembro del Sistema de Creadores de Arte, y desde 2021 es acad\u00e9mica de n\u00famero de la Academia de Arquitectura de M\u00e9xico, cap\u00edtulo Ciudad de M\u00e9xico.<\/p>\n\n\n\n<p>Arq. Javier Senosiain<\/p>\n\n\n\n<p>Es autor de diversos libros, entre ellos: \u201cArquitectura de Ra\u00edces, Naturaleza e Identidad\u201d Edit. Facultad de Arquitectura. Feb 2021. En el a\u00f1o 2006 el consejo de la Facultad de Arquitectura de la UNAM le otorg\u00f3 la C\u00e1tedra de Federico Mariscal. Otro de sus logros es \u201cEl Nido de Quetzalc\u00f3atl\u201d, cuya creaci\u00f3n fue un reto a nivel de construcci\u00f3n debido al terreno irregular de 5,000m2 en el cual se encuentra, sin embargo, con el paso del tiempo se logr\u00f3 crear un conjunto habitacional de 10 departamentos, rodeado de jardines, espejos de agua y un bosque de encinos.<\/p>\n\n\n\n<p>Arq. Mario Schjetnan<\/p>\n\n\n\n<div class=\"wp-block-file\"><a id=\"wp-block-file--media-d919b92c-ffba-403b-be04-9033a4b280b4\" href=\"https:\/\/dimensionturistica.com\/es\/wp-content\/uploads\/2025\/10\/7FRAC.jpg\">7FRAC<\/a><a href=\"https:\/\/dimensionturistica.com\/es\/wp-content\/uploads\/2025\/10\/7FRAC.jpg\" class=\"wp-block-file__button wp-element-button\" download aria-describedby=\"wp-block-file--media-d919b92c-ffba-403b-be04-9033a4b280b4\">Descarga<\/a><\/div>\n\n\n\n<figure class=\"wp-block-gallery has-nested-images columns-default is-cropped wp-block-gallery-5 is-layout-flex wp-block-gallery-is-layout-flex\">\n<figure class=\"wp-block-image size-large\"><img decoding=\"async\" width=\"500\" height=\"280\" data-id=\"1063513\" src=\"https:\/\/dimensionturistica.com\/es\/wp-content\/uploads\/2025\/10\/7FRAC-1.jpg\" alt=\"\" class=\"wp-image-1063513\" srcset=\"https:\/\/dimensionturistica.com\/es\/wp-content\/uploads\/2025\/10\/7FRAC-1.jpg 500w, https:\/\/dimensionturistica.com\/es\/wp-content\/uploads\/2025\/10\/7FRAC-1-300x168.jpg 300w\" sizes=\"(max-width: 500px) 100vw, 500px\" \/><\/figure>\n<\/figure>\n\n\n\n<p>Ha sido multipremiado internacionalmente, entre los que se distinguen: El Premio de Excelencia del Presidente, reconocimiento otorgado a Parque Tezoz\u00f3moc, uno de sus proyectos, por la Sociedad Americana de Arquitectos Paisajistas, ASLA.<\/p>\n\n\n\n<p>En tanto que el Parque La Mexicana (otro de sus proyectos) ha obtenido diversas distinciones, por ejemplo: el Premio Panamericano de Intervenci\u00f3n en Espacio P\u00fablico y\/o colectivo en la Bienal de Arquitectura de Quito.<\/p>\n\n\n\n<p>Recientemente Mario Schjetnan y su despacho, Grupo de Dise\u00f1o Urbano (GDU), fueron galardonados con el Premio Internacional de Arquitectura de Paisaje Cornelia Hahn Oberlander del 2025 (Oberlander Prize), este premio incluye $100,000 d\u00f3lares y dos a\u00f1os de compromisos p\u00fablicos en actividades enfocadas en difundir el trabajo y la arquitectura de paisaje en general.<\/p>\n\n\n\n<figure class=\"wp-block-gallery has-nested-images columns-default is-cropped wp-block-gallery-6 is-layout-flex wp-block-gallery-is-layout-flex\">\n<figure class=\"wp-block-image size-large\"><img decoding=\"async\" width=\"500\" height=\"333\" data-id=\"1063514\" src=\"https:\/\/dimensionturistica.com\/es\/wp-content\/uploads\/2025\/10\/8FRAC.jpg\" alt=\"\" class=\"wp-image-1063514\" srcset=\"https:\/\/dimensionturistica.com\/es\/wp-content\/uploads\/2025\/10\/8FRAC.jpg 500w, https:\/\/dimensionturistica.com\/es\/wp-content\/uploads\/2025\/10\/8FRAC-300x200.jpg 300w\" sizes=\"(max-width: 500px) 100vw, 500px\" \/><\/figure>\n<\/figure>\n\n\n\n<p>Schjetnan y GDU fueron seleccionados por un jurado internacional de 7 expertos entre m\u00e1s de 300 nominaciones recibidas de todo el mundo. Los atributos del ganador del Premio Oberlander incluyen entre otros, \u201cuna obra excepcionalmente talentosa, creativa, valiente y visionaria\u201d con \u201cun cuerpo de obra construida extensa que es ejemplo del arte de la arquitectura de paisaje\u201d.<\/p>\n\n\n\n<figure class=\"wp-block-embed is-type-wp-embed is-provider-owens-corning-m-xico wp-block-embed-owens-corning-m-xico\"><div class=\"wp-block-embed__wrapper\">\n<blockquote class=\"wp-embedded-content\" data-secret=\"q0VgBk8dYv\"><a href=\"https:\/\/owenscorning.com.mx\/\">Home<\/a><\/blockquote><iframe loading=\"lazy\" class=\"wp-embedded-content\" sandbox=\"allow-scripts\" security=\"restricted\" style=\"position: absolute; visibility: hidden;\" title=\"&#8220;Home&#8221; &#8212; Owens Corning M\u00e9xico\" src=\"https:\/\/owenscorning.com.mx\/embed\/#?secret=3n8ucQeaWT#?secret=q0VgBk8dYv\" data-secret=\"q0VgBk8dYv\" width=\"500\" height=\"282\" frameborder=\"0\" marginwidth=\"0\" marginheight=\"0\" scrolling=\"no\"><\/iframe>\n<\/div><\/figure>\n","protected":false},"excerpt":{"rendered":"<p>Owens Corning, compa\u00f1\u00eda l\u00edder en aislamiento t\u00e9rmico y ac\u00fastico a nivel mundial, realizar\u00e1 la Onceava edici\u00f3n del Foro Owens Corning, la cual se llevar\u00e1 a cabo el 13 de noviembre de 2025 en el WTC de la Ciudad de M\u00e9xico, con un enfoque hacia el papel decisivo de la arquitectura para reducir el impacto ambiental [&hellip;]<\/p>\n","protected":false},"author":1,"featured_media":0,"comment_status":"open","ping_status":"closed","sticky":false,"template":"","format":"standard","meta":{"om_disable_all_campaigns":false,"jnews-multi-image_gallery":[],"jnews_single_post":[],"jnews_primary_category":[],"jnews_social_meta":[],"footnotes":""},"categories":[40],"tags":[],"class_list":["post-1063507","post","type-post","status-publish","format-standard","hentry","category-industria"],"_links":{"self":[{"href":"https:\/\/dimensionturistica.com\/es\/wp-json\/wp\/v2\/posts\/1063507","targetHints":{"allow":["GET"]}}],"collection":[{"href":"https:\/\/dimensionturistica.com\/es\/wp-json\/wp\/v2\/posts"}],"about":[{"href":"https:\/\/dimensionturistica.com\/es\/wp-json\/wp\/v2\/types\/post"}],"author":[{"embeddable":true,"href":"https:\/\/dimensionturistica.com\/es\/wp-json\/wp\/v2\/users\/1"}],"replies":[{"embeddable":true,"href":"https:\/\/dimensionturistica.com\/es\/wp-json\/wp\/v2\/comments?post=1063507"}],"version-history":[{"count":1,"href":"https:\/\/dimensionturistica.com\/es\/wp-json\/wp\/v2\/posts\/1063507\/revisions"}],"predecessor-version":[{"id":1063515,"href":"https:\/\/dimensionturistica.com\/es\/wp-json\/wp\/v2\/posts\/1063507\/revisions\/1063515"}],"wp:attachment":[{"href":"https:\/\/dimensionturistica.com\/es\/wp-json\/wp\/v2\/media?parent=1063507"}],"wp:term":[{"taxonomy":"category","embeddable":true,"href":"https:\/\/dimensionturistica.com\/es\/wp-json\/wp\/v2\/categories?post=1063507"},{"taxonomy":"post_tag","embeddable":true,"href":"https:\/\/dimensionturistica.com\/es\/wp-json\/wp\/v2\/tags?post=1063507"}],"curies":[{"name":"wp","href":"https:\/\/api.w.org\/{rel}","templated":true}]}}