{"id":1063492,"date":"2025-10-19T18:24:48","date_gmt":"2025-10-19T18:24:48","guid":{"rendered":"https:\/\/dimensionturistica.com\/es\/?p=1063492"},"modified":"2025-10-19T18:24:48","modified_gmt":"2025-10-19T18:24:48","slug":"hotel-meson-del-marques-se-distingue-como-parte-de-la-lista-de-tesoros-de-mexico-2025-simbolo-de-excelencia-tradicion-y-hospitalidad-en-valladolid","status":"publish","type":"post","link":"https:\/\/dimensionturistica.com\/es\/hotel-meson-del-marques-se-distingue-como-parte-de-la-lista-de-tesoros-de-mexico-2025-simbolo-de-excelencia-tradicion-y-hospitalidad-en-valladolid\/","title":{"rendered":"Hotel Mes\u00f3n del Marqu\u00e9s se distingue como parte de la lista de Tesoros de M\u00e9xico 2025 s\u00edmbolo de excelencia, tradici\u00f3n y hospitalidad en Valladolid"},"content":{"rendered":"\n<figure class=\"wp-block-gallery has-nested-images columns-default is-cropped wp-block-gallery-1 is-layout-flex wp-block-gallery-is-layout-flex\">\n<figure class=\"wp-block-image size-large\"><img decoding=\"async\" width=\"347\" height=\"153\" data-id=\"1063493\" src=\"https:\/\/dimensionturistica.com\/es\/wp-content\/uploads\/2025\/10\/unnamed-2.png\" alt=\"\" class=\"wp-image-1063493\" srcset=\"https:\/\/dimensionturistica.com\/es\/wp-content\/uploads\/2025\/10\/unnamed-2.png 347w, https:\/\/dimensionturistica.com\/es\/wp-content\/uploads\/2025\/10\/unnamed-2-300x132.png 300w\" sizes=\"(max-width: 347px) 100vw, 347px\" \/><\/figure>\n<\/figure>\n\n\n\n<p>En el coraz\u00f3n del Pueblo M\u00e1gico de Valladolid, el Hotel Mes\u00f3n del Marqu\u00e9s reafirma su posici\u00f3n como uno de los emblemas de la hospitalidad yucateca al recibir el Distintivo Tesoros de M\u00e9xico, otorgado por la Secretar\u00eda de Turismo Federal y entregado por Josefina Rodr\u00edguez Zamora el pasado 8 de octubre.<\/p>\n\n\n\n<p>Vale la pena mencionar que, el Hotel Mes\u00f3n del Marqu\u00e9s fue el \u00fanico en recibir esta distinci\u00f3n de entre los m\u00e1s de mil 381 reconocimientos que entreg\u00f3 la dependencia de Turismo. &nbsp;<\/p>\n\n\n\n<figure class=\"wp-block-gallery has-nested-images columns-default is-cropped wp-block-gallery-2 is-layout-flex wp-block-gallery-is-layout-flex\">\n<figure class=\"wp-block-image size-large\"><img decoding=\"async\" width=\"500\" height=\"664\" data-id=\"1063494\" src=\"https:\/\/dimensionturistica.com\/es\/wp-content\/uploads\/2025\/10\/2MESO.jpg\" alt=\"\" class=\"wp-image-1063494\" srcset=\"https:\/\/dimensionturistica.com\/es\/wp-content\/uploads\/2025\/10\/2MESO.jpg 500w, https:\/\/dimensionturistica.com\/es\/wp-content\/uploads\/2025\/10\/2MESO-226x300.jpg 226w\" sizes=\"(max-width: 500px) 100vw, 500px\" \/><\/figure>\n<\/figure>\n\n\n\n<p>Este reconocimiento distingue a los hoteles y restaurantes que reflejan lo mejor de la calidad, la hospitalidad y la identidad mexicana, reafirma su compromiso con la excelencia con ajustes en sus procesos, elevaci\u00f3n de est\u00e1ndares y la renovaci\u00f3n de su promesa de ser custodios de lo mejor que M\u00e9xico ofrece al mundo.<\/p>\n\n\n\n<p>\u201cLa exigencia es su est\u00e1ndar, pues solo ingresan al programa quienes prueban su excelencia en tres pilares: hospitalidad impecable, arquitectura patrimonial, y gastronom\u00eda de personalidad \u00fanica\u201d, coment\u00f3 la secretaria de Turismo del Gobierno de M\u00e9xico, Josefina Rodr\u00edguez Zamora.<\/p>\n\n\n\n<figure class=\"wp-block-gallery has-nested-images columns-default is-cropped wp-block-gallery-3 is-layout-flex wp-block-gallery-is-layout-flex\">\n<figure class=\"wp-block-image size-large\"><img decoding=\"async\" width=\"500\" height=\"333\" data-id=\"1063495\" src=\"https:\/\/dimensionturistica.com\/es\/wp-content\/uploads\/2025\/10\/3MESO.jpg\" alt=\"\" class=\"wp-image-1063495\" srcset=\"https:\/\/dimensionturistica.com\/es\/wp-content\/uploads\/2025\/10\/3MESO.jpg 500w, https:\/\/dimensionturistica.com\/es\/wp-content\/uploads\/2025\/10\/3MESO-300x200.jpg 300w\" sizes=\"(max-width: 500px) 100vw, 500px\" \/><\/figure>\n<\/figure>\n\n\n\n<p>Para el Hotel Mes\u00f3n del Marqu\u00e9s representa la culminaci\u00f3n de un camino de mejora continua impulsado por la visi\u00f3n de su director, Rodrigo Escalante, quien ha encabezado un proceso integral de profesionalizaci\u00f3n y gesti\u00f3n de calidad enfocado en garantizar la satisfacci\u00f3n total de los hu\u00e9spedes.<\/p>\n\n\n\n<p>Ubicado justo frente a la plaza principal de Valladolid, el Hotel Mes\u00f3n del Marqu\u00e9s ocupa una antigua casona del siglo XVII, cuidadosamente restaurada para preservar su esencia colonial y ofrecer, al mismo tiempo, todas las comodidades modernas. Con 58 a\u00f1os de experiencia, esta propiedad familiar es considerada uno de los hoteles m\u00e1s c\u00e1lidos y rom\u00e1nticos de Yucat\u00e1n, siendo punto de referencia para viajeros nacionales e internacionales.<\/p>\n\n\n\n<figure class=\"wp-block-gallery has-nested-images columns-default is-cropped wp-block-gallery-4 is-layout-flex wp-block-gallery-is-layout-flex\">\n<figure class=\"wp-block-image size-large\"><img decoding=\"async\" width=\"500\" height=\"282\" data-id=\"1063496\" src=\"https:\/\/dimensionturistica.com\/es\/wp-content\/uploads\/2025\/10\/4MESO.jpg\" alt=\"\" class=\"wp-image-1063496\" srcset=\"https:\/\/dimensionturistica.com\/es\/wp-content\/uploads\/2025\/10\/4MESO.jpg 500w, https:\/\/dimensionturistica.com\/es\/wp-content\/uploads\/2025\/10\/4MESO-300x169.jpg 300w\" sizes=\"(max-width: 500px) 100vw, 500px\" \/><figcaption class=\"wp-element-caption\">sdr<\/figcaption><\/figure>\n<\/figure>\n\n\n\n<p>Su ubicaci\u00f3n privilegiada permite recorrer a pie los principales atractivos de la ciudad \u2014como los barrios antiguos, la Calzada de los Frailes y el Convento de San Bernardino de Siena\u2014, adem\u00e1s de conectar f\u00e1cilmente con destinos ic\u00f3nicos como Chich\u00e9n Itz\u00e1, Ek Balam, Las Coloradas y R\u00edo Lagartos.<\/p>\n\n\n\n<figure class=\"wp-block-gallery has-nested-images columns-default is-cropped wp-block-gallery-5 is-layout-flex wp-block-gallery-is-layout-flex\">\n<figure class=\"wp-block-image size-large\"><img decoding=\"async\" width=\"500\" height=\"333\" data-id=\"1063497\" src=\"https:\/\/dimensionturistica.com\/es\/wp-content\/uploads\/2025\/10\/5MESO.jpg\" alt=\"\" class=\"wp-image-1063497\" srcset=\"https:\/\/dimensionturistica.com\/es\/wp-content\/uploads\/2025\/10\/5MESO.jpg 500w, https:\/\/dimensionturistica.com\/es\/wp-content\/uploads\/2025\/10\/5MESO-300x200.jpg 300w\" sizes=\"(max-width: 500px) 100vw, 500px\" \/><\/figure>\n<\/figure>\n\n\n\n<p>El hotel cuenta con 85 habitaciones distribuidas en distintas categor\u00edas \u2014desde b\u00e1sicas hasta suites\u2014, todas dise\u00f1adas para ofrecer descanso y confort. Entre sus caracter\u00edsticas destacan:<\/p>\n\n\n\n<p>Sus instalaciones combinan funcionalidad y ambiente tradicional, con espacios pensados tanto para el descanso como para la convivencia:<\/p>\n\n\n\n<p>Restaurante Hoster\u00eda del Marqu\u00e9s, con capacidad para 250 comensales, reconocido por su gastronom\u00eda regional y su ambiente colonial \u00fanico.<\/p>\n\n\n\n<figure class=\"wp-block-gallery has-nested-images columns-default is-cropped wp-block-gallery-6 is-layout-flex wp-block-gallery-is-layout-flex\">\n<figure class=\"wp-block-image size-large\"><img decoding=\"async\" width=\"500\" height=\"333\" data-id=\"1063498\" src=\"https:\/\/dimensionturistica.com\/es\/wp-content\/uploads\/2025\/10\/9MESO.jpg\" alt=\"\" class=\"wp-image-1063498\" srcset=\"https:\/\/dimensionturistica.com\/es\/wp-content\/uploads\/2025\/10\/9MESO.jpg 500w, https:\/\/dimensionturistica.com\/es\/wp-content\/uploads\/2025\/10\/9MESO-300x200.jpg 300w\" sizes=\"(max-width: 500px) 100vw, 500px\" \/><\/figure>\n<\/figure>\n\n\n\n<p>Terraza Don Diablo Rooftop Bar, con capacidad para 100 personas y una vista incomparable del centro hist\u00f3rico.<\/p>\n\n\n\n<p>Almac\u00e9n del Marqu\u00e9s: el primer speakeasy de Valladolid, un espacio \u00edntimo para 50 personas donde el dise\u00f1o, la m\u00fasica y la mixolog\u00eda de autor se fusionan para crear una experiencia exclusiva. Entre luces tenues y una atm\u00f3sfera envolvente, cada noche se convierte en un secreto compartido.<\/p>\n\n\n\n<p>Piscina al aire libre, jacuzzi, estacionamiento privado y salones para eventos, ideales para celebraciones familiares o reuniones de trabajo.<\/p>\n\n\n\n<p>A lo largo de los a\u00f1os, el Hotel Mes\u00f3n del Marqu\u00e9s ha logrado consolidarse como sin\u00f3nimo de calidad y confianza, obteniendo m\u00faltiples certificaciones que respaldan su liderazgo en el sector tur\u00edstico:<\/p>\n\n\n\n<p>Distintivo H (desde 2008), por buenas pr\u00e1cticas de higiene en el manejo de alimentos.<\/p>\n\n\n\n<p>&nbsp;Distintivo Punto Limpio, por protocolos de limpieza y seguridad sanitaria.<\/p>\n\n\n\n<figure class=\"wp-block-gallery has-nested-images columns-default is-cropped wp-block-gallery-7 is-layout-flex wp-block-gallery-is-layout-flex\">\n<figure class=\"wp-block-image size-large\"><img decoding=\"async\" width=\"500\" height=\"333\" data-id=\"1063499\" src=\"https:\/\/dimensionturistica.com\/es\/wp-content\/uploads\/2025\/10\/11MESO.jpg\" alt=\"\" class=\"wp-image-1063499\" srcset=\"https:\/\/dimensionturistica.com\/es\/wp-content\/uploads\/2025\/10\/11MESO.jpg 500w, https:\/\/dimensionturistica.com\/es\/wp-content\/uploads\/2025\/10\/11MESO-300x200.jpg 300w\" sizes=\"(max-width: 500px) 100vw, 500px\" \/><\/figure>\n<\/figure>\n\n\n\n<p>Premio Yucat\u00e1n a la Calidad, recibido en dos ocasiones bajo el Modelo Nacional de Competitividad.<\/p>\n\n\n\n<p>Certificaci\u00f3n ISO 9001:2015, por la implementaci\u00f3n de sistemas de gesti\u00f3n de calidad.<\/p>\n\n\n\n<p>El Distintivo Tesoros de M\u00e9xico tiene un valor especial: reconoce al Hotel Mes\u00f3n del Marqu\u00e9s como un referente cultural, arquitect\u00f3nico y gastron\u00f3mico que honra la esencia de Yucat\u00e1n. Desde 2022, el hotel mantiene este sello con orgullo y este a\u00f1o fue la \u00fanica propiedad a nivel nacional en recibirlo, reflejo de su compromiso con la excelencia, la autenticidad y la mejora continua.<\/p>\n","protected":false},"excerpt":{"rendered":"<p>En el coraz\u00f3n del Pueblo M\u00e1gico de Valladolid, el Hotel Mes\u00f3n del Marqu\u00e9s reafirma su posici\u00f3n como uno de los emblemas de la hospitalidad yucateca al recibir el Distintivo Tesoros de M\u00e9xico, otorgado por la Secretar\u00eda de Turismo Federal y entregado por Josefina Rodr\u00edguez Zamora el pasado 8 de octubre. Vale la pena mencionar que, [&hellip;]<\/p>\n","protected":false},"author":1,"featured_media":0,"comment_status":"open","ping_status":"closed","sticky":false,"template":"","format":"standard","meta":{"om_disable_all_campaigns":false,"jnews-multi-image_gallery":[],"jnews_single_post":[],"jnews_primary_category":[],"jnews_social_meta":[],"footnotes":""},"categories":[39],"tags":[],"class_list":["post-1063492","post","type-post","status-publish","format-standard","hentry","category-viajes"],"_links":{"self":[{"href":"https:\/\/dimensionturistica.com\/es\/wp-json\/wp\/v2\/posts\/1063492","targetHints":{"allow":["GET"]}}],"collection":[{"href":"https:\/\/dimensionturistica.com\/es\/wp-json\/wp\/v2\/posts"}],"about":[{"href":"https:\/\/dimensionturistica.com\/es\/wp-json\/wp\/v2\/types\/post"}],"author":[{"embeddable":true,"href":"https:\/\/dimensionturistica.com\/es\/wp-json\/wp\/v2\/users\/1"}],"replies":[{"embeddable":true,"href":"https:\/\/dimensionturistica.com\/es\/wp-json\/wp\/v2\/comments?post=1063492"}],"version-history":[{"count":1,"href":"https:\/\/dimensionturistica.com\/es\/wp-json\/wp\/v2\/posts\/1063492\/revisions"}],"predecessor-version":[{"id":1063500,"href":"https:\/\/dimensionturistica.com\/es\/wp-json\/wp\/v2\/posts\/1063492\/revisions\/1063500"}],"wp:attachment":[{"href":"https:\/\/dimensionturistica.com\/es\/wp-json\/wp\/v2\/media?parent=1063492"}],"wp:term":[{"taxonomy":"category","embeddable":true,"href":"https:\/\/dimensionturistica.com\/es\/wp-json\/wp\/v2\/categories?post=1063492"},{"taxonomy":"post_tag","embeddable":true,"href":"https:\/\/dimensionturistica.com\/es\/wp-json\/wp\/v2\/tags?post=1063492"}],"curies":[{"name":"wp","href":"https:\/\/api.w.org\/{rel}","templated":true}]}}