{"id":1063434,"date":"2025-10-19T17:32:24","date_gmt":"2025-10-19T17:32:24","guid":{"rendered":"https:\/\/dimensionturistica.com\/es\/?p=1063434"},"modified":"2025-10-19T17:32:24","modified_gmt":"2025-10-19T17:32:24","slug":"temporada-espeluznante-en-auge-con-5-tendencias-de-moda-para-dar-vida-al-halloween-y-al-dia-de-muertos-con-temu","status":"publish","type":"post","link":"https:\/\/dimensionturistica.com\/es\/temporada-espeluznante-en-auge-con-5-tendencias-de-moda-para-dar-vida-al-halloween-y-al-dia-de-muertos-con-temu\/","title":{"rendered":"\u201cTemporada espeluznante en auge\u201d\u00a0con 5 tendencias de moda para dar vida al\u00a0Halloween y al D\u00eda de Muertos con Temu"},"content":{"rendered":"\n<figure class=\"wp-block-gallery has-nested-images columns-default is-cropped wp-block-gallery-1 is-layout-flex wp-block-gallery-is-layout-flex\">\n<figure class=\"wp-block-image size-large\"><img decoding=\"async\" width=\"500\" height=\"500\" data-id=\"1063435\" src=\"https:\/\/dimensionturistica.com\/es\/wp-content\/uploads\/2025\/10\/33TEMU.jpg\" alt=\"\" class=\"wp-image-1063435\" srcset=\"https:\/\/dimensionturistica.com\/es\/wp-content\/uploads\/2025\/10\/33TEMU.jpg 500w, https:\/\/dimensionturistica.com\/es\/wp-content\/uploads\/2025\/10\/33TEMU-300x300.jpg 300w, https:\/\/dimensionturistica.com\/es\/wp-content\/uploads\/2025\/10\/33TEMU-150x150.jpg 150w, https:\/\/dimensionturistica.com\/es\/wp-content\/uploads\/2025\/10\/33TEMU-75x75.jpg 75w, https:\/\/dimensionturistica.com\/es\/wp-content\/uploads\/2025\/10\/33TEMU-350x350.jpg 350w\" sizes=\"(max-width: 500px) 100vw, 500px\" \/><\/figure>\n<\/figure>\n\n\n\n<p>En todo M\u00e9xico, la \u201ctemporada espeluznante\u201d (Halloween y D\u00eda de Muertos) se ha convertido en una celebraci\u00f3n de imaginaci\u00f3n, color y uni\u00f3n. Desde calaveras pintadas a mano en altares familiares, hasta fiestas de Halloween iluminadas con luces de hadas. Los hogares se est\u00e1n transformando en expresiones vibrantes de creatividad. Familias, amigos e incluso mascotas se suman para hacer suya la temporada. \u00a0<\/p>\n\n\n\n<figure class=\"wp-block-gallery has-nested-images columns-default is-cropped wp-block-gallery-2 is-layout-flex wp-block-gallery-is-layout-flex\">\n<figure class=\"wp-block-image size-large\"><img decoding=\"async\" width=\"500\" height=\"500\" data-id=\"1063437\" src=\"https:\/\/dimensionturistica.com\/es\/wp-content\/uploads\/2025\/10\/1TEMU.jpg\" alt=\"\" class=\"wp-image-1063437\" srcset=\"https:\/\/dimensionturistica.com\/es\/wp-content\/uploads\/2025\/10\/1TEMU.jpg 500w, https:\/\/dimensionturistica.com\/es\/wp-content\/uploads\/2025\/10\/1TEMU-300x300.jpg 300w, https:\/\/dimensionturistica.com\/es\/wp-content\/uploads\/2025\/10\/1TEMU-150x150.jpg 150w, https:\/\/dimensionturistica.com\/es\/wp-content\/uploads\/2025\/10\/1TEMU-75x75.jpg 75w, https:\/\/dimensionturistica.com\/es\/wp-content\/uploads\/2025\/10\/1TEMU-350x350.jpg 350w\" sizes=\"(max-width: 500px) 100vw, 500px\" \/><\/figure>\n<\/figure>\n\n\n\n<p>El amor por esta \u00e9poca va m\u00e1s all\u00e1 de la tradici\u00f3n. En 2024, las ventas en l\u00ednea durante Halloween y el D\u00eda de Muertos aumentaron un 33% en comparaci\u00f3n con el a\u00f1o anterior, con compradores en la Ciudad de M\u00e9xico gastando un promedio de MX$2,156 por pedido, seg\u00fan Tiendanube. A nivel nacional, el gasto super\u00f3 los MX$7.2 mil millones, no solo en disfraces y decoraci\u00f3n, sino tambi\u00e9n en accesorios para mascotas, botanas y materiales para manualidades.<\/p>\n\n\n\n<p>Esta pasi\u00f3n por la autoexpresi\u00f3n festiva es apoyada por Temu, el mercado global en l\u00ednea con m\u00e1s de 600 categor\u00edas de productos y una cadena de suministro eficiente que hace accesibles productos de calidad. En una encuesta de Ipsos publicada a principios de<\/p>\n\n\n\n<figure class=\"wp-block-gallery has-nested-images columns-default is-cropped wp-block-gallery-3 is-layout-flex wp-block-gallery-is-layout-flex\">\n<figure class=\"wp-block-image size-large\"><img decoding=\"async\" width=\"500\" height=\"500\" data-id=\"1063439\" src=\"https:\/\/dimensionturistica.com\/es\/wp-content\/uploads\/2025\/10\/2TEMU.jpg\" alt=\"\" class=\"wp-image-1063439\" srcset=\"https:\/\/dimensionturistica.com\/es\/wp-content\/uploads\/2025\/10\/2TEMU.jpg 500w, https:\/\/dimensionturistica.com\/es\/wp-content\/uploads\/2025\/10\/2TEMU-300x300.jpg 300w, https:\/\/dimensionturistica.com\/es\/wp-content\/uploads\/2025\/10\/2TEMU-150x150.jpg 150w, https:\/\/dimensionturistica.com\/es\/wp-content\/uploads\/2025\/10\/2TEMU-75x75.jpg 75w, https:\/\/dimensionturistica.com\/es\/wp-content\/uploads\/2025\/10\/2TEMU-350x350.jpg 350w\" sizes=\"(max-width: 500px) 100vw, 500px\" \/><\/figure>\n<\/figure>\n\n\n\n<p>\u00a0este a\u00f1o, el 62% de los encuestados mexicanos afirm\u00f3 usar Temu para decorar su hogar u oficina, mientras que el 32% dijo usarlo para actividades de bricolaje (DIY). Estos hallazgos subrayan el papel de Temu para ayudar a las personas a ser creativas y hacer que la temporada sea \u00fanica.<\/p>\n\n\n\n<p>Aqu\u00ed hay cinco formas tradicionales y creativas en que los mexicanos est\u00e1n dando vida a la \u201ctemporada espeluznante\u201d, con inspiraci\u00f3n de Temu:<\/p>\n\n\n\n<figure class=\"wp-block-gallery has-nested-images columns-default is-cropped wp-block-gallery-4 is-layout-flex wp-block-gallery-is-layout-flex\">\n<figure class=\"wp-block-image size-large\"><img decoding=\"async\" width=\"500\" height=\"500\" data-id=\"1063440\" src=\"https:\/\/dimensionturistica.com\/es\/wp-content\/uploads\/2025\/10\/8TEMU.jpg\" alt=\"\" class=\"wp-image-1063440\" srcset=\"https:\/\/dimensionturistica.com\/es\/wp-content\/uploads\/2025\/10\/8TEMU.jpg 500w, https:\/\/dimensionturistica.com\/es\/wp-content\/uploads\/2025\/10\/8TEMU-300x300.jpg 300w, https:\/\/dimensionturistica.com\/es\/wp-content\/uploads\/2025\/10\/8TEMU-150x150.jpg 150w, https:\/\/dimensionturistica.com\/es\/wp-content\/uploads\/2025\/10\/8TEMU-75x75.jpg 75w, https:\/\/dimensionturistica.com\/es\/wp-content\/uploads\/2025\/10\/8TEMU-350x350.jpg 350w\" sizes=\"(max-width: 500px) 100vw, 500px\" \/><\/figure>\n<\/figure>\n\n\n\n<p>1. Transformaciones del Hogar con Personalidad<\/p>\n\n\n\n<p>Desde luces LED y calcoman\u00edas&nbsp;para paredes hasta platos<\/p>\n\n\n\n<figure class=\"wp-block-gallery has-nested-images columns-default is-cropped wp-block-gallery-5 is-layout-flex wp-block-gallery-is-layout-flex\">\n<figure class=\"wp-block-image size-large\"><img decoding=\"async\" width=\"500\" height=\"500\" data-id=\"1063441\" src=\"https:\/\/dimensionturistica.com\/es\/wp-content\/uploads\/2025\/10\/11TEMU.jpg\" alt=\"\" class=\"wp-image-1063441\" srcset=\"https:\/\/dimensionturistica.com\/es\/wp-content\/uploads\/2025\/10\/11TEMU.jpg 500w, https:\/\/dimensionturistica.com\/es\/wp-content\/uploads\/2025\/10\/11TEMU-300x300.jpg 300w, https:\/\/dimensionturistica.com\/es\/wp-content\/uploads\/2025\/10\/11TEMU-150x150.jpg 150w, https:\/\/dimensionturistica.com\/es\/wp-content\/uploads\/2025\/10\/11TEMU-75x75.jpg 75w, https:\/\/dimensionturistica.com\/es\/wp-content\/uploads\/2025\/10\/11TEMU-350x350.jpg 350w\" sizes=\"(max-width: 500px) 100vw, 500px\" \/><\/figure>\n<\/figure>\n\n\n\n<p>&nbsp;y vasos tem\u00e1ticos e inflables&nbsp;para exteriores, las familias est\u00e1n convirtiendo sus hogares en vitrinas festivas que combinan la diversi\u00f3n de Halloween con la tradici\u00f3n del D\u00eda de Muertos. La diversa selecci\u00f3n para el hogar en Temu ayuda a convertir visiones creativas en espacios bellamente curados.<\/p>\n\n\n\n<p>2. Mascotas disfrazadas<\/p>\n\n\n\n<p>La tendencia de \u201cHalloween para Mascotas\u201d sigue creciendo a medida que m\u00e1s due\u00f1os incluyen a sus compa\u00f1eros peludos en la diversi\u00f3n, desde&nbsp;collares tem\u00e1ticos y peluches hasta atuendos<\/p>\n\n\n\n<figure class=\"wp-block-gallery has-nested-images columns-default is-cropped wp-block-gallery-6 is-layout-flex wp-block-gallery-is-layout-flex\">\n<figure class=\"wp-block-image size-large\"><img decoding=\"async\" width=\"500\" height=\"655\" data-id=\"1063443\" src=\"https:\/\/dimensionturistica.com\/es\/wp-content\/uploads\/2025\/10\/4TEMU.png\" alt=\"\" class=\"wp-image-1063443\" srcset=\"https:\/\/dimensionturistica.com\/es\/wp-content\/uploads\/2025\/10\/4TEMU.png 500w, https:\/\/dimensionturistica.com\/es\/wp-content\/uploads\/2025\/10\/4TEMU-229x300.png 229w\" sizes=\"(max-width: 500px) 100vw, 500px\" \/><\/figure>\n<\/figure>\n\n\n\n<p>&nbsp;adorables dignos de fotografiar. La colecci\u00f3n para mascotas facilita incluir a los miembros peludos de la familia en la celebraci\u00f3n, manteni\u00e9ndolos c\u00f3modos y con estilo.<\/p>\n\n\n\n<p>3. Magia en la Cocina y Dulces Tradiciones<\/p>\n\n\n\n<p>Hornear se est\u00e1 convirtiendo en un ritual de temporada. Desde galletas con tem\u00e1tica de calabaza hasta pan de muerto; las familias disfrutan momentos de uni\u00f3n en la cocina.<\/p>\n\n\n\n<p>Moldes para cupcakes, charolas para servir y utensilios festivos ayudan a que esas reuniones sean a\u00fan m\u00e1s memorables.<\/p>\n\n\n\n<p>4. Belleza y autoexpresi\u00f3n<\/p>\n\n\n\n<figure class=\"wp-block-gallery has-nested-images columns-default is-cropped wp-block-gallery-7 is-layout-flex wp-block-gallery-is-layout-flex\">\n<figure class=\"wp-block-image size-large\"><img decoding=\"async\" width=\"500\" height=\"500\" data-id=\"1063444\" src=\"https:\/\/dimensionturistica.com\/es\/wp-content\/uploads\/2025\/10\/9TEMU.jpg\" alt=\"\" class=\"wp-image-1063444\" srcset=\"https:\/\/dimensionturistica.com\/es\/wp-content\/uploads\/2025\/10\/9TEMU.jpg 500w, https:\/\/dimensionturistica.com\/es\/wp-content\/uploads\/2025\/10\/9TEMU-300x300.jpg 300w, https:\/\/dimensionturistica.com\/es\/wp-content\/uploads\/2025\/10\/9TEMU-150x150.jpg 150w, https:\/\/dimensionturistica.com\/es\/wp-content\/uploads\/2025\/10\/9TEMU-75x75.jpg 75w, https:\/\/dimensionturistica.com\/es\/wp-content\/uploads\/2025\/10\/9TEMU-350x350.jpg 350w\" sizes=\"(max-width: 500px) 100vw, 500px\" \/><\/figure>\n<\/figure>\n\n\n\n<p>Para muchos j\u00f3venes mexicanos, Halloween y el D\u00eda de Muertos tambi\u00e9n son momentos para expresarse.<\/p>\n\n\n\n<p>Tatuajes temporales, kits<\/p>\n\n\n\n<p>&nbsp;de aer\u00f3grafo y herramientas de maquillaje creativo ayudan a dar vida a las ideas, ya sea un look moderno de Catrina o un dise\u00f1o inspirado en la fantas\u00eda.<\/p>\n\n\n\n<p>5. Manualidades y proyectos DIY en familiar<\/p>\n\n\n\n<figure class=\"wp-block-gallery has-nested-images columns-default is-cropped wp-block-gallery-8 is-layout-flex wp-block-gallery-is-layout-flex\">\n<figure class=\"wp-block-image size-large\"><img decoding=\"async\" width=\"500\" height=\"500\" data-id=\"1063445\" src=\"https:\/\/dimensionturistica.com\/es\/wp-content\/uploads\/2025\/10\/3TEMU.jpg\" alt=\"\" class=\"wp-image-1063445\" srcset=\"https:\/\/dimensionturistica.com\/es\/wp-content\/uploads\/2025\/10\/3TEMU.jpg 500w, https:\/\/dimensionturistica.com\/es\/wp-content\/uploads\/2025\/10\/3TEMU-300x300.jpg 300w, https:\/\/dimensionturistica.com\/es\/wp-content\/uploads\/2025\/10\/3TEMU-150x150.jpg 150w, https:\/\/dimensionturistica.com\/es\/wp-content\/uploads\/2025\/10\/3TEMU-75x75.jpg 75w, https:\/\/dimensionturistica.com\/es\/wp-content\/uploads\/2025\/10\/3TEMU-350x350.jpg 350w\" sizes=\"(max-width: 500px) 100vw, 500px\" \/><\/figure>\n<\/figure>\n\n\n\n<p>El auge de la cultura DIY en M\u00e9xico refleja un amor m\u00e1s profundo por la creatividad.<\/p>\n\n\n\n<p>Suministros para manualidades asequibles y de alta calidad, desde&nbsp;Kits&nbsp;para hacer m\u00e1scaras hasta &nbsp;guirnaldas de calabaza, inspiran a las familias a crear decoraciones juntas y celebrar a trav\u00e9s del arte. Seg\u00fan la misma encuesta de IPSOS, el 32% de los compradores mexicanos usa Temu para emprender un proyecto DIY.<\/p>\n\n\n\n<p>Halloween y el D\u00eda de Muertos comparten un esp\u00edritu com\u00fan: la conexi\u00f3n. Son momentos para recordar a los seres queridos, expresar la creatividad y disfrutar con familiares y amigos. Gracias al modelo de distribuci\u00f3n local de Temu en M\u00e9xico, algunos art\u00edculos llegan en tan solo dos d\u00edas h\u00e1biles, haciendo que sea m\u00e1s f\u00e1cil que nunca tener todo listo y enfocarse en la celebraci\u00f3n en s\u00ed.<\/p>\n\n\n\n<figure class=\"wp-block-gallery has-nested-images columns-default is-cropped wp-block-gallery-9 is-layout-flex wp-block-gallery-is-layout-flex\">\n<figure class=\"wp-block-image size-large\"><img decoding=\"async\" width=\"500\" height=\"500\" data-id=\"1063446\" src=\"https:\/\/dimensionturistica.com\/es\/wp-content\/uploads\/2025\/10\/6TEMU.jpg\" alt=\"\" class=\"wp-image-1063446\" srcset=\"https:\/\/dimensionturistica.com\/es\/wp-content\/uploads\/2025\/10\/6TEMU.jpg 500w, https:\/\/dimensionturistica.com\/es\/wp-content\/uploads\/2025\/10\/6TEMU-300x300.jpg 300w, https:\/\/dimensionturistica.com\/es\/wp-content\/uploads\/2025\/10\/6TEMU-150x150.jpg 150w, https:\/\/dimensionturistica.com\/es\/wp-content\/uploads\/2025\/10\/6TEMU-75x75.jpg 75w, https:\/\/dimensionturistica.com\/es\/wp-content\/uploads\/2025\/10\/6TEMU-350x350.jpg 350w\" sizes=\"(max-width: 500px) 100vw, 500px\" \/><\/figure>\n<\/figure>\n\n\n\n<p>Al final, lo que hace especial esta temporada no es lo que compras, sino los recuerdos que creas, los peque\u00f1os detalles, los momentos compartidos y los toques personales que hacen \u00fanica cada celebraci\u00f3n.<\/p>\n","protected":false},"excerpt":{"rendered":"<p>En todo M\u00e9xico, la \u201ctemporada espeluznante\u201d (Halloween y D\u00eda de Muertos) se ha convertido en una celebraci\u00f3n de imaginaci\u00f3n, color y uni\u00f3n. Desde calaveras pintadas a mano en altares familiares, hasta fiestas de Halloween iluminadas con luces de hadas. Los hogares se est\u00e1n transformando en expresiones vibrantes de creatividad. Familias, amigos e incluso mascotas se [&hellip;]<\/p>\n","protected":false},"author":1,"featured_media":0,"comment_status":"open","ping_status":"closed","sticky":false,"template":"","format":"standard","meta":{"om_disable_all_campaigns":false,"jnews-multi-image_gallery":[],"jnews_single_post":[],"jnews_primary_category":[],"jnews_social_meta":[],"footnotes":""},"categories":[39],"tags":[],"class_list":["post-1063434","post","type-post","status-publish","format-standard","hentry","category-viajes"],"_links":{"self":[{"href":"https:\/\/dimensionturistica.com\/es\/wp-json\/wp\/v2\/posts\/1063434","targetHints":{"allow":["GET"]}}],"collection":[{"href":"https:\/\/dimensionturistica.com\/es\/wp-json\/wp\/v2\/posts"}],"about":[{"href":"https:\/\/dimensionturistica.com\/es\/wp-json\/wp\/v2\/types\/post"}],"author":[{"embeddable":true,"href":"https:\/\/dimensionturistica.com\/es\/wp-json\/wp\/v2\/users\/1"}],"replies":[{"embeddable":true,"href":"https:\/\/dimensionturistica.com\/es\/wp-json\/wp\/v2\/comments?post=1063434"}],"version-history":[{"count":1,"href":"https:\/\/dimensionturistica.com\/es\/wp-json\/wp\/v2\/posts\/1063434\/revisions"}],"predecessor-version":[{"id":1063448,"href":"https:\/\/dimensionturistica.com\/es\/wp-json\/wp\/v2\/posts\/1063434\/revisions\/1063448"}],"wp:attachment":[{"href":"https:\/\/dimensionturistica.com\/es\/wp-json\/wp\/v2\/media?parent=1063434"}],"wp:term":[{"taxonomy":"category","embeddable":true,"href":"https:\/\/dimensionturistica.com\/es\/wp-json\/wp\/v2\/categories?post=1063434"},{"taxonomy":"post_tag","embeddable":true,"href":"https:\/\/dimensionturistica.com\/es\/wp-json\/wp\/v2\/tags?post=1063434"}],"curies":[{"name":"wp","href":"https:\/\/api.w.org\/{rel}","templated":true}]}}