{"id":1063413,"date":"2025-10-19T16:33:37","date_gmt":"2025-10-19T16:33:37","guid":{"rendered":"https:\/\/dimensionturistica.com\/es\/?p=1063413"},"modified":"2025-10-19T16:33:37","modified_gmt":"2025-10-19T16:33:37","slug":"pcma-mexico-chapter-anuncia-su-nueva-mesa-directiva-2026-2028","status":"publish","type":"post","link":"https:\/\/dimensionturistica.com\/es\/pcma-mexico-chapter-anuncia-su-nueva-mesa-directiva-2026-2028\/","title":{"rendered":"PCMA M\u00e9xico Chapter anuncia su nueva Mesa Directiva 2026 \u2013 2028"},"content":{"rendered":"\n<p><\/p>\n\n\n\n<p><\/p>\n\n\n\n<p>PCMA (Professional Convention\u00a0Management Association), la asociaci\u00f3n m\u00e1s importante de Turismo de\u00a0Reuniones a nivel global, anunci\u00f3 la conformaci\u00f3n de la nueva Mesa Directiva\u00a0de su cap\u00edtulo en M\u00e9xico para el periodo 2026 \u2013 2028.<\/p>\n\n\n\n<figure class=\"wp-block-gallery has-nested-images columns-default is-cropped wp-block-gallery-1 is-layout-flex wp-block-gallery-is-layout-flex\">\n<figure class=\"wp-block-image size-large\"><img decoding=\"async\" width=\"500\" height=\"188\" data-id=\"1063414\" src=\"https:\/\/dimensionturistica.com\/es\/wp-content\/uploads\/2025\/10\/4VICE.jpg\" alt=\"\" class=\"wp-image-1063414\" srcset=\"https:\/\/dimensionturistica.com\/es\/wp-content\/uploads\/2025\/10\/4VICE.jpg 500w, https:\/\/dimensionturistica.com\/es\/wp-content\/uploads\/2025\/10\/4VICE-300x113.jpg 300w\" sizes=\"(max-width: 500px) 100vw, 500px\" \/><\/figure>\n<\/figure>\n\n\n\n<p>Con m\u00e1s de 8,000 miembros y una audiencia que supera las 50,000 personas,&nbsp;PCMA es la red de negocios m\u00e1s extensa de la industria de reuniones, con&nbsp;presencia en Estados Unidos, Europa, Oriente y Asia, y actividad en 37 pa\u00edses.<\/p>\n\n\n\n<p>El&nbsp;cap\u00edtulo M\u00e9xico, constituido el 15 de octubre de 2010, cuenta actualmente con&nbsp;m\u00e1s de 100 miembros activos y promueve la importancia del sector a trav\u00e9s de&nbsp;la inclusi\u00f3n de toda su cadena de valor, la profesionalizaci\u00f3n y el impulso de&nbsp;relaciones estrat\u00e9gicas que generan oportunidades de negocio.<\/p>\n\n\n\n<figure class=\"wp-block-gallery has-nested-images columns-default is-cropped wp-block-gallery-2 is-layout-flex wp-block-gallery-is-layout-flex\">\n<figure class=\"wp-block-image size-large\"><img decoding=\"async\" width=\"500\" height=\"750\" data-id=\"1063415\" src=\"https:\/\/dimensionturistica.com\/es\/wp-content\/uploads\/2025\/10\/3VICE.jpg\" alt=\"\" class=\"wp-image-1063415\" srcset=\"https:\/\/dimensionturistica.com\/es\/wp-content\/uploads\/2025\/10\/3VICE.jpg 500w, https:\/\/dimensionturistica.com\/es\/wp-content\/uploads\/2025\/10\/3VICE-200x300.jpg 200w\" sizes=\"(max-width: 500px) 100vw, 500px\" \/><\/figure>\n<\/figure>\n\n\n\n<p>La Mesa Directiva electa 2026 \u2013 2028 estar\u00e1 integrada por:<\/p>\n\n\n\n<p>\u25cf President: Fernando Faman\u00eda<\/p>\n\n\n\n<p>\u25cf Immediate Past President: David Hidalgo<\/p>\n\n\n\n<p>\u25cf Treasure: Ivonne Toquero<\/p>\n\n\n\n<p>\u25cf Secretary: Stephanie Haza<\/p>\n\n\n\n<p>\u25cf VP Social Sustainability: Francisco Cachafeiro<\/p>\n\n\n\n<p>\u25cf VP Events: Adriana Huerta<\/p>\n\n\n\n<p>\u25cf VP Young Professional: Eduardo Yarto<\/p>\n\n\n\n<p>\u25cf VP Institutional Relations: Paulina Aguilar<\/p>\n\n\n\n<p>\u25cf VP Marketing &amp; Communications: Rosa Mar\u00eda Pe\u00f1a<\/p>\n\n\n\n<p>\u25cf VP Sponsorships: Laura Bassan<\/p>\n\n\n\n<p>\u25cf VP Business Development: Daniela Caballero<\/p>\n\n\n\n<p>\u25cf Admin: Vanesa Salazar<\/p>\n\n\n\n<p>\u201cFernando recibe un legado que se ha construido con el esfuerzo de todos los&nbsp;presidentes, mesas directivas y l\u00edderes que han formado parte del cap\u00edtulo en&nbsp;M\u00e9xico. Estoy seguro de que sabr\u00e1 darle continuidad a ese camino y mantener&nbsp;vivo el esp\u00edritu de construcci\u00f3n compartida. Para nosotros, como mesa directiva en&nbsp;funciones hasta enero de 2026, es un orgullo ver que Fernando y su nuevo equipo&nbsp;tomar\u00e1n la estafeta para seguir poniendo en alto el nombre del Cap\u00edtulo\u201d, expres\u00f3&nbsp;David Hidalgo, presidente actual del cap\u00edtulo.<\/p>\n\n\n\n<figure class=\"wp-block-gallery has-nested-images columns-default is-cropped wp-block-gallery-3 is-layout-flex wp-block-gallery-is-layout-flex\">\n<figure class=\"wp-block-image size-large\"><img decoding=\"async\" width=\"500\" height=\"333\" data-id=\"1063416\" src=\"https:\/\/dimensionturistica.com\/es\/wp-content\/uploads\/2025\/10\/1VICE.jpg\" alt=\"\" class=\"wp-image-1063416\" srcset=\"https:\/\/dimensionturistica.com\/es\/wp-content\/uploads\/2025\/10\/1VICE.jpg 500w, https:\/\/dimensionturistica.com\/es\/wp-content\/uploads\/2025\/10\/1VICE-300x200.jpg 300w\" sizes=\"(max-width: 500px) 100vw, 500px\" \/><\/figure>\n<\/figure>\n\n\n\n<p>La toma de protesta de este nuevo equipo de liderazgo se llevar\u00e1 a cabo el&nbsp;pr\u00f3ximo 15 de enero de 2026, con la presencia de representantes y l\u00edderes de la&nbsp;industria.<\/p>\n\n\n\n<p>\u201cMe llena de orgullo y emoci\u00f3n asumir la presidencia del PCMA M\u00e9xico Chapter.<\/p>\n\n\n\n<p>Este nuevo ciclo representa una gran responsabilidad, pero sobre todo una&nbsp;oportunidad para seguir construyendo comunidad, impulsando el talento local y&nbsp;fortaleciendo nuestra industria en el pa\u00eds. Estoy convencido de que, junto con el&nbsp;board 2026\u20132028, lograremos dejar huella trabajando con pasi\u00f3n, colaboraci\u00f3n y&nbsp;prop\u00f3sito\u201d, se\u00f1al\u00f3 Fernando Faman\u00eda, presidente electo del cap\u00edtulo.<\/p>\n\n\n\n<p>La Mesa Directiva electa encabezada por Fernando Faman\u00eda asumir\u00e1 funciones&nbsp;en enero de 2026, reflejando la continuidad y el crecimiento que caracteriza a&nbsp;PCMA M\u00e9xico. Hasta entonces, la actual Mesa Directiva seguir\u00e1 trabajando con el&nbsp;mismo compromiso para fortalecer al cap\u00edtulo y preparar una transici\u00f3n ordenada&nbsp;hacia el nuevo equipo de liderazgo.<\/p>\n\n\n\n<p>Para m\u00e1s informaci\u00f3n visita:<\/p>\n\n\n\n<figure class=\"wp-block-embed is-type-wp-embed is-provider-mexico wp-block-embed-mexico\"><div class=\"wp-block-embed__wrapper\">\n<blockquote class=\"wp-embedded-content\" data-secret=\"A9mQos6e4b\"><a href=\"https:\/\/mexico.pcma.org\/\">Home<\/a><\/blockquote><iframe loading=\"lazy\" class=\"wp-embedded-content\" sandbox=\"allow-scripts\" security=\"restricted\" style=\"position: absolute; visibility: hidden;\" title=\"&#8220;Home&#8221; &#8212; Mexico\" src=\"https:\/\/mexico.pcma.org\/embed\/#?secret=BfaFxMaQxW#?secret=A9mQos6e4b\" data-secret=\"A9mQos6e4b\" width=\"500\" height=\"282\" frameborder=\"0\" marginwidth=\"0\" marginheight=\"0\" scrolling=\"no\"><\/iframe>\n<\/div><\/figure>\n","protected":false},"excerpt":{"rendered":"<p>PCMA (Professional Convention\u00a0Management Association), la asociaci\u00f3n m\u00e1s importante de Turismo de\u00a0Reuniones a nivel global, anunci\u00f3 la conformaci\u00f3n de la nueva Mesa Directiva\u00a0de su cap\u00edtulo en M\u00e9xico para el periodo 2026 \u2013 2028. Con m\u00e1s de 8,000 miembros y una audiencia que supera las 50,000 personas,&nbsp;PCMA es la red de negocios m\u00e1s extensa de la industria [&hellip;]<\/p>\n","protected":false},"author":1,"featured_media":0,"comment_status":"open","ping_status":"closed","sticky":false,"template":"","format":"standard","meta":{"om_disable_all_campaigns":false,"jnews-multi-image_gallery":[],"jnews_single_post":[],"jnews_primary_category":[],"jnews_social_meta":[],"footnotes":""},"categories":[39],"tags":[],"class_list":["post-1063413","post","type-post","status-publish","format-standard","hentry","category-viajes"],"_links":{"self":[{"href":"https:\/\/dimensionturistica.com\/es\/wp-json\/wp\/v2\/posts\/1063413","targetHints":{"allow":["GET"]}}],"collection":[{"href":"https:\/\/dimensionturistica.com\/es\/wp-json\/wp\/v2\/posts"}],"about":[{"href":"https:\/\/dimensionturistica.com\/es\/wp-json\/wp\/v2\/types\/post"}],"author":[{"embeddable":true,"href":"https:\/\/dimensionturistica.com\/es\/wp-json\/wp\/v2\/users\/1"}],"replies":[{"embeddable":true,"href":"https:\/\/dimensionturistica.com\/es\/wp-json\/wp\/v2\/comments?post=1063413"}],"version-history":[{"count":1,"href":"https:\/\/dimensionturistica.com\/es\/wp-json\/wp\/v2\/posts\/1063413\/revisions"}],"predecessor-version":[{"id":1063417,"href":"https:\/\/dimensionturistica.com\/es\/wp-json\/wp\/v2\/posts\/1063413\/revisions\/1063417"}],"wp:attachment":[{"href":"https:\/\/dimensionturistica.com\/es\/wp-json\/wp\/v2\/media?parent=1063413"}],"wp:term":[{"taxonomy":"category","embeddable":true,"href":"https:\/\/dimensionturistica.com\/es\/wp-json\/wp\/v2\/categories?post=1063413"},{"taxonomy":"post_tag","embeddable":true,"href":"https:\/\/dimensionturistica.com\/es\/wp-json\/wp\/v2\/tags?post=1063413"}],"curies":[{"name":"wp","href":"https:\/\/api.w.org\/{rel}","templated":true}]}}