{"id":1063401,"date":"2025-10-19T16:17:04","date_gmt":"2025-10-19T16:17:04","guid":{"rendered":"https:\/\/dimensionturistica.com\/es\/?p=1063401"},"modified":"2025-10-19T16:17:04","modified_gmt":"2025-10-19T16:17:04","slug":"la-limpieza-profunda-es-clave-para-reducir-los-sintomas-de-alergias-respiratorias-en-mexico","status":"publish","type":"post","link":"https:\/\/dimensionturistica.com\/es\/la-limpieza-profunda-es-clave-para-reducir-los-sintomas-de-alergias-respiratorias-en-mexico\/","title":{"rendered":"La Limpieza profunda, es clave para reducir los s\u00edntomas de alergias\u00a0respiratorias en M\u00e9xico"},"content":{"rendered":"\n<figure class=\"wp-block-gallery has-nested-images columns-default is-cropped wp-block-gallery-1 is-layout-flex wp-block-gallery-is-layout-flex\">\n<figure class=\"wp-block-image size-large\"><img decoding=\"async\" width=\"424\" height=\"152\" data-id=\"1063402\" src=\"https:\/\/dimensionturistica.com\/es\/wp-content\/uploads\/2025\/10\/4FEDRA.jpg\" alt=\"\" class=\"wp-image-1063402\" srcset=\"https:\/\/dimensionturistica.com\/es\/wp-content\/uploads\/2025\/10\/4FEDRA.jpg 424w, https:\/\/dimensionturistica.com\/es\/wp-content\/uploads\/2025\/10\/4FEDRA-300x108.jpg 300w\" sizes=\"(max-width: 424px) 100vw, 424px\" \/><\/figure>\n<\/figure>\n\n\n\n<p>En M\u00e9xico, las alergias respiratorias afectan a\u00a0\u00a0un n\u00famero cada vez mayor de personas, particularmente en zonas urbanas. De\u00a0acuerdo con el Instituto Nacional de Enfermedades Respiratorias (INER), en M\u00e9xico,\u00a0la rinitis al\u00e9rgica afecta a 42.5 por ciento de la\u00a0poblaci\u00f3n, con mayor frecuencia en\u00a0hombres, por lo cual es un problema\u00a0de salud p\u00fablica, alertaron especialistas del\u00a0Instituto Nacional de\u00a0Enfermedades Respiratorias (INER) \u201cIsmael Cos\u00edo Villegas\u201d.<\/p>\n\n\n\n<p>Entre los principales alergenos dom\u00e9sticos se encuentran los \u00e1caros, el polvo, el&nbsp;moho.<\/p>\n\n\n\n<figure class=\"wp-block-gallery has-nested-images columns-default is-cropped wp-block-gallery-2 is-layout-flex wp-block-gallery-is-layout-flex\">\n<figure class=\"wp-block-image size-large\"><img decoding=\"async\" width=\"500\" height=\"666\" data-id=\"1063403\" src=\"https:\/\/dimensionturistica.com\/es\/wp-content\/uploads\/2025\/10\/1FEDRA.jpg\" alt=\"\" class=\"wp-image-1063403\" srcset=\"https:\/\/dimensionturistica.com\/es\/wp-content\/uploads\/2025\/10\/1FEDRA.jpg 500w, https:\/\/dimensionturistica.com\/es\/wp-content\/uploads\/2025\/10\/1FEDRA-225x300.jpg 225w\" sizes=\"(max-width: 500px) 100vw, 500px\" \/><\/figure>\n<\/figure>\n\n\n\n<p>\u201cEl aumento en la incidencia de estas enfermedades se relaciona con factores&nbsp;ambientales y urbanos: la contaminaci\u00f3n atmosf\u00e9rica, el cambio clim\u00e1tico y los&nbsp;espacios interiores poco ventilados favorecen la acumulaci\u00f3n de part\u00edculas finas y&nbsp;al\u00e9rgenos que afectan directamente la funci\u00f3n pulmonar\u201d, se\u00f1al\u00f3 el Dr. N\u00e9stor&nbsp;Alejandro Meneses S\u00e1nchez en conferencia de prensa.<\/p>\n\n\n\n<figure class=\"wp-block-gallery has-nested-images columns-default is-cropped wp-block-gallery-3 is-layout-flex wp-block-gallery-is-layout-flex\">\n<figure class=\"wp-block-image size-large\"><img decoding=\"async\" width=\"500\" height=\"500\" data-id=\"1063404\" src=\"https:\/\/dimensionturistica.com\/es\/wp-content\/uploads\/2025\/10\/5FEDRA.jpg\" alt=\"\" class=\"wp-image-1063404\" srcset=\"https:\/\/dimensionturistica.com\/es\/wp-content\/uploads\/2025\/10\/5FEDRA.jpg 500w, https:\/\/dimensionturistica.com\/es\/wp-content\/uploads\/2025\/10\/5FEDRA-300x300.jpg 300w, https:\/\/dimensionturistica.com\/es\/wp-content\/uploads\/2025\/10\/5FEDRA-150x150.jpg 150w, https:\/\/dimensionturistica.com\/es\/wp-content\/uploads\/2025\/10\/5FEDRA-75x75.jpg 75w, https:\/\/dimensionturistica.com\/es\/wp-content\/uploads\/2025\/10\/5FEDRA-350x350.jpg 350w\" sizes=\"(max-width: 500px) 100vw, 500px\" \/><\/figure>\n<\/figure>\n\n\n\n<p>\u00b7 La Organizaci\u00f3n Mundial de la Salud (OMS) advierte que la exposici\u00f3n a&nbsp;altos niveles de contaminaci\u00f3n del aire puede causar una variedad de efectos&nbsp;adversos para la salud: aumenta el riesgo de infecciones respiratorias,&nbsp;enfermedades card\u00edacas, accidentes cerebrovasculares y c\u00e1ncer de pulm\u00f3n,&nbsp;las cuales afectan en mayor proporci\u00f3n a poblaci\u00f3n vulnerable.<\/p>\n\n\n\n<figure class=\"wp-block-gallery has-nested-images columns-default is-cropped wp-block-gallery-4 is-layout-flex wp-block-gallery-is-layout-flex\">\n<figure class=\"wp-block-image size-large\"><img decoding=\"async\" width=\"500\" height=\"666\" data-id=\"1063406\" src=\"https:\/\/dimensionturistica.com\/es\/wp-content\/uploads\/2025\/10\/8FEDRA.jpg\" alt=\"\" class=\"wp-image-1063406\" srcset=\"https:\/\/dimensionturistica.com\/es\/wp-content\/uploads\/2025\/10\/8FEDRA.jpg 500w, https:\/\/dimensionturistica.com\/es\/wp-content\/uploads\/2025\/10\/8FEDRA-225x300.jpg 225w\" sizes=\"(max-width: 500px) 100vw, 500px\" \/><\/figure>\n<\/figure>\n\n\n\n<p>\u00b7 Por lo que las concentraciones de contaminantes en interiores pueden ser&nbsp;hasta cinco veces mayores que en el aire exterior, lo que agrava los s\u00edntomas&nbsp;de asma y rinitis al\u00e9rgica, especialmente en ni\u00f1os y adultos mayores.<\/p>\n\n\n\n<p>La limpieza profunda y el control del polvo son medidas esenciales para mitigar la\u00a0exposici\u00f3n a estos agentes. Diversos estudios cient\u00edficos se\u00f1alan que el uso de\u00a0aspiradoras con filtros de alta eficiencia (HEPA) de manera regular en el hogar\u00a0puede reducir significativamente los niveles de al\u00e9rgenos dom\u00e9sticos \u2014 como los\u00a0provenientes de \u00e1caros, pelo de mascotas y polvo \u2014 y reducir significativamente los\u00a0s\u00edntomas de problemas respiratorios. De hecho, las aspiradoras con filtros HEP<\/p>\n\n\n\n<figure class=\"wp-block-gallery has-nested-images columns-default is-cropped wp-block-gallery-5 is-layout-flex wp-block-gallery-is-layout-flex\">\n<figure class=\"wp-block-image size-large\"><img decoding=\"async\" width=\"500\" height=\"342\" data-id=\"1063407\" src=\"https:\/\/dimensionturistica.com\/es\/wp-content\/uploads\/2025\/10\/3FEDRA.jpg\" alt=\"\" class=\"wp-image-1063407\" srcset=\"https:\/\/dimensionturistica.com\/es\/wp-content\/uploads\/2025\/10\/3FEDRA.jpg 500w, https:\/\/dimensionturistica.com\/es\/wp-content\/uploads\/2025\/10\/3FEDRA-300x205.jpg 300w\" sizes=\"(max-width: 500px) 100vw, 500px\" \/><\/figure>\n<\/figure>\n\n\n\n<p>capturan hasta el 99.97% de las part\u00edculas microsc\u00f3picas, superando ampliamente&nbsp;a los equipos convencionales.<\/p>\n\n\n\n<p>\u201cLa tecnolog\u00eda de limpieza del hogar ha evolucionado para atender las necesidades&nbsp;de salud y eficiencia. Koblenz, con m\u00e1s de seis d\u00e9cadas de experiencia, ha&nbsp;desarrollado soluciones m\u00e1s potentes y seguras, como las \u2018Devoradoras Stick&nbsp;Vacs\u2019, que integran sistemas cicl\u00f3nicos de succi\u00f3n y filtros HEPA capaces de&nbsp;atrapar hasta el 99.99% del polvo y microorganismos, sin incrementar el consumo&nbsp;energ\u00e9tico\u201d, destac\u00f3 Daniel Lara, Gerente de Marketing de la L\u00ednea de Floorcare.<\/p>\n\n\n\n<figure class=\"wp-block-gallery has-nested-images columns-default is-cropped wp-block-gallery-6 is-layout-flex wp-block-gallery-is-layout-flex\">\n<figure class=\"wp-block-image size-large\"><img decoding=\"async\" width=\"500\" height=\"500\" data-id=\"1063409\" src=\"https:\/\/dimensionturistica.com\/es\/wp-content\/uploads\/2025\/10\/7FEDRA.jpg\" alt=\"\" class=\"wp-image-1063409\" srcset=\"https:\/\/dimensionturistica.com\/es\/wp-content\/uploads\/2025\/10\/7FEDRA.jpg 500w, https:\/\/dimensionturistica.com\/es\/wp-content\/uploads\/2025\/10\/7FEDRA-300x300.jpg 300w, https:\/\/dimensionturistica.com\/es\/wp-content\/uploads\/2025\/10\/7FEDRA-150x150.jpg 150w, https:\/\/dimensionturistica.com\/es\/wp-content\/uploads\/2025\/10\/7FEDRA-75x75.jpg 75w, https:\/\/dimensionturistica.com\/es\/wp-content\/uploads\/2025\/10\/7FEDRA-350x350.jpg 350w\" sizes=\"(max-width: 500px) 100vw, 500px\" \/><\/figure>\n<\/figure>\n\n\n\n<p>Estas innovaciones reflejan una tendencia global hacia la limpieza inteligente y&nbsp;sostenible, donde la potencia, el ahorro energ\u00e9tico y los nuevos h\u00e1bitos de limpieza&nbsp;en el hogar se combinan para crear entornos m\u00e1s saludables para las familias&nbsp;mexicanas.<\/p>\n\n\n\n<figure class=\"wp-block-gallery has-nested-images columns-default is-cropped wp-block-gallery-7 is-layout-flex wp-block-gallery-is-layout-flex\">\n<figure class=\"wp-block-image size-large\"><img decoding=\"async\" width=\"500\" height=\"500\" data-id=\"1063411\" src=\"https:\/\/dimensionturistica.com\/es\/wp-content\/uploads\/2025\/10\/22FEDRA.jpg\" alt=\"\" class=\"wp-image-1063411\" srcset=\"https:\/\/dimensionturistica.com\/es\/wp-content\/uploads\/2025\/10\/22FEDRA.jpg 500w, https:\/\/dimensionturistica.com\/es\/wp-content\/uploads\/2025\/10\/22FEDRA-300x300.jpg 300w, https:\/\/dimensionturistica.com\/es\/wp-content\/uploads\/2025\/10\/22FEDRA-150x150.jpg 150w, https:\/\/dimensionturistica.com\/es\/wp-content\/uploads\/2025\/10\/22FEDRA-75x75.jpg 75w, https:\/\/dimensionturistica.com\/es\/wp-content\/uploads\/2025\/10\/22FEDRA-350x350.jpg 350w\" sizes=\"(max-width: 500px) 100vw, 500px\" \/><\/figure>\n<\/figure>\n\n\n\n<p>En este contexto, el control del polvo dom\u00e9stico y la calidad del aire interior se han&nbsp;convertido en una prioridad de salud p\u00fablica. La prevenci\u00f3n de alergias requiere un&nbsp;enfoque integral que combine h\u00e1bitos saludables, tecnolog\u00eda eficiente y educaci\u00f3n&nbsp;ambiental, especialmente en hogares con ni\u00f1os o personas con enfermedades<\/p>\n\n\n\n<p>respiratorias.<\/p>\n","protected":false},"excerpt":{"rendered":"<p>En M\u00e9xico, las alergias respiratorias afectan a\u00a0\u00a0un n\u00famero cada vez mayor de personas, particularmente en zonas urbanas. De\u00a0acuerdo con el Instituto Nacional de Enfermedades Respiratorias (INER), en M\u00e9xico,\u00a0la rinitis al\u00e9rgica afecta a 42.5 por ciento de la\u00a0poblaci\u00f3n, con mayor frecuencia en\u00a0hombres, por lo cual es un problema\u00a0de salud p\u00fablica, alertaron especialistas del\u00a0Instituto Nacional de\u00a0Enfermedades Respiratorias [&hellip;]<\/p>\n","protected":false},"author":1,"featured_media":0,"comment_status":"open","ping_status":"closed","sticky":false,"template":"","format":"standard","meta":{"om_disable_all_campaigns":false,"jnews-multi-image_gallery":[],"jnews_single_post":[],"jnews_primary_category":[],"jnews_social_meta":[],"footnotes":""},"categories":[40],"tags":[],"class_list":["post-1063401","post","type-post","status-publish","format-standard","hentry","category-industria"],"_links":{"self":[{"href":"https:\/\/dimensionturistica.com\/es\/wp-json\/wp\/v2\/posts\/1063401","targetHints":{"allow":["GET"]}}],"collection":[{"href":"https:\/\/dimensionturistica.com\/es\/wp-json\/wp\/v2\/posts"}],"about":[{"href":"https:\/\/dimensionturistica.com\/es\/wp-json\/wp\/v2\/types\/post"}],"author":[{"embeddable":true,"href":"https:\/\/dimensionturistica.com\/es\/wp-json\/wp\/v2\/users\/1"}],"replies":[{"embeddable":true,"href":"https:\/\/dimensionturistica.com\/es\/wp-json\/wp\/v2\/comments?post=1063401"}],"version-history":[{"count":1,"href":"https:\/\/dimensionturistica.com\/es\/wp-json\/wp\/v2\/posts\/1063401\/revisions"}],"predecessor-version":[{"id":1063412,"href":"https:\/\/dimensionturistica.com\/es\/wp-json\/wp\/v2\/posts\/1063401\/revisions\/1063412"}],"wp:attachment":[{"href":"https:\/\/dimensionturistica.com\/es\/wp-json\/wp\/v2\/media?parent=1063401"}],"wp:term":[{"taxonomy":"category","embeddable":true,"href":"https:\/\/dimensionturistica.com\/es\/wp-json\/wp\/v2\/categories?post=1063401"},{"taxonomy":"post_tag","embeddable":true,"href":"https:\/\/dimensionturistica.com\/es\/wp-json\/wp\/v2\/tags?post=1063401"}],"curies":[{"name":"wp","href":"https:\/\/api.w.org\/{rel}","templated":true}]}}