{"id":1063350,"date":"2025-10-19T15:09:13","date_gmt":"2025-10-19T15:09:13","guid":{"rendered":"https:\/\/dimensionturistica.com\/es\/?p=1063350"},"modified":"2025-10-19T15:09:13","modified_gmt":"2025-10-19T15:09:13","slug":"nuevo-leon-encabeza-la-comision-de-sustentabilidad-de-asetur-y-realiza-su-primera-reunion","status":"publish","type":"post","link":"https:\/\/dimensionturistica.com\/es\/nuevo-leon-encabeza-la-comision-de-sustentabilidad-de-asetur-y-realiza-su-primera-reunion\/","title":{"rendered":"Nuevo Le\u00f3n encabeza la Comisi\u00f3n de Sustentabilidad de ASETUR y realiza su primera reuni\u00f3n"},"content":{"rendered":"\n<figure class=\"wp-block-gallery has-nested-images columns-default is-cropped wp-block-gallery-1 is-layout-flex wp-block-gallery-is-layout-flex\">\n<figure class=\"wp-block-image size-large\"><img decoding=\"async\" width=\"500\" height=\"101\" data-id=\"1063353\" src=\"https:\/\/dimensionturistica.com\/es\/wp-content\/uploads\/2025\/10\/2ASE-2.png\" alt=\"\" class=\"wp-image-1063353\" srcset=\"https:\/\/dimensionturistica.com\/es\/wp-content\/uploads\/2025\/10\/2ASE-2.png 500w, https:\/\/dimensionturistica.com\/es\/wp-content\/uploads\/2025\/10\/2ASE-2-300x61.png 300w\" sizes=\"(max-width: 500px) 100vw, 500px\" \/><\/figure>\n<\/figure>\n\n\n\n<h3 class=\"wp-block-heading\"><strong><em><strong><em>La Secretar\u00eda de Turismo de Nuevo Le\u00f3n encabez\u00f3 la Primera Reuni\u00f3n de Enlaces de la Comisi\u00f3n de Sustentabilidad de las Secretarias y Secretarios de Turismo de M\u00e9xico (ASETUR), realizada de manera virtual con la participaci\u00f3n de 40 funcionarias y funcionarios estatales, as\u00ed como representantes de la consultora Sustentur.<\/em><\/strong><\/em><\/strong><strong><em><strong><em><\/em><\/strong><\/em><\/strong><\/h3>\n\n\n\n<h3 class=\"wp-block-heading\"><strong><em><strong><em>La secretaria de Turismo de Nuevo Le\u00f3n, Maricarmen Mart\u00ednez Villarreal, dio la bienvenida a las y los asistentes y refrend\u00f3 los objetivos de la Comisi\u00f3n: impulsar el turismo sostenible, fomentar la adaptaci\u00f3n al cambio clim\u00e1tico, preservar los atractivos tur\u00edsticos y generar beneficios para las comunidades.<\/em><\/strong><\/em><\/strong><strong><em><strong><em><\/em><\/strong><\/em><\/strong><\/h3>\n\n\n\n<figure class=\"wp-block-gallery has-nested-images columns-default is-cropped wp-block-gallery-2 is-layout-flex wp-block-gallery-is-layout-flex\">\n<figure class=\"wp-block-image size-large\"><img decoding=\"async\" width=\"500\" height=\"284\" data-id=\"1063356\" src=\"https:\/\/dimensionturistica.com\/es\/wp-content\/uploads\/2025\/10\/1ASE.jpg\" alt=\"\" class=\"wp-image-1063356\" srcset=\"https:\/\/dimensionturistica.com\/es\/wp-content\/uploads\/2025\/10\/1ASE.jpg 500w, https:\/\/dimensionturistica.com\/es\/wp-content\/uploads\/2025\/10\/1ASE-300x170.jpg 300w\" sizes=\"(max-width: 500px) 100vw, 500px\" \/><\/figure>\n<\/figure>\n\n\n\n<h3 class=\"wp-block-heading\"><strong><em><strong><em>En la sesi\u00f3n, la Direcci\u00f3n de Planeaci\u00f3n de Pol\u00edtica Tur\u00edstica Sostenible explic\u00f3 la integraci\u00f3n y forma de trabajo de la Comisi\u00f3n, mientras que Vicente Ferreyra, director de Sustentur, present\u00f3 los tres proyectos iniciales que se pondr\u00e1n en marcha:<\/em><\/strong><\/em><\/strong><strong><em><strong><em><\/em><\/strong><\/em><\/strong><\/h3>\n\n\n\n<h3 class=\"wp-block-heading\"><strong><em><strong><em>Desarrollo de la Pol\u00edtica de Turismo Sostenible en M\u00e9xico<\/em><\/strong><\/em><\/strong><strong><em><strong><em><\/em><\/strong><\/em><\/strong><\/h3>\n\n\n\n<h3 class=\"wp-block-heading\"><strong><em><strong><em>Documentaci\u00f3n de las mejores pr\u00e1cticas de sostenibilidad tur\u00edstica en los estados<\/em><\/strong><\/em><\/strong><strong><em><strong><em><\/em><\/strong><\/em><\/strong><\/h3>\n\n\n\n<h3 class=\"wp-block-heading\"><strong><em><strong><em>Curso online en turismo sostenible, dirigido a integrantes de ASETUR y al sector en general<\/em><\/strong><\/em><\/strong><strong><em><strong><em><\/em><\/strong><\/em><\/strong><\/h3>\n\n\n\n<figure class=\"wp-block-gallery has-nested-images columns-default is-cropped wp-block-gallery-3 is-layout-flex wp-block-gallery-is-layout-flex\">\n<figure class=\"wp-block-image size-large\"><img decoding=\"async\" width=\"500\" height=\"334\" data-id=\"1063357\" src=\"https:\/\/dimensionturistica.com\/es\/wp-content\/uploads\/2025\/10\/3ASE.jpg\" alt=\"\" class=\"wp-image-1063357\" srcset=\"https:\/\/dimensionturistica.com\/es\/wp-content\/uploads\/2025\/10\/3ASE.jpg 500w, https:\/\/dimensionturistica.com\/es\/wp-content\/uploads\/2025\/10\/3ASE-300x200.jpg 300w\" sizes=\"(max-width: 500px) 100vw, 500px\" \/><\/figure>\n<\/figure>\n\n\n\n<h3 class=\"wp-block-heading\"><strong><em><strong><em>Antecedentes<\/em><\/strong><\/em><\/strong><strong><em><strong><em><\/em><\/strong><\/em><\/strong><\/h3>\n\n\n\n<h3 class=\"wp-block-heading\"><strong><em><strong><em>La Comisi\u00f3n de Sustentabilidad fue creada durante la 61\u00aa Asamblea Ordinaria de ASETUR, que preside Bernardo Cueto Riestra, en Ensenada, Baja California, en donde se definieron cinco ejes estrat\u00e9gicos: Competitividad, Promoci\u00f3n, Sustentabilidad, Conectividad y Protecci\u00f3n al<\/em><\/strong><\/em><\/strong><strong><em><strong><em><\/em><\/strong><\/em><\/strong><\/h3>\n\n\n\n<h3 class=\"wp-block-heading\"><strong><em><strong><em>Turista. En este marco, la secretaria Maricarmen Mart\u00ednez Villarreal fue ratificada como titular de la Comisi\u00f3n<\/em><\/strong><\/em><\/strong><strong><em><strong><em><\/em><\/strong><\/em><\/strong><\/h3>\n\n\n\n<figure class=\"wp-block-gallery has-nested-images columns-default is-cropped wp-block-gallery-4 is-layout-flex wp-block-gallery-is-layout-flex\">\n<figure class=\"wp-block-image size-large\"><img decoding=\"async\" width=\"500\" height=\"262\" data-id=\"1063358\" src=\"https:\/\/dimensionturistica.com\/es\/wp-content\/uploads\/2025\/10\/5ASE-1.jpg\" alt=\"\" class=\"wp-image-1063358\" srcset=\"https:\/\/dimensionturistica.com\/es\/wp-content\/uploads\/2025\/10\/5ASE-1.jpg 500w, https:\/\/dimensionturistica.com\/es\/wp-content\/uploads\/2025\/10\/5ASE-1-300x157.jpg 300w\" sizes=\"(max-width: 500px) 100vw, 500px\" \/><\/figure>\n<\/figure>\n\n\n\n<h3 class=\"wp-block-heading\"><strong><em><strong><em>Su conformaci\u00f3n se vincula al convenio firmado el 17 de febrero de 2022 entre ASETUR y la Asociaci\u00f3n Nacional de Autoridades Ambientales (ANAAE), que permiti\u00f3 alinear agendas y deriv\u00f3 en la firma de la Declaraci\u00f3n de Glasgow, comprometiendo al sector tur\u00edstico mexicano en la acci\u00f3n clim\u00e1tica.<\/em><\/strong><\/em><\/strong><strong><em><strong><em><\/em><\/strong><\/em><\/strong><\/h3>\n\n\n\n<figure class=\"wp-block-gallery has-nested-images columns-default is-cropped wp-block-gallery-5 is-layout-flex wp-block-gallery-is-layout-flex\">\n<figure class=\"wp-block-image size-large\"><img decoding=\"async\" width=\"500\" height=\"271\" data-id=\"1063360\" src=\"https:\/\/dimensionturistica.com\/es\/wp-content\/uploads\/2025\/10\/7ASE.jpg\" alt=\"\" class=\"wp-image-1063360\" srcset=\"https:\/\/dimensionturistica.com\/es\/wp-content\/uploads\/2025\/10\/7ASE.jpg 500w, https:\/\/dimensionturistica.com\/es\/wp-content\/uploads\/2025\/10\/7ASE-300x163.jpg 300w\" sizes=\"(max-width: 500px) 100vw, 500px\" \/><\/figure>\n<\/figure>\n\n\n\n<h3 class=\"wp-block-heading\"><strong><em><strong><em>Con esta primera sesi\u00f3n de trabajo, la Comisi\u00f3n de Sustentabilidad refuerza el compromiso de las entidades y de ASETUR por avanzar hacia un turismo sostenible, resiliente y competitivo en beneficio del pa\u00eds.<\/em><\/strong><\/em><\/strong><strong><em><strong><em><\/em><\/strong><\/em><\/strong><\/h3>\n\n\n\n<h3 class=\"wp-block-heading\"><strong><em><strong><em>&nbsp;<\/em><\/strong><\/em><\/strong><\/h3>\n","protected":false},"excerpt":{"rendered":"<p>La Secretar\u00eda de Turismo de Nuevo Le\u00f3n encabez\u00f3 la Primera Reuni\u00f3n de Enlaces de la Comisi\u00f3n de Sustentabilidad de las Secretarias y Secretarios de Turismo de M\u00e9xico (ASETUR), realizada de manera virtual con la participaci\u00f3n de 40 funcionarias y funcionarios estatales, as\u00ed como representantes de la consultora Sustentur. La secretaria de Turismo de Nuevo Le\u00f3n, [&hellip;]<\/p>\n","protected":false},"author":1,"featured_media":0,"comment_status":"open","ping_status":"closed","sticky":false,"template":"","format":"standard","meta":{"om_disable_all_campaigns":false,"jnews-multi-image_gallery":[],"jnews_single_post":{"format":"standard"},"jnews_primary_category":[],"jnews_social_meta":[],"footnotes":""},"categories":[39],"tags":[],"class_list":["post-1063350","post","type-post","status-publish","format-standard","hentry","category-viajes"],"_links":{"self":[{"href":"https:\/\/dimensionturistica.com\/es\/wp-json\/wp\/v2\/posts\/1063350","targetHints":{"allow":["GET"]}}],"collection":[{"href":"https:\/\/dimensionturistica.com\/es\/wp-json\/wp\/v2\/posts"}],"about":[{"href":"https:\/\/dimensionturistica.com\/es\/wp-json\/wp\/v2\/types\/post"}],"author":[{"embeddable":true,"href":"https:\/\/dimensionturistica.com\/es\/wp-json\/wp\/v2\/users\/1"}],"replies":[{"embeddable":true,"href":"https:\/\/dimensionturistica.com\/es\/wp-json\/wp\/v2\/comments?post=1063350"}],"version-history":[{"count":1,"href":"https:\/\/dimensionturistica.com\/es\/wp-json\/wp\/v2\/posts\/1063350\/revisions"}],"predecessor-version":[{"id":1063362,"href":"https:\/\/dimensionturistica.com\/es\/wp-json\/wp\/v2\/posts\/1063350\/revisions\/1063362"}],"wp:attachment":[{"href":"https:\/\/dimensionturistica.com\/es\/wp-json\/wp\/v2\/media?parent=1063350"}],"wp:term":[{"taxonomy":"category","embeddable":true,"href":"https:\/\/dimensionturistica.com\/es\/wp-json\/wp\/v2\/categories?post=1063350"},{"taxonomy":"post_tag","embeddable":true,"href":"https:\/\/dimensionturistica.com\/es\/wp-json\/wp\/v2\/tags?post=1063350"}],"curies":[{"name":"wp","href":"https:\/\/api.w.org\/{rel}","templated":true}]}}