{"id":1063319,"date":"2025-10-19T14:22:26","date_gmt":"2025-10-19T14:22:26","guid":{"rendered":"https:\/\/dimensionturistica.com\/es\/?p=1063319"},"modified":"2025-10-19T14:22:26","modified_gmt":"2025-10-19T14:22:26","slug":"dictamen-de-reforma-a-la-ley-del-ieps-ya-que-la-propuesta-de-impuestos-saludables-es-insuficiente","status":"publish","type":"post","link":"https:\/\/dimensionturistica.com\/es\/dictamen-de-reforma-a-la-ley-del-ieps-ya-que-la-propuesta-de-impuestos-saludables-es-insuficiente\/","title":{"rendered":"Dictamen de reforma a la Ley del IEPS ya que la propuesta de impuestos saludables es insuficiente \u00a0"},"content":{"rendered":"\n<figure class=\"wp-block-gallery has-nested-images columns-default is-cropped wp-block-gallery-1 is-layout-flex wp-block-gallery-is-layout-flex\">\n<figure class=\"wp-block-image size-large\"><img decoding=\"async\" width=\"500\" height=\"208\" data-id=\"1063323\" src=\"https:\/\/dimensionturistica.com\/es\/wp-content\/uploads\/2025\/10\/4CIGA.jpg\" alt=\"\" class=\"wp-image-1063323\" srcset=\"https:\/\/dimensionturistica.com\/es\/wp-content\/uploads\/2025\/10\/4CIGA.jpg 500w, https:\/\/dimensionturistica.com\/es\/wp-content\/uploads\/2025\/10\/4CIGA-300x125.jpg 300w\" sizes=\"(max-width: 500px) 100vw, 500px\" \/><\/figure>\n<\/figure>\n\n\n\n<p>&nbsp;Luego de que la C\u00e1mara de Diputados diera a conocer el Dictamen de la Iniciativa con Proyecto de Decreto por el que se reforman y adicionan diversas disposiciones de la Ley del Impuesto Especial sobre Producci\u00f3n y Servicios, representantes de Salud Justa Mx y de la Coalici\u00f3n M\u00e9xico SaludHable hicieron un posicionamiento para pedir a los legisladores consideren las recomendaciones internacionales ya que el proyecto actual es insuficiente en materia de impuestos saludables.<\/p>\n\n\n\n<p>Los representantes de la sociedad civil resaltaron los siguientes puntos:<\/p>\n\n\n\n<figure class=\"wp-block-gallery has-nested-images columns-default is-cropped wp-block-gallery-2 is-layout-flex wp-block-gallery-is-layout-flex\">\n<figure class=\"wp-block-image size-large\"><img decoding=\"async\" width=\"500\" height=\"375\" data-id=\"1063325\" src=\"https:\/\/dimensionturistica.com\/es\/wp-content\/uploads\/2025\/10\/1CIGA.jpg\" alt=\"\" class=\"wp-image-1063325\" srcset=\"https:\/\/dimensionturistica.com\/es\/wp-content\/uploads\/2025\/10\/1CIGA.jpg 500w, https:\/\/dimensionturistica.com\/es\/wp-content\/uploads\/2025\/10\/1CIGA-300x225.jpg 300w\" sizes=\"(max-width: 500px) 100vw, 500px\" \/><\/figure>\n<\/figure>\n\n\n\n<p>El impuesto al cigarro propuesto no cumple con las recomendaciones internacionales. La recomendaci\u00f3n es de 3 pesos por cigarro.<\/p>\n\n\n\n<p>Al gravar productos con nicotina, la iniciativa podr\u00eda legalizar indirectamente a los vapeadores, pese a su prohibici\u00f3n constitucional.<\/p>\n\n\n\n<p>Se legalizan productos novedosos y nocivos para la salud como los son las bolsas de nicotina y los productos de tabaco calentado.<\/p>\n\n\n\n<p>La propuesta del IEPS incumple la Constituci\u00f3n al gravar un producto dos veces, dando opci\u00f3n a que las tabacaleras no paguen este impuesto.<\/p>\n\n\n\n<figure class=\"wp-block-gallery has-nested-images columns-default is-cropped wp-block-gallery-3 is-layout-flex wp-block-gallery-is-layout-flex\">\n<figure class=\"wp-block-image size-large\"><img decoding=\"async\" width=\"500\" height=\"311\" data-id=\"1063327\" src=\"https:\/\/dimensionturistica.com\/es\/wp-content\/uploads\/2025\/10\/2CIGA.jpg\" alt=\"\" class=\"wp-image-1063327\" srcset=\"https:\/\/dimensionturistica.com\/es\/wp-content\/uploads\/2025\/10\/2CIGA.jpg 500w, https:\/\/dimensionturistica.com\/es\/wp-content\/uploads\/2025\/10\/2CIGA-300x187.jpg 300w\" sizes=\"(max-width: 500px) 100vw, 500px\" \/><\/figure>\n<\/figure>\n\n\n\n<p>\u201cEs sumamente valioso que se incluya un aumento del impuesto ad valorem de 160% a 200% a los cigarros, puros y otros tabacos labrados, adem\u00e1s de un aumento nominal del IEPS espec\u00edfico de 32.1% para 2026, 28% en t\u00e9rminos reales, con un incremento de 8% anual entre 2027 y 2029. Apostarle a la pol\u00edtica m\u00e1s costo-efectiva para reducir el consumo es un acierto que viene desde la propuesta presentada por la Presidenta Claudia Sheinbaum\u201d se menciona en el posicionamiento firmado por m\u00e1s de 60 organizaciones<\/p>\n\n\n\n<p>Tambi\u00e9n se hace referencia a la necesidad de incluir los impuestos a las bebidas alcoh\u00f3licas \u201ces inadmisible que no se haya considerado un aumento de impuestos a las bebidas alcoh\u00f3licas que causan alrededor de 42 mil muertes al a\u00f1o y representan 552 mil millones de pesos en costos directos e indirectos para la atenci\u00f3n de enfermedades y otros problemas sociales relacionados\u201d.<\/p>\n","protected":false},"excerpt":{"rendered":"<p>&nbsp;Luego de que la C\u00e1mara de Diputados diera a conocer el Dictamen de la Iniciativa con Proyecto de Decreto por el que se reforman y adicionan diversas disposiciones de la Ley del Impuesto Especial sobre Producci\u00f3n y Servicios, representantes de Salud Justa Mx y de la Coalici\u00f3n M\u00e9xico SaludHable hicieron un posicionamiento para pedir a [&hellip;]<\/p>\n","protected":false},"author":1,"featured_media":0,"comment_status":"open","ping_status":"closed","sticky":false,"template":"","format":"standard","meta":{"om_disable_all_campaigns":false,"jnews-multi-image_gallery":[],"jnews_single_post":[],"jnews_primary_category":[],"jnews_social_meta":[],"footnotes":""},"categories":[40],"tags":[],"class_list":["post-1063319","post","type-post","status-publish","format-standard","hentry","category-industria"],"_links":{"self":[{"href":"https:\/\/dimensionturistica.com\/es\/wp-json\/wp\/v2\/posts\/1063319","targetHints":{"allow":["GET"]}}],"collection":[{"href":"https:\/\/dimensionturistica.com\/es\/wp-json\/wp\/v2\/posts"}],"about":[{"href":"https:\/\/dimensionturistica.com\/es\/wp-json\/wp\/v2\/types\/post"}],"author":[{"embeddable":true,"href":"https:\/\/dimensionturistica.com\/es\/wp-json\/wp\/v2\/users\/1"}],"replies":[{"embeddable":true,"href":"https:\/\/dimensionturistica.com\/es\/wp-json\/wp\/v2\/comments?post=1063319"}],"version-history":[{"count":1,"href":"https:\/\/dimensionturistica.com\/es\/wp-json\/wp\/v2\/posts\/1063319\/revisions"}],"predecessor-version":[{"id":1063328,"href":"https:\/\/dimensionturistica.com\/es\/wp-json\/wp\/v2\/posts\/1063319\/revisions\/1063328"}],"wp:attachment":[{"href":"https:\/\/dimensionturistica.com\/es\/wp-json\/wp\/v2\/media?parent=1063319"}],"wp:term":[{"taxonomy":"category","embeddable":true,"href":"https:\/\/dimensionturistica.com\/es\/wp-json\/wp\/v2\/categories?post=1063319"},{"taxonomy":"post_tag","embeddable":true,"href":"https:\/\/dimensionturistica.com\/es\/wp-json\/wp\/v2\/tags?post=1063319"}],"curies":[{"name":"wp","href":"https:\/\/api.w.org\/{rel}","templated":true}]}}