{"id":1063275,"date":"2025-10-19T13:43:01","date_gmt":"2025-10-19T13:43:01","guid":{"rendered":"https:\/\/dimensionturistica.com\/es\/?p=1063275"},"modified":"2025-10-19T13:43:01","modified_gmt":"2025-10-19T13:43:01","slug":"los-gobiernos-de-america-latina-apoyan-la-declaracion-politica-en-la-4a-reunion-de-alto-nivel-de-enfermedades-no-transmisibles-y-salud-mental","status":"publish","type":"post","link":"https:\/\/dimensionturistica.com\/es\/los-gobiernos-de-america-latina-apoyan-la-declaracion-politica-en-la-4a-reunion-de-alto-nivel-de-enfermedades-no-transmisibles-y-salud-mental\/","title":{"rendered":"Los Gobiernos de Am\u00e9rica Latina apoyan la declaraci\u00f3n pol\u00edtica en la 4\u00aa Reuni\u00f3n de Alto Nivel de Enfermedades No Transmisibles y Salud Mental"},"content":{"rendered":"\n<figure class=\"wp-block-gallery has-nested-images columns-default is-cropped wp-block-gallery-1 is-layout-flex wp-block-gallery-is-layout-flex\">\n<figure class=\"wp-block-image size-large\"><img decoding=\"async\" width=\"425\" height=\"105\" data-id=\"1063279\" src=\"https:\/\/dimensionturistica.com\/es\/wp-content\/uploads\/2025\/10\/1YAHA.jpg\" alt=\"\" class=\"wp-image-1063279\" srcset=\"https:\/\/dimensionturistica.com\/es\/wp-content\/uploads\/2025\/10\/1YAHA.jpg 425w, https:\/\/dimensionturistica.com\/es\/wp-content\/uploads\/2025\/10\/1YAHA-300x74.jpg 300w\" sizes=\"(max-width: 425px) 100vw, 425px\" \/><\/figure>\n<\/figure>\n\n\n\n<p>Durante la 4\u00aa Reuni\u00f3n de alto Nivel de Enfermedades No Transmisibles (ENT) y Salud Mental llevada a cabo en d\u00edas recientes en la Organizaci\u00f3n de la Naciones Unidas, representantes de diversos pa\u00edses hicieron su posicionamiento para adherirse a la Declaraci\u00f3n pol\u00edtica de la cuarta reuni\u00f3n de alto nivel de la Asamblea General sobre la prevenci\u00f3n y el control de las enfermedades no transmisibles y la promoci\u00f3n de la salud mental y el bienestar.<\/p>\n\n\n\n<p>En la reuni\u00f3n participaron jefes de Estado y de gobierno y ministros\/as de salud de todos los pa\u00edses que forman parte de la ONU. En lo correspondiente a la regi\u00f3n de Am\u00e9rica Latina, los representantes de Costa Rica, Per\u00fa, Colombia, Ecuador, Panam\u00e1, M\u00e9xico, Brasil y Uruguay mostraron su apoyo a la declaraci\u00f3n y, durante sus discursos, resaltaron la necesidad de impulsar pol\u00edticas p\u00fablicas para disminuir la prevalencia de Enfermedades No Transmisibles.<\/p>\n\n\n\n<p>Las ENT, incluidas las enfermedades cardiovasculares y pulmonares, el c\u00e1ncer y la diabetes, son las principales causas de muerte en todo el mundo, y en 2021 se cobraron al menos 43 millones de vidas, incluidas las de 18 millones de personas menores de 70 a\u00f1os. Cuatro de cada cinco (82%) de esas muertes prematuras se dan en pa\u00edses de ingreso bajo y mediano. Por su parte, las condiciones de salud mental afectan a m\u00e1s de mil millones de personas en todo el mundo.<\/p>\n\n\n\n<p><\/p>\n\n\n\n<p>Al respecto la Ministra de Salud de Uruguay, Cristina Lustemberg, se\u00f1al\u00f3 que la prevenci\u00f3n de Enfermedades No Transmisibles son una prioridad para el pa\u00eds, incluyendo la atenci\u00f3n a la salud, y reafirm\u00f3 su compromiso con la atenci\u00f3n de calidad, la prevenci\u00f3n de obesidad y el control de alcohol.<\/p>\n\n\n\n<figure class=\"wp-block-gallery has-nested-images columns-default is-cropped wp-block-gallery-2 is-layout-flex wp-block-gallery-is-layout-flex\">\n<figure class=\"wp-block-image size-large\"><img decoding=\"async\" width=\"500\" height=\"458\" data-id=\"1063285\" src=\"https:\/\/dimensionturistica.com\/es\/wp-content\/uploads\/2025\/10\/2YAHA.jpg\" alt=\"\" class=\"wp-image-1063285\" srcset=\"https:\/\/dimensionturistica.com\/es\/wp-content\/uploads\/2025\/10\/2YAHA.jpg 500w, https:\/\/dimensionturistica.com\/es\/wp-content\/uploads\/2025\/10\/2YAHA-300x275.jpg 300w\" sizes=\"(max-width: 500px) 100vw, 500px\" \/><\/figure>\n<\/figure>\n\n\n\n<p>Por su parte el Subsercretario de Salud de M\u00e9xico, Ramiro L\u00f3pez Elizalde, dijo: \u201cLas nuevas regulaciones sobre publicidad y bebidas azucaradas son efectivas porque previenen la morbilidad y la muerte, pero existe una deuda hist\u00f3rica porque no abordan las desigualdades persistentes. Es necesario adoptar la declaraci\u00f3n pol\u00edtica porque aborda las causas fundamentales, especialmente la desigualdad. Hay que abordar los determinantes sociales para abordar las enfermedades. El avance social y la reducci\u00f3n de la pobreza son la mejor manera de abordar la salud. Abordar la salud es un acto de humanidad, no una cuesti\u00f3n t\u00e9cnica\u201d.<\/p>\n\n\n\n<p>En el caso de Colombia, Jaime Urrego Rodr\u00edguez, Viceministro de Salud P\u00fablica, hizo peticiones puntuales: invit\u00f3 a los pa\u00edses a adoptar la declaraci\u00f3n e implementar la equidad de g\u00e9nero en todas las pol\u00edticas de salud.<\/p>\n\n\n\n<p><\/p>\n\n\n\n<p>Durante los discursos de los Estados Miembros se habl\u00f3 de la necesidad de impulsar pol\u00edticas p\u00fablicas para detener las enfermedades no transmisibles como lo son los impuestos saludables: impuestos a bebidas azucaradas, tabaco, alcohol, productos ultraprocesados. Tambi\u00e9n regular el marketing agresivo de las industrias, regular etiquetado y empaquetado de productos, detener la interferencia de los determinantes comerciales e impulsar la participaci\u00f3n de la sociedad civil libre de conflicto de inter\u00e9s en conjunto con los gobiernos para mejorar la salud de la regi\u00f3n de las Am\u00e9ricas.<\/p>\n\n\n\n<figure class=\"wp-block-gallery has-nested-images columns-default is-cropped wp-block-gallery-3 is-layout-flex wp-block-gallery-is-layout-flex\">\n<figure class=\"wp-block-image size-large\"><img decoding=\"async\" width=\"500\" height=\"449\" data-id=\"1063286\" src=\"https:\/\/dimensionturistica.com\/es\/wp-content\/uploads\/2025\/10\/3YAHA.jpg\" alt=\"\" class=\"wp-image-1063286\" srcset=\"https:\/\/dimensionturistica.com\/es\/wp-content\/uploads\/2025\/10\/3YAHA.jpg 500w, https:\/\/dimensionturistica.com\/es\/wp-content\/uploads\/2025\/10\/3YAHA-300x269.jpg 300w\" sizes=\"(max-width: 500px) 100vw, 500px\" \/><\/figure>\n<\/figure>\n\n\n\n<p>La declaraci\u00f3n pol\u00edtica examinada se titula \u00abEquidad e integraci\u00f3n: transformar vidas y medios de subsistencia mediante el liderazgo y las medidas en materia de enfermedades no transmisibles y la promoci\u00f3n de la salud mental y el bienestar\u00bb.<\/p>\n\n\n\n<p>La declaraci\u00f3n establece metas mundiales que deben alcanzarse para 2030, a saber: 150 millones menos de consumidores de tabaco; 150 millones m\u00e1s de personas con la hipertensi\u00f3n bajo control; y 150 millones m\u00e1s de personas con acceso a atenci\u00f3n de salud mental.<\/p>\n","protected":false},"excerpt":{"rendered":"<p>Durante la 4\u00aa Reuni\u00f3n de alto Nivel de Enfermedades No Transmisibles (ENT) y Salud Mental llevada a cabo en d\u00edas recientes en la Organizaci\u00f3n de la Naciones Unidas, representantes de diversos pa\u00edses hicieron su posicionamiento para adherirse a la Declaraci\u00f3n pol\u00edtica de la cuarta reuni\u00f3n de alto nivel de la Asamblea General sobre la prevenci\u00f3n [&hellip;]<\/p>\n","protected":false},"author":1,"featured_media":0,"comment_status":"open","ping_status":"closed","sticky":false,"template":"","format":"standard","meta":{"om_disable_all_campaigns":false,"jnews-multi-image_gallery":[],"jnews_single_post":[],"jnews_primary_category":[],"jnews_social_meta":[],"footnotes":""},"categories":[40],"tags":[],"class_list":["post-1063275","post","type-post","status-publish","format-standard","hentry","category-industria"],"_links":{"self":[{"href":"https:\/\/dimensionturistica.com\/es\/wp-json\/wp\/v2\/posts\/1063275","targetHints":{"allow":["GET"]}}],"collection":[{"href":"https:\/\/dimensionturistica.com\/es\/wp-json\/wp\/v2\/posts"}],"about":[{"href":"https:\/\/dimensionturistica.com\/es\/wp-json\/wp\/v2\/types\/post"}],"author":[{"embeddable":true,"href":"https:\/\/dimensionturistica.com\/es\/wp-json\/wp\/v2\/users\/1"}],"replies":[{"embeddable":true,"href":"https:\/\/dimensionturistica.com\/es\/wp-json\/wp\/v2\/comments?post=1063275"}],"version-history":[{"count":1,"href":"https:\/\/dimensionturistica.com\/es\/wp-json\/wp\/v2\/posts\/1063275\/revisions"}],"predecessor-version":[{"id":1063287,"href":"https:\/\/dimensionturistica.com\/es\/wp-json\/wp\/v2\/posts\/1063275\/revisions\/1063287"}],"wp:attachment":[{"href":"https:\/\/dimensionturistica.com\/es\/wp-json\/wp\/v2\/media?parent=1063275"}],"wp:term":[{"taxonomy":"category","embeddable":true,"href":"https:\/\/dimensionturistica.com\/es\/wp-json\/wp\/v2\/categories?post=1063275"},{"taxonomy":"post_tag","embeddable":true,"href":"https:\/\/dimensionturistica.com\/es\/wp-json\/wp\/v2\/tags?post=1063275"}],"curies":[{"name":"wp","href":"https:\/\/api.w.org\/{rel}","templated":true}]}}