{"id":1063133,"date":"2025-10-19T02:43:42","date_gmt":"2025-10-19T02:43:42","guid":{"rendered":"https:\/\/dimensionturistica.com\/es\/?p=1063133"},"modified":"2025-10-19T02:43:42","modified_gmt":"2025-10-19T02:43:42","slug":"la-costa-revela-su-plan-turistico-para-el-verano-2026-con-el-eslogan-tu-destino-este-estio","status":"publish","type":"post","link":"https:\/\/dimensionturistica.com\/es\/la-costa-revela-su-plan-turistico-para-el-verano-2026-con-el-eslogan-tu-destino-este-estio\/","title":{"rendered":"La Costa Revela su Plan Tur\u00edstico para el Verano 2026 con el Eslogan &#8216;Tu Destino Este Est\u00edo&#8217;"},"content":{"rendered":"<h3>Descubriendo la Costa: Un Verano de Experiencias \u00danicas<\/h3>\n<p>El horizonte se encuentra con el mar en un abrazo interminable, y ese suave murmullo de las olas es solo el principio de lo que la Costa tiene para ofrecer en la temporada de verano 2026. Con una nueva propuesta tur\u00edstica que resuena bajo el lema \u201cNuestro lugar, este verano\u201d, esta regi\u00f3n despliega una serie de actividades y atractivos que prometen convertir cada visita en una experiencia inolvidable.<\/p>\n<h4>Un Destino para Todos<\/h4>\n<p>Desde las familias en b\u00fasqueda de diversi\u00f3n hasta los aventureros deseosos de explorar, la Costa se presenta como un refugio multifac\u00e9tico. Los municipios locales han trabajado arduamente para crear espacios que fomenten la inclusi\u00f3n y la diversidad, asegurando que cada viajero, sin importar su inter\u00e9s, encuentre la actividad perfecta. Playas limpias, eventos culturales, y ferias gastron\u00f3micas son solo algunos de los elementos que enriquecen la oferta tur\u00edstica.<\/p>\n<h4>Naturaleza y Aventura<\/h4>\n<p>Adem\u00e1s de sus ic\u00f3nicas playas, la Costa promete deleitar a los amantes de la naturaleza y la aventura. Los senderos que serpentean a lo largo de la costa son ideales para caminatas familiares, mientras que los m\u00e1s osados pueden optar por actividades como el surf y el kayak. Las reservas naturales de la regi\u00f3n ofrecen oportunidades \u00fanicas para avistar flora y fauna aut\u00f3ctona, dise\u00f1adas para miradas curiosas y amantes de la fotograf\u00eda.<\/p>\n<h4>Gastronom\u00eda Local<\/h4>\n<p>Un viaje no est\u00e1 completo sin deleitarse con la gastronom\u00eda local. Durante este verano, los visitantes tendr\u00e1n la oportunidad de saborear platos aut\u00e9nticos que van desde mariscos frescos hasta exquisiteces regionales. Los festivales gastron\u00f3micos ser\u00e1n el escenario perfecto para disfrutar de estas delicias, combinadas con la calidez de la hospitalidad local. Un viaje a la Costa es una experiencia culinaria que despierta todos los sentidos.<\/p>\n<h4>Cultura y Tradiciones<\/h4>\n<p>La Costa no solo es un destino de playas; tambi\u00e9n es un lugar donde se respira historia y cultura. Este verano, las diversas actividades culturales resaltar\u00e1n las tradiciones locales mediante espect\u00e1culos de m\u00fasica, danza y artesan\u00edas. Los visitantes podr\u00e1n sumergirse en la cultura regional, participar en talleres, o simplemente disfrutar de un espect\u00e1culo en una atm\u00f3sfera festiva.<\/p>\n<h4>Accesibilidad y Sostenibilidad<\/h4>\n<p>Otro aspecto a destacar en esta nueva propuesta es el compromiso con la accesibilidad y la sostenibilidad. Los espacios p\u00fablicos se est\u00e1n adaptando para que todos puedan disfrutarlos, mientras que iniciativas ecol\u00f3gicas se implementan para preservar la belleza natural de la regi\u00f3n. La Costa se afianza como un destino que cuida de su entorno, invitando a los turistas a contribuir al bienestar del lugar que est\u00e1n visitando.<\/p>\n<h3>Planifica tu Escapada<\/h3>\n<p>La Costa est\u00e1 lista para recibir a los visitantes en un verano repleto de promesas y experiencias. Sin dudarlo, es el momento ideal para planificar tu escapada y descubrir por ti mismo este para\u00edso que invita a volver. Con una propuesta renovada y un inter\u00e9s por ofrecer lo mejor, la Costa se posiciona como un destino imprescindible para el viajero moderno.<\/p>\n<p>Este verano, no solo te llevar\u00e1s recuerdos, sino la promesa de un lugar que siempre estar\u00e1 esper\u00e1ndote para una nueva aventura. \u00bfEst\u00e1s listo para descubrirlo?<\/p>\n<p><em> &#8221; Sources faronoticias.com.ar &#8221; <\/em><\/p>\n","protected":false},"excerpt":{"rendered":"<p>Descubriendo la Costa: Un Verano de Experiencias \u00danicas El horizonte se encuentra con el mar en un abrazo interminable, y ese suave murmullo de las olas es solo el principio de lo que la Costa tiene para ofrecer en la temporada de verano 2026. Con una nueva propuesta tur\u00edstica que resuena bajo el lema \u201cNuestro [&hellip;]<\/p>\n","protected":false},"author":4,"featured_media":1063134,"comment_status":"open","ping_status":"closed","sticky":false,"template":"","format":"standard","meta":{"om_disable_all_campaigns":false,"jnews-multi-image_gallery":[],"jnews_single_post":[],"jnews_primary_category":[],"jnews_social_meta":[],"footnotes":""},"categories":[40],"tags":[55723,1270,5612,173426,1609,2850,618,33550,39540,6963,9199,616,4926,3067,11450,103486,7013,964,169448,544,596,2873],"class_list":["post-1063133","post","type-post","status-publish","format-standard","has-post-thumbnail","hentry","category-industria","tag-55723","tag-bajo","tag-costa","tag-desarrollo-local","tag-el","tag-este","tag-la","tag-la-costa","tag-lema","tag-lugar","tag-nuestro","tag-para","tag-presento","tag-promocion-turistica","tag-propuesta","tag-propuesta-turistica","tag-su","tag-temporada","tag-temporada-2026","tag-turismo","tag-turistica","tag-verano"],"_links":{"self":[{"href":"https:\/\/dimensionturistica.com\/es\/wp-json\/wp\/v2\/posts\/1063133","targetHints":{"allow":["GET"]}}],"collection":[{"href":"https:\/\/dimensionturistica.com\/es\/wp-json\/wp\/v2\/posts"}],"about":[{"href":"https:\/\/dimensionturistica.com\/es\/wp-json\/wp\/v2\/types\/post"}],"author":[{"embeddable":true,"href":"https:\/\/dimensionturistica.com\/es\/wp-json\/wp\/v2\/users\/4"}],"replies":[{"embeddable":true,"href":"https:\/\/dimensionturistica.com\/es\/wp-json\/wp\/v2\/comments?post=1063133"}],"version-history":[{"count":1,"href":"https:\/\/dimensionturistica.com\/es\/wp-json\/wp\/v2\/posts\/1063133\/revisions"}],"predecessor-version":[{"id":1063135,"href":"https:\/\/dimensionturistica.com\/es\/wp-json\/wp\/v2\/posts\/1063133\/revisions\/1063135"}],"wp:featuredmedia":[{"embeddable":true,"href":"https:\/\/dimensionturistica.com\/es\/wp-json\/wp\/v2\/media\/1063134"}],"wp:attachment":[{"href":"https:\/\/dimensionturistica.com\/es\/wp-json\/wp\/v2\/media?parent=1063133"}],"wp:term":[{"taxonomy":"category","embeddable":true,"href":"https:\/\/dimensionturistica.com\/es\/wp-json\/wp\/v2\/categories?post=1063133"},{"taxonomy":"post_tag","embeddable":true,"href":"https:\/\/dimensionturistica.com\/es\/wp-json\/wp\/v2\/tags?post=1063133"}],"curies":[{"name":"wp","href":"https:\/\/api.w.org\/{rel}","templated":true}]}}