{"id":1063079,"date":"2025-10-18T22:20:46","date_gmt":"2025-10-18T22:20:46","guid":{"rendered":"https:\/\/dimensionturistica.com\/es\/?p=1063079"},"modified":"2025-10-18T22:20:46","modified_gmt":"2025-10-18T22:20:46","slug":"los-pantalones-palazzo-blancos-que-se-lucieron-en-una-famosa-boda-marcan-tendencia-para-el-otono-de-2025","status":"publish","type":"post","link":"https:\/\/dimensionturistica.com\/es\/los-pantalones-palazzo-blancos-que-se-lucieron-en-una-famosa-boda-marcan-tendencia-para-el-otono-de-2025\/","title":{"rendered":"Los pantalones palazzo blancos que se lucieron en una famosa boda marcan tendencia para el oto\u00f1o de 2025."},"content":{"rendered":"<h3>La Resurrecci\u00f3n de los Pantalones Palazzo: Elegancia Atemporal para el Oto\u00f1o 2025<\/h3>\n<p>El mundo de la moda es un ciclo incesante de reivenciones, y cuando se trata de piezas ic\u00f3nicas, los pantalones palazzo est\u00e1n cosechando un emocionante regreso. Popularizados en varias \u00e9pocas, este estilo de pantal\u00f3n que Amal Clooney luci\u00f3 en su boda ha cobrado nueva vida y se prepara para dominar las pasarelas y guardarropas en el oto\u00f1o de 2025.<\/p>\n<h4>La Influencia de Amal Clooney<\/h4>\n<p>No es ninguna sorpresa que la elecci\u00f3n de Amal Clooney en su gran d\u00eda resuene con fervor en el \u00e1mbito de la moda. Los pantalones palazzo, conocidos por su ca\u00edda fluida y su amplio corte, no solo aportan un aire de sofisticaci\u00f3n, sino que tambi\u00e9n representan una ruptura con la normatividad del vestido de novia tradicional. Este enfoque audaz, elegido por una de las figuras m\u00e1s influyentes del estilo contempor\u00e1neo, ha sembrado las semillas de una tendencia que promete florecer una vez m\u00e1s.<\/p>\n<h4>Versatilidad y Comodidad<\/h4>\n<p>Lo que hace que los pantalones palazzo sean una opci\u00f3n tan atractiva es su incre\u00edble versatilidad. Ideales para una cena formal, un evento de gala o incluso para un look m\u00e1s relajado, estos pantalones permiten combinar a la perfecci\u00f3n elegancia y comodidad. Su dise\u00f1o favorecedor se adapta a todas las siluetas y estilos, convirti\u00e9ndolos en una pieza esencial para el vestuario de cualquier persona que busque verse chic sin sacrificar la comodidad.<\/p>\n<h4>C\u00f3mo Incorporarlos a Tu Guarda Ropa<\/h4>\n<p>Para quienes deseen abrazar esta tendencia, el oto\u00f1o de 2025 ofrece diversas formas de integrar pantalones palazzo en su d\u00eda a d\u00eda. Se pueden combinar con blusas ajustadas para equilibrar el volumen, o con su\u00e9teres amplios para un look m\u00e1s relajado y acogedor. Los tejidos en tonalidades oto\u00f1ales, como los tonos tierra y los grises suaves, aportar\u00e1n un aire de elegancia que resonar\u00e1 con la temporada. <\/p>\n<h4>Colores y Texturas que Marcar\u00e1n Tendencia<\/h4>\n<p>Este regreso no se limita solo al corte; los patrones y texturas jugar\u00e1n un papel fundamental. Desde estampados florales hasta telas brillantes, las opciones son infinitas. La combinaci\u00f3n de distintos materiales, como seda y lana, tambi\u00e9n proporcionar\u00e1 un aspecto din\u00e1mico, permitiendo que cada pieza hable por s\u00ed misma.<\/p>\n<h4>Conclusi\u00f3n<\/h4>\n<p>Mientras nos preparamos para la pr\u00f3xima temporada, los pantalones palazzo se presentan no solo como una simple opci\u00f3n de vestuario, sino como una declaraci\u00f3n de estilo que invita a la autoexpresi\u00f3n. La inspiraci\u00f3n de figuras ic\u00f3nicas, unida a su versatilidad, garantiza que esta prenda se mantenga relevante, segura de seguir deslumbrando en eventos de todo tipo. Elegancia y confort, todo en uno: un must que ning\u00fan amante de la moda querr\u00e1 perderse en el oto\u00f1o de 2025. \u00a1Estos pantalones est\u00e1n listos para redefinir qu\u00e9 significa ser elegante!<\/p>\n<p><em> &#8221; Fuentes www.vogue.mx &#8221; <\/em><\/p>\n","protected":false},"excerpt":{"rendered":"<p>La Resurrecci\u00f3n de los Pantalones Palazzo: Elegancia Atemporal para el Oto\u00f1o 2025 El mundo de la moda es un ciclo incesante de reivenciones, y cuando se trata de piezas ic\u00f3nicas, los pantalones palazzo est\u00e1n cosechando un emocionante regreso. Popularizados en varias \u00e9pocas, este estilo de pantal\u00f3n que Amal Clooney luci\u00f3 en su boda ha cobrado [&hellip;]<\/p>\n","protected":false},"author":14,"featured_media":1063080,"comment_status":"open","ping_status":"closed","sticky":false,"template":"","format":"standard","meta":{"om_disable_all_campaigns":false,"jnews-multi-image_gallery":[],"jnews_single_post":[],"jnews_primary_category":[],"jnews_social_meta":[],"footnotes":""},"categories":[144872],"tags":[198504,10102,46244,7758,659,191169,200499,214010,253241,1252],"class_list":["post-1063079","post","type-post","status-publish","format-standard","has-post-thumbnail","hentry","category-fashion","tag-amal-clooney","tag-blanco","tag-boda","tag-estilo","tag-moda","tag-otono-2025","tag-pantalones","tag-pantalones-palazzo","tag-ropa-de-novia","tag-tendencia"],"_links":{"self":[{"href":"https:\/\/dimensionturistica.com\/es\/wp-json\/wp\/v2\/posts\/1063079","targetHints":{"allow":["GET"]}}],"collection":[{"href":"https:\/\/dimensionturistica.com\/es\/wp-json\/wp\/v2\/posts"}],"about":[{"href":"https:\/\/dimensionturistica.com\/es\/wp-json\/wp\/v2\/types\/post"}],"author":[{"embeddable":true,"href":"https:\/\/dimensionturistica.com\/es\/wp-json\/wp\/v2\/users\/14"}],"replies":[{"embeddable":true,"href":"https:\/\/dimensionturistica.com\/es\/wp-json\/wp\/v2\/comments?post=1063079"}],"version-history":[{"count":1,"href":"https:\/\/dimensionturistica.com\/es\/wp-json\/wp\/v2\/posts\/1063079\/revisions"}],"predecessor-version":[{"id":1063081,"href":"https:\/\/dimensionturistica.com\/es\/wp-json\/wp\/v2\/posts\/1063079\/revisions\/1063081"}],"wp:featuredmedia":[{"embeddable":true,"href":"https:\/\/dimensionturistica.com\/es\/wp-json\/wp\/v2\/media\/1063080"}],"wp:attachment":[{"href":"https:\/\/dimensionturistica.com\/es\/wp-json\/wp\/v2\/media?parent=1063079"}],"wp:term":[{"taxonomy":"category","embeddable":true,"href":"https:\/\/dimensionturistica.com\/es\/wp-json\/wp\/v2\/categories?post=1063079"},{"taxonomy":"post_tag","embeddable":true,"href":"https:\/\/dimensionturistica.com\/es\/wp-json\/wp\/v2\/tags?post=1063079"}],"curies":[{"name":"wp","href":"https:\/\/api.w.org\/{rel}","templated":true}]}}