{"id":1063023,"date":"2025-10-18T20:21:40","date_gmt":"2025-10-18T20:21:40","guid":{"rendered":"https:\/\/dimensionturistica.com\/es\/?p=1063023"},"modified":"2025-10-18T20:21:40","modified_gmt":"2025-10-18T20:21:40","slug":"entre-historia-motores-y-turismo-zacatecas-vivio-la-final-de-la-carrera-panamericana","status":"publish","type":"post","link":"https:\/\/dimensionturistica.com\/es\/entre-historia-motores-y-turismo-zacatecas-vivio-la-final-de-la-carrera-panamericana\/","title":{"rendered":"Entre historia, motores y turismo: Zacatecas vivi\u00f3 la final de la Carrera Panamericana"},"content":{"rendered":"\n<figure class=\"wp-block-gallery has-nested-images columns-default is-cropped wp-block-gallery-1 is-layout-flex wp-block-gallery-is-layout-flex\">\n<figure class=\"wp-block-image size-large\"><img decoding=\"async\" width=\"500\" height=\"178\" data-id=\"1063025\" src=\"https:\/\/dimensionturistica.com\/es\/wp-content\/uploads\/2025\/10\/1ZACA-1.jpg\" alt=\"\" class=\"wp-image-1063025\" srcset=\"https:\/\/dimensionturistica.com\/es\/wp-content\/uploads\/2025\/10\/1ZACA-1.jpg 500w, https:\/\/dimensionturistica.com\/es\/wp-content\/uploads\/2025\/10\/1ZACA-1-300x107.jpg 300w\" sizes=\"(max-width: 500px) 100vw, 500px\" \/><\/figure>\n<\/figure>\n\n\n\n<p>En un escenario espl\u00e9ndido, al pie del cerro de La Bufa y ante miles de fan\u00e1ticos del automovilismo cl\u00e1sico y de rally, el piloto potosino Ricardo Cordero y su navegante Marco Hern\u00e1ndez conquistaron la final de la Carrera Panamericana 2025 en Zacatecas.<\/p>\n\n\n\n<figure class=\"wp-block-gallery has-nested-images columns-default is-cropped wp-block-gallery-2 is-layout-flex wp-block-gallery-is-layout-flex\">\n<figure class=\"wp-block-image size-large\"><img decoding=\"async\" width=\"500\" height=\"625\" data-id=\"1063029\" src=\"https:\/\/dimensionturistica.com\/es\/wp-content\/uploads\/2025\/10\/2ZACA.jpg\" alt=\"\" class=\"wp-image-1063029\" srcset=\"https:\/\/dimensionturistica.com\/es\/wp-content\/uploads\/2025\/10\/2ZACA.jpg 500w, https:\/\/dimensionturistica.com\/es\/wp-content\/uploads\/2025\/10\/2ZACA-240x300.jpg 240w\" sizes=\"(max-width: 500px) 100vw, 500px\" \/><\/figure>\n<\/figure>\n\n\n\n<p>En el marco del 75 aniversario de una de las competencias m\u00e1s prestigiosas del mundo, los espectadores disfrutaron de la llegada a Zacatecas de m\u00e1s de 80 equipos provenientes de distintos pa\u00edses y estados de la Rep\u00fablica, a bordo de sus impresionantes autom\u00f3viles.<\/p>\n\n\n\n<figure class=\"wp-block-gallery has-nested-images columns-default is-cropped wp-block-gallery-3 is-layout-flex wp-block-gallery-is-layout-flex\">\n<figure class=\"wp-block-image size-large\"><img decoding=\"async\" width=\"500\" height=\"375\" data-id=\"1063030\" src=\"https:\/\/dimensionturistica.com\/es\/wp-content\/uploads\/2025\/10\/3ZACA.jpg\" alt=\"\" class=\"wp-image-1063030\" srcset=\"https:\/\/dimensionturistica.com\/es\/wp-content\/uploads\/2025\/10\/3ZACA.jpg 500w, https:\/\/dimensionturistica.com\/es\/wp-content\/uploads\/2025\/10\/3ZACA-300x225.jpg 300w\" sizes=\"(max-width: 500px) 100vw, 500px\" \/><\/figure>\n<\/figure>\n\n\n\n<p>Miles de personas vivieron un ambiente de fiesta al presenciar el paso de los veh\u00edculos cl\u00e1sicos, que mantuvieron viva la esencia y emoci\u00f3n de la Carrera Panamericana. Este a\u00f1o, la competencia recorri\u00f3 once estados de la Rep\u00fablica, partiendo el 9 de octubre en Chiapas y concluyendo el 16 de octubre en Zacatecas.<\/p>\n\n\n\n<figure class=\"wp-block-gallery has-nested-images columns-default is-cropped wp-block-gallery-4 is-layout-flex wp-block-gallery-is-layout-flex\">\n<figure class=\"wp-block-image size-large\"><img decoding=\"async\" width=\"500\" height=\"666\" data-id=\"1063032\" src=\"https:\/\/dimensionturistica.com\/es\/wp-content\/uploads\/2025\/10\/4ZACA-1.jpg\" alt=\"\" class=\"wp-image-1063032\" srcset=\"https:\/\/dimensionturistica.com\/es\/wp-content\/uploads\/2025\/10\/4ZACA-1.jpg 500w, https:\/\/dimensionturistica.com\/es\/wp-content\/uploads\/2025\/10\/4ZACA-1-225x300.jpg 225w\" sizes=\"(max-width: 500px) 100vw, 500px\" \/><\/figure>\n<\/figure>\n\n\n\n<p>A bordo del Studebaker Champion 1954 \u201cEl Malditillo\u201d, con su victoria Ricardo Cordero alcanz\u00f3 siete t\u00edtulos e igual\u00f3 la marca del franc\u00e9s Pierre de Thoisy, mientras que su navegante, Marco Hern\u00e1ndez, extendi\u00f3 su reinado con ocho triunfos, consolid\u00e1ndose como una de las duplas m\u00e1s exitosas en la historia de esta competencia.<\/p>\n\n\n\n<figure class=\"wp-block-gallery has-nested-images columns-default is-cropped wp-block-gallery-5 is-layout-flex wp-block-gallery-is-layout-flex\">\n<figure class=\"wp-block-image size-large\"><img decoding=\"async\" width=\"500\" height=\"750\" data-id=\"1063034\" src=\"https:\/\/dimensionturistica.com\/es\/wp-content\/uploads\/2025\/10\/5ZACA.jpg\" alt=\"\" class=\"wp-image-1063034\" srcset=\"https:\/\/dimensionturistica.com\/es\/wp-content\/uploads\/2025\/10\/5ZACA.jpg 500w, https:\/\/dimensionturistica.com\/es\/wp-content\/uploads\/2025\/10\/5ZACA-200x300.jpg 200w\" sizes=\"(max-width: 500px) 100vw, 500px\" \/><\/figure>\n<\/figure>\n\n\n\n<p>Entre los participantes m\u00e1s esperados estuvieron las duplas zacatecanas Sergio M\u00e1rquez y Miguel Orozco, as\u00ed como Enrique L\u00f3pez de Lara y Alberto L\u00f3pez, del Chirringas Racing Team, quienes lograron completar los 4 mil 766 kil\u00f3metros de esta emblem\u00e1tica carrera con el respaldo de su gente.<\/p>\n\n\n\n<p>La ceremonia de premiaci\u00f3n se llev\u00f3 a cabo frente a la Catedral Bas\u00edlica de Zacatecas, encabezada por el gobernador David Monreal \u00c1vila, el secretario General de Gobierno, Rodrigo Reyes Mug\u00fcerza, y el secretario de Turismo, Le Roy Barrag\u00e1n Ocampo, quienes recibieron a los competidores y proyectaron a Zacatecas como un destino tur\u00edstico, cultural y deportivo de primer nivel.<\/p>\n\n\n\n<figure class=\"wp-block-gallery has-nested-images columns-default is-cropped wp-block-gallery-6 is-layout-flex wp-block-gallery-is-layout-flex\">\n<figure class=\"wp-block-image size-large\"><img decoding=\"async\" width=\"500\" height=\"333\" data-id=\"1063038\" src=\"https:\/\/dimensionturistica.com\/es\/wp-content\/uploads\/2025\/10\/6ZACA-1.jpg\" alt=\"\" class=\"wp-image-1063038\" srcset=\"https:\/\/dimensionturistica.com\/es\/wp-content\/uploads\/2025\/10\/6ZACA-1.jpg 500w, https:\/\/dimensionturistica.com\/es\/wp-content\/uploads\/2025\/10\/6ZACA-1-300x200.jpg 300w\" sizes=\"(max-width: 500px) 100vw, 500px\" \/><\/figure>\n<\/figure>\n\n\n\n<p>A trav\u00e9s de la transmisi\u00f3n oficial de la Carrera Panamericana, se lleg\u00f3 a una audiencia de casi 200 pa\u00edses, posicionando a Zacatecas como un referente del turismo y la hospitalidad, invitando a la comunidad nacional e internacioal a disfrutar de los diversos eventos llenos de color y emociones que ofrece el estado.<\/p>\n","protected":false},"excerpt":{"rendered":"<p>En un escenario espl\u00e9ndido, al pie del cerro de La Bufa y ante miles de fan\u00e1ticos del automovilismo cl\u00e1sico y de rally, el piloto potosino Ricardo Cordero y su navegante Marco Hern\u00e1ndez conquistaron la final de la Carrera Panamericana 2025 en Zacatecas. En el marco del 75 aniversario de una de las competencias m\u00e1s prestigiosas [&hellip;]<\/p>\n","protected":false},"author":1,"featured_media":0,"comment_status":"open","ping_status":"closed","sticky":false,"template":"","format":"standard","meta":{"om_disable_all_campaigns":false,"jnews-multi-image_gallery":[],"jnews_single_post":[],"jnews_primary_category":[],"jnews_social_meta":[],"footnotes":""},"categories":[39],"tags":[],"class_list":["post-1063023","post","type-post","status-publish","format-standard","hentry","category-viajes"],"_links":{"self":[{"href":"https:\/\/dimensionturistica.com\/es\/wp-json\/wp\/v2\/posts\/1063023","targetHints":{"allow":["GET"]}}],"collection":[{"href":"https:\/\/dimensionturistica.com\/es\/wp-json\/wp\/v2\/posts"}],"about":[{"href":"https:\/\/dimensionturistica.com\/es\/wp-json\/wp\/v2\/types\/post"}],"author":[{"embeddable":true,"href":"https:\/\/dimensionturistica.com\/es\/wp-json\/wp\/v2\/users\/1"}],"replies":[{"embeddable":true,"href":"https:\/\/dimensionturistica.com\/es\/wp-json\/wp\/v2\/comments?post=1063023"}],"version-history":[{"count":1,"href":"https:\/\/dimensionturistica.com\/es\/wp-json\/wp\/v2\/posts\/1063023\/revisions"}],"predecessor-version":[{"id":1063039,"href":"https:\/\/dimensionturistica.com\/es\/wp-json\/wp\/v2\/posts\/1063023\/revisions\/1063039"}],"wp:attachment":[{"href":"https:\/\/dimensionturistica.com\/es\/wp-json\/wp\/v2\/media?parent=1063023"}],"wp:term":[{"taxonomy":"category","embeddable":true,"href":"https:\/\/dimensionturistica.com\/es\/wp-json\/wp\/v2\/categories?post=1063023"},{"taxonomy":"post_tag","embeddable":true,"href":"https:\/\/dimensionturistica.com\/es\/wp-json\/wp\/v2\/tags?post=1063023"}],"curies":[{"name":"wp","href":"https:\/\/api.w.org\/{rel}","templated":true}]}}