{"id":1062817,"date":"2025-10-18T05:37:09","date_gmt":"2025-10-18T05:37:09","guid":{"rendered":"https:\/\/dimensionturistica.com\/es\/?p=1062817"},"modified":"2025-10-18T05:37:09","modified_gmt":"2025-10-18T05:37:09","slug":"el-regreso-de-los-zapatos-planos-estilo-frances-de-los-70-adornados-con-un-lazo-pequeno-perfectos-para-lucir-en-otono-2025","status":"publish","type":"post","link":"https:\/\/dimensionturistica.com\/es\/el-regreso-de-los-zapatos-planos-estilo-frances-de-los-70-adornados-con-un-lazo-pequeno-perfectos-para-lucir-en-otono-2025\/","title":{"rendered":"El regreso de los zapatos planos estilo franc\u00e9s de los 70, adornados con un lazo peque\u00f1o, perfectos para lucir en oto\u00f1o 2025."},"content":{"rendered":"<h3>El Estilo Atemporal de Jane Birkin: Zapatos Planos Franceses en Oto\u00f1o 2025<\/h3>\n<p>El oto\u00f1o se asoma t\u00edmidamente, y con \u00e9l, una oportunidad dorada para reinventar los looks de entretiempo. Este a\u00f1o, los zapatos planos franceses resplandecen en el escenario de la moda, evocando el inconfundible estilo de iconos como Jane Birkin. \u00bfC\u00f3mo integrar esta tendencia al guardarropa actual? Aqu\u00ed te lo contamos.<\/p>\n<h4>El Retoque Vintage que Encanta<\/h4>\n<p>Los zapatos planos franceses no son simplemente una opci\u00f3n de comodidad; son una declaraci\u00f3n de estilo. Este calzado, caracterizado por su elegancia discreta y su dise\u00f1o chic, es perfecto para quienes aprecian la fusi\u00f3n entre lo cl\u00e1sico y lo moderno. Durante esta temporada, florecen en versiones de materiales como el cuero y la gamuza, ofreciendo no solo est\u00e9tico, sino tambi\u00e9n un toque de sofisticaci\u00f3n.<\/p>\n<h4>Combina con Prendas Clave<\/h4>\n<p>Para capturar la esencia del looks de Birkin, combina estos zapatos con una variedad de prendas que marquen la diferencia. Las faldas midi de corte A son el complemento ideal, creando un balance perfecto entre sofisticaci\u00f3n y comodidad. Opta por colores oto\u00f1ales, como el burdeos o el verde militar, y a\u00f1ade una blusa de seda que aporte un toque de fluides.<\/p>\n<p><strong>Tip de moda:<\/strong> No temas explorar estampados sutiles. Un ligero print floral o un dise\u00f1o de rayas puede elevar tu outfit, d\u00e1ndole un aire rom\u00e1ntico al estilo franc\u00e9s.<\/p>\n<h4>Capa sobre Capa: La Magia de los Abrigos<\/h4>\n<p>En los d\u00edas m\u00e1s fr\u00edos, el abrigo se convierte en el compa\u00f1ero inseparable. Los abrigos de corte cl\u00e1sico, ya sean en tonos neutros o en colores m\u00e1s atrevidos, son la elecci\u00f3n perfecta para complementar los zapatos. Adem\u00e1s, las chaquetas oversized, que imponen su presencia, a\u00f1aden un aspecto desenfadado al conjunto.<\/p>\n<p>Si deseas un estilo a\u00fan m\u00e1s distintivo, los chalecos largos en combinaci\u00f3n con blusas de manga larga son la tendencia que est\u00e1s buscando. Este layering te permitir\u00e1 estar a la moda mientras mantienes la funcionalidad ante las bajas temperaturas.<\/p>\n<h4>Accesorios que Hacen la Diferencia<\/h4>\n<p>\u00bfY qu\u00e9 ser\u00eda de un look sin accesorios? Una bufanda ligera y un bolso de brazos aportan un toque de personalidad al conjunto. Los pendientes delicados o las pulseras minimalistas son el acabado perfecto para mantener el foco en los zapatos planos, esos que logran robar miradas sin esfuerzo.<\/p>\n<h3>Un Look para Cada Ocasi\u00f3n<\/h3>\n<p>Ya sea para un d\u00eda casual en la ciudad o una cita, los zapatos planos franceses se adaptan a cada escenario. Comb\u00ednalos con jeans de tiro alto y una camiseta b\u00e1sica para un look effortless, o elige pantalones de cuero que agreguen un acento moderno a tu outfit.<\/p>\n<h4>La Sostenibilidad como Pionera<\/h4>\n<p>Adoptar esta tendencia tambi\u00e9n implica un compromiso con la sostenibilidad. Optar por marcas que priorizan los procesos \u00e9ticos y responsables en su fabricaci\u00f3n puede hacer la diferencia. As\u00ed, cada paso que des sea con estilo y conciencia.<\/p>\n<h3>Conclusi\u00f3n: La Nueva Elegancia<\/h3>\n<p>Este oto\u00f1o 2025, deja que los zapatos planos franceses sean el punto focal de tu guardarropa. Inspirados por el estilo distintivo de Jane Birkin, incorporarlos no solo es una cuesti\u00f3n de est\u00e9tica, sino tambi\u00e9n una celebraci\u00f3n de la moda que respeta la historia mientras mira hacia el futuro. El momento de brillar es ahora; \u00a1haz de cada paso uno memorable!<\/p>\n<p><em> &#8221; Fuentes www.vogue.mx &#8221; <\/em><\/p>\n","protected":false},"excerpt":{"rendered":"<p>El Estilo Atemporal de Jane Birkin: Zapatos Planos Franceses en Oto\u00f1o 2025 El oto\u00f1o se asoma t\u00edmidamente, y con \u00e9l, una oportunidad dorada para reinventar los looks de entretiempo. Este a\u00f1o, los zapatos planos franceses resplandecen en el escenario de la moda, evocando el inconfundible estilo de iconos como Jane Birkin. \u00bfC\u00f3mo integrar esta tendencia [&hellip;]<\/p>\n","protected":false},"author":14,"featured_media":1062818,"comment_status":"open","ping_status":"closed","sticky":false,"template":"","format":"standard","meta":{"om_disable_all_campaigns":false,"jnews-multi-image_gallery":[],"jnews_single_post":[],"jnews_primary_category":[],"jnews_social_meta":[],"footnotes":""},"categories":[144872],"tags":[207929,40458,206176,45750,253174,659,191169,203269,1252,16753,192847,200991],"class_list":["post-1062817","post","type-post","status-publish","format-standard","has-post-thumbnail","hentry","category-fashion","tag-anos-70","tag-calzado","tag-estilo-retro","tag-franceses","tag-mini-lazo","tag-moda","tag-otono-2025","tag-otono-invierno-2025","tag-tendencia","tag-zapatos","tag-zapatos-planos","tag-zapatos-tacon-bajo"],"_links":{"self":[{"href":"https:\/\/dimensionturistica.com\/es\/wp-json\/wp\/v2\/posts\/1062817","targetHints":{"allow":["GET"]}}],"collection":[{"href":"https:\/\/dimensionturistica.com\/es\/wp-json\/wp\/v2\/posts"}],"about":[{"href":"https:\/\/dimensionturistica.com\/es\/wp-json\/wp\/v2\/types\/post"}],"author":[{"embeddable":true,"href":"https:\/\/dimensionturistica.com\/es\/wp-json\/wp\/v2\/users\/14"}],"replies":[{"embeddable":true,"href":"https:\/\/dimensionturistica.com\/es\/wp-json\/wp\/v2\/comments?post=1062817"}],"version-history":[{"count":1,"href":"https:\/\/dimensionturistica.com\/es\/wp-json\/wp\/v2\/posts\/1062817\/revisions"}],"predecessor-version":[{"id":1062819,"href":"https:\/\/dimensionturistica.com\/es\/wp-json\/wp\/v2\/posts\/1062817\/revisions\/1062819"}],"wp:featuredmedia":[{"embeddable":true,"href":"https:\/\/dimensionturistica.com\/es\/wp-json\/wp\/v2\/media\/1062818"}],"wp:attachment":[{"href":"https:\/\/dimensionturistica.com\/es\/wp-json\/wp\/v2\/media?parent=1062817"}],"wp:term":[{"taxonomy":"category","embeddable":true,"href":"https:\/\/dimensionturistica.com\/es\/wp-json\/wp\/v2\/categories?post=1062817"},{"taxonomy":"post_tag","embeddable":true,"href":"https:\/\/dimensionturistica.com\/es\/wp-json\/wp\/v2\/tags?post=1062817"}],"curies":[{"name":"wp","href":"https:\/\/api.w.org\/{rel}","templated":true}]}}