{"id":1062755,"date":"2025-10-18T01:54:45","date_gmt":"2025-10-18T01:54:45","guid":{"rendered":"https:\/\/dimensionturistica.com\/es\/?p=1062755"},"modified":"2025-10-18T01:54:45","modified_gmt":"2025-10-18T01:54:45","slug":"valeriana-o-melatonina-cual-es-la-mejor-opcion-para-mejorar-tu-sueno","status":"publish","type":"post","link":"https:\/\/dimensionturistica.com\/es\/valeriana-o-melatonina-cual-es-la-mejor-opcion-para-mejorar-tu-sueno\/","title":{"rendered":"\u00bfValeriana o melatonina? \u00bfCu\u00e1l es la mejor opci\u00f3n para mejorar tu sue\u00f1o?"},"content":{"rendered":"<h3>Dormir Mejor: La Batalla entre Valeriana y Melatonina<\/h3>\n<p>En la actual era del insomnio y el ritmo fren\u00e9tico, el sue\u00f1o se ha convertido en uno de los apartados m\u00e1s cr\u00edticos de nuestra salud y bienestar. En este contexto, alternativas naturales como la valeriana y la melatonina est\u00e1n ganando popularidad en la b\u00fasqueda de un descanso reparador. Pero, \u00bfcu\u00e1l de estas opciones es la m\u00e1s efectiva?<\/p>\n<h4>La Valeriana: Un Aliado Natural<\/h4>\n<p>La valeriana, conocida desde la antig\u00fcedad por sus propiedades relajantes, se ha utilizado tradicionalmente para combatir problemas de sue\u00f1o. Su efecto se atribuye a su capacidad para aumentar los niveles de \u00e1cido gamma-aminobut\u00edrico (GABA) en el cerebro, un neurotransmisor que induce la calma y la relajaci\u00f3n. Muchos consideran este enfoque herbal como una opci\u00f3n menos invasiva y m\u00e1s equilibrada para quienes buscan un sue\u00f1o reparador.<\/p>\n<h4>La Melatonina: La Hormona del Sue\u00f1o<\/h4>\n<p>Por otro lado, la melatonina es una hormona que regula el ciclo de sue\u00f1o-vigilia. Se produce de manera natural en el cuerpo, y est\u00e1 disponible en forma de suplemento, siendo esto lo que ha atra\u00eddo la atenci\u00f3n de muchos. Ayuda a sincronizar los ritmos biol\u00f3gicos y es especialmente apreciada por los viajeros frecuentes que cruzan zonas horarias y tienen problemas para adaptarse.<\/p>\n<h4>\u00bfCu\u00e1l Elegir?<\/h4>\n<p>La elecci\u00f3n entre valeriana y melatonina puede depender de varios factores individuales, como la causa del insomnio, la edad y el estilo de vida. La valeriana puede ser m\u00e1s adecuada para quienes sufren de ansiedad y estr\u00e9s, mientras que la melatonina es ideal para regular ciclos de sue\u00f1o alterados. Algunos expertos sugieren incluso combinarlas para obtener beneficios de ambas.<\/p>\n<h4>Consideraciones Importantes<\/h4>\n<p>Es fundamental considerar que cada organismo responde de manera diferente a los suplementos. Adem\u00e1s, se recomienda consultar a un profesional de la salud antes de iniciar cualquier tratamiento. A pesar de ser naturales, tanto la valeriana como la melatonina pueden tener efectos secundarios, especialmente si se combinan con otros medicamentos.<\/p>\n<h4>Un Sue\u00f1o de Calidad como Estilo de Vida<\/h4>\n<p>Vislumbrar un refugio en la naturaleza (como el uso de valeriana) o contar con una soluci\u00f3n m\u00e1s directa (como la melatonina) puede cambiar la experiencia nocturna de muchas personas. La tendencia hacia un estilo de vida hol\u00edstico y saludable subraya la importancia de cuidar no solo la piel o la vestimenta, sino tambi\u00e9n la calidad del sue\u00f1o.<\/p>\n<p>En un mundo donde el bienestar es un valor fundamental, encontrar el equilibrio entre mente y cuerpo es m\u00e1s relevante que nunca. La investigaci\u00f3n sobre estas alternativas contin\u00faa, y la b\u00fasqueda por el sue\u00f1o perfecto no parece tener final. <\/p>\n<p>No pierdas la oportunidad de explorar lo que la naturaleza y la ciencia pueden ofrecer en tu camino hacia un descanso profundo y reparador. Al final del d\u00eda, un buen sue\u00f1o es el mejor accesorio que puedes llevar.<\/p>\n<p><em> &#8221; Fuentes www.vogue.mx &#8221; <\/em><\/p>\n","protected":false},"excerpt":{"rendered":"<p>Dormir Mejor: La Batalla entre Valeriana y Melatonina En la actual era del insomnio y el ritmo fren\u00e9tico, el sue\u00f1o se ha convertido en uno de los apartados m\u00e1s cr\u00edticos de nuestra salud y bienestar. En este contexto, alternativas naturales como la valeriana y la melatonina est\u00e1n ganando popularidad en la b\u00fasqueda de un descanso [&hellip;]<\/p>\n","protected":false},"author":14,"featured_media":1062756,"comment_status":"open","ping_status":"closed","sticky":false,"template":"","format":"standard","meta":{"om_disable_all_campaigns":false,"jnews-multi-image_gallery":[],"jnews_single_post":[],"jnews_primary_category":[],"jnews_social_meta":[],"footnotes":""},"categories":[144872],"tags":[9899,134966,10875,34141,73516,43891,649,9799,203338,43895,209],"class_list":["post-1062755","post","type-post","status-publish","format-standard","has-post-thumbnail","hentry","category-fashion","tag-bienestar","tag-calidad-del-sueno","tag-descanso","tag-insomnio","tag-melatonina","tag-remedios-naturales","tag-salud","tag-sueno","tag-suplementacion","tag-valeriana","tag-wellness"],"_links":{"self":[{"href":"https:\/\/dimensionturistica.com\/es\/wp-json\/wp\/v2\/posts\/1062755","targetHints":{"allow":["GET"]}}],"collection":[{"href":"https:\/\/dimensionturistica.com\/es\/wp-json\/wp\/v2\/posts"}],"about":[{"href":"https:\/\/dimensionturistica.com\/es\/wp-json\/wp\/v2\/types\/post"}],"author":[{"embeddable":true,"href":"https:\/\/dimensionturistica.com\/es\/wp-json\/wp\/v2\/users\/14"}],"replies":[{"embeddable":true,"href":"https:\/\/dimensionturistica.com\/es\/wp-json\/wp\/v2\/comments?post=1062755"}],"version-history":[{"count":1,"href":"https:\/\/dimensionturistica.com\/es\/wp-json\/wp\/v2\/posts\/1062755\/revisions"}],"predecessor-version":[{"id":1062757,"href":"https:\/\/dimensionturistica.com\/es\/wp-json\/wp\/v2\/posts\/1062755\/revisions\/1062757"}],"wp:featuredmedia":[{"embeddable":true,"href":"https:\/\/dimensionturistica.com\/es\/wp-json\/wp\/v2\/media\/1062756"}],"wp:attachment":[{"href":"https:\/\/dimensionturistica.com\/es\/wp-json\/wp\/v2\/media?parent=1062755"}],"wp:term":[{"taxonomy":"category","embeddable":true,"href":"https:\/\/dimensionturistica.com\/es\/wp-json\/wp\/v2\/categories?post=1062755"},{"taxonomy":"post_tag","embeddable":true,"href":"https:\/\/dimensionturistica.com\/es\/wp-json\/wp\/v2\/tags?post=1062755"}],"curies":[{"name":"wp","href":"https:\/\/api.w.org\/{rel}","templated":true}]}}