{"id":1062684,"date":"2025-10-17T22:29:56","date_gmt":"2025-10-17T22:29:56","guid":{"rendered":"https:\/\/dimensionturistica.com\/es\/?p=1062684"},"modified":"2025-10-17T22:29:56","modified_gmt":"2025-10-17T22:29:56","slug":"1062684-2","status":"publish","type":"post","link":"https:\/\/dimensionturistica.com\/es\/1062684-2\/","title":{"rendered":""},"content":{"rendered":"\n<h5 class=\"wp-block-heading\"><strong><strong>Morelos se consolida como destino sostenible <\/strong><\/strong><\/h5>\n\n\n\n<figure class=\"wp-block-gallery has-nested-images columns-default is-cropped wp-block-gallery-1 is-layout-flex wp-block-gallery-is-layout-flex\">\n<figure class=\"wp-block-image size-large\"><img decoding=\"async\" width=\"500\" height=\"139\" data-id=\"1062685\" src=\"https:\/\/dimensionturistica.com\/es\/wp-content\/uploads\/2025\/10\/6MOR.jpg\" alt=\"\" class=\"wp-image-1062685\" srcset=\"https:\/\/dimensionturistica.com\/es\/wp-content\/uploads\/2025\/10\/6MOR.jpg 500w, https:\/\/dimensionturistica.com\/es\/wp-content\/uploads\/2025\/10\/6MOR-300x83.jpg 300w\" sizes=\"(max-width: 500px) 100vw, 500px\" \/><\/figure>\n<\/figure>\n\n\n\n<h5 class=\"wp-block-heading\"><strong><em><strong><em>Morelos se ha convertido en un referente nacional como destino sostenible, con acciones que equilibran el desarrollo econ\u00f3mico con la protecci\u00f3n ambiental, la inclusi\u00f3n social y la preservaci\u00f3n cultural.<\/em><\/strong><\/em><\/strong><strong><em><strong><em><\/em><\/strong><\/em><\/strong><\/h5>\n\n\n\n<figure class=\"wp-block-gallery has-nested-images columns-default is-cropped wp-block-gallery-2 is-layout-flex wp-block-gallery-is-layout-flex\">\n<figure class=\"wp-block-image size-large\"><img decoding=\"async\" width=\"500\" height=\"658\" data-id=\"1062686\" src=\"https:\/\/dimensionturistica.com\/es\/wp-content\/uploads\/2025\/10\/1MOR.jpg\" alt=\"\" class=\"wp-image-1062686\" srcset=\"https:\/\/dimensionturistica.com\/es\/wp-content\/uploads\/2025\/10\/1MOR.jpg 500w, https:\/\/dimensionturistica.com\/es\/wp-content\/uploads\/2025\/10\/1MOR-228x300.jpg 228w\" sizes=\"(max-width: 500px) 100vw, 500px\" \/><\/figure>\n<\/figure>\n\n\n\n<h5 class=\"wp-block-heading\"><strong><em><strong><em>El secretario de Turismo de la entidad, Daniel Altafi Valladares, destac\u00f3 que \u201cel clima inigualable, la diversidad de ecosistemas y la riqueza cultural convierten a Morelos en un laboratorio vivo para el turismo responsable, que ha comenzado a dar forma a un modelo que coloca a la ciudadan\u00eda en el centro del beneficio y a la sostenibilidad como eje de largo plazo\u201d.<\/em><\/strong><\/em><\/strong><strong><em><strong><em><\/em><\/strong><\/em><\/strong><\/h5>\n\n\n\n<h5 class=\"wp-block-heading\"><strong><em><strong><em>Explic\u00f3 que sus Pueblos M\u00e1gicos como Tepoztl\u00e1n, epicentro del turismo de salud y bienestar, ofrece experiencias que van desde el ascenso al Tepozteco hasta retiros hol\u00edsticos y posadas boutique. Tlayacapan, con su herencia artesanal del barro, la cerer\u00eda y su arquitectura colonial y festividades populares, lo ubican como un referente cultural. Tlaltizap\u00e1n de Zapata que cuenta con manantiales y balnearios que invitan al descanso familiar, y Xochitepec ofrece a los visitantes encantos como la zona arqueol\u00f3gica de Xochicalco, nombrada Patrimonio Mundial por la UNESCO.<\/em><\/strong><\/em><\/strong><strong><em><strong><em><\/em><\/strong><\/em><\/strong><\/h5>\n\n\n\n<h5 class=\"wp-block-heading\"><strong><em><strong><em>El estado tambi\u00e9n cuenta con iniciativas comunitarias y proyectos innovadores que refuerzan la visi\u00f3n de sostenibilidad. Amatl\u00e1n, Cuentepec y Xochicalco ofrecen recorridos sostenibles bajo el liderazgo de gu\u00edas locales. En Piedra Rajada, una sociedad de mujeres ind\u00edgenas ha transformado su comunidad a trav\u00e9s del turismo rural, ofreciendo caba\u00f1as, senderismo y actividades recreativas que generan ingresos directos y fortalecen el tejido social.<\/em><\/strong><\/em><\/strong><strong><em><strong><em><\/em><\/strong><\/em><\/strong><\/h5>\n\n\n\n<h5 class=\"wp-block-heading\"><strong><em><strong><em>El agroturismo vincula a visitantes con actividades agr\u00edcolas y la compra de artesan\u00edas locales, fomentando cadenas de valor. En zonas arqueol\u00f3gicas se implementan sistemas de energ\u00edas renovables, como iluminaci\u00f3n sostenible y captaci\u00f3n de aguas pluviales, que anticipan un modelo resiliente y responsable.<\/em><\/strong><\/em><\/strong><strong><em><strong><em><\/em><\/strong><\/em><\/strong><\/h5>\n\n\n\n<figure class=\"wp-block-gallery has-nested-images columns-default is-cropped wp-block-gallery-3 is-layout-flex wp-block-gallery-is-layout-flex\">\n<figure class=\"wp-block-image size-large\"><img decoding=\"async\" width=\"500\" height=\"656\" data-id=\"1062687\" src=\"https:\/\/dimensionturistica.com\/es\/wp-content\/uploads\/2025\/10\/2MOR.jpg\" alt=\"\" class=\"wp-image-1062687\" srcset=\"https:\/\/dimensionturistica.com\/es\/wp-content\/uploads\/2025\/10\/2MOR.jpg 500w, https:\/\/dimensionturistica.com\/es\/wp-content\/uploads\/2025\/10\/2MOR-229x300.jpg 229w\" sizes=\"(max-width: 500px) 100vw, 500px\" \/><\/figure>\n<\/figure>\n\n\n\n<h5 class=\"wp-block-heading\"><strong><em><strong><em>Morelos ocupa el segundo lugar a nivel pa\u00eds en turismo de salud y bienestar, sus manantiales, spas naturales, retiros espirituales y experiencias de sanaci\u00f3n convierten al estado en el gran referente de descanso, equilibrio y renovaci\u00f3n, un producto tur\u00edstico que complementa la oferta nacional y responde a las nuevas tendencias de viaje.<\/em><\/strong><\/em><\/strong><strong><em><strong><em><\/em><\/strong><\/em><\/strong><\/h5>\n\n\n\n<figure class=\"wp-block-gallery has-nested-images columns-default is-cropped wp-block-gallery-4 is-layout-flex wp-block-gallery-is-layout-flex\">\n<figure class=\"wp-block-image size-large\"><img decoding=\"async\" width=\"487\" height=\"287\" data-id=\"1062688\" src=\"https:\/\/dimensionturistica.com\/es\/wp-content\/uploads\/2025\/10\/4MOR.jpg\" alt=\"\" class=\"wp-image-1062688\" srcset=\"https:\/\/dimensionturistica.com\/es\/wp-content\/uploads\/2025\/10\/4MOR.jpg 487w, https:\/\/dimensionturistica.com\/es\/wp-content\/uploads\/2025\/10\/4MOR-300x177.jpg 300w\" sizes=\"(max-width: 487px) 100vw, 487px\" \/><\/figure>\n<\/figure>\n\n\n\n<h5 class=\"wp-block-heading\"><strong><em><strong><em>En un escenario donde la masificaci\u00f3n, la p\u00e9rdida de tradiciones y el deterioro ambiental amenazan la sostenibilidad global del sector, Morelos, la primavera de M\u00e9xico env\u00eda una se\u00f1al clara: es posible construir un modelo tur\u00edstico competitivo y responsable.<\/em><\/strong><\/em><\/strong><strong><em><strong><em><\/em><\/strong><\/em><\/strong><\/h5>\n\n\n\n<h5 class=\"wp-block-heading\"><strong><em><strong><em>&nbsp;<\/em><\/strong><\/em><\/strong><strong><em><strong><em><\/em><\/strong><\/em><\/strong><\/h5>\n","protected":false},"excerpt":{"rendered":"<p>Morelos se consolida como destino sostenible Morelos se ha convertido en un referente nacional como destino sostenible, con acciones que equilibran el desarrollo econ\u00f3mico con la protecci\u00f3n ambiental, la inclusi\u00f3n social y la preservaci\u00f3n cultural. El secretario de Turismo de la entidad, Daniel Altafi Valladares, destac\u00f3 que \u201cel clima inigualable, la diversidad de ecosistemas y [&hellip;]<\/p>\n","protected":false},"author":1,"featured_media":0,"comment_status":"open","ping_status":"closed","sticky":false,"template":"","format":"standard","meta":{"om_disable_all_campaigns":false,"jnews-multi-image_gallery":[],"jnews_single_post":[],"jnews_primary_category":[],"jnews_social_meta":[],"footnotes":""},"categories":[39],"tags":[],"class_list":["post-1062684","post","type-post","status-publish","format-standard","hentry","category-viajes"],"_links":{"self":[{"href":"https:\/\/dimensionturistica.com\/es\/wp-json\/wp\/v2\/posts\/1062684","targetHints":{"allow":["GET"]}}],"collection":[{"href":"https:\/\/dimensionturistica.com\/es\/wp-json\/wp\/v2\/posts"}],"about":[{"href":"https:\/\/dimensionturistica.com\/es\/wp-json\/wp\/v2\/types\/post"}],"author":[{"embeddable":true,"href":"https:\/\/dimensionturistica.com\/es\/wp-json\/wp\/v2\/users\/1"}],"replies":[{"embeddable":true,"href":"https:\/\/dimensionturistica.com\/es\/wp-json\/wp\/v2\/comments?post=1062684"}],"version-history":[{"count":1,"href":"https:\/\/dimensionturistica.com\/es\/wp-json\/wp\/v2\/posts\/1062684\/revisions"}],"predecessor-version":[{"id":1062689,"href":"https:\/\/dimensionturistica.com\/es\/wp-json\/wp\/v2\/posts\/1062684\/revisions\/1062689"}],"wp:attachment":[{"href":"https:\/\/dimensionturistica.com\/es\/wp-json\/wp\/v2\/media?parent=1062684"}],"wp:term":[{"taxonomy":"category","embeddable":true,"href":"https:\/\/dimensionturistica.com\/es\/wp-json\/wp\/v2\/categories?post=1062684"},{"taxonomy":"post_tag","embeddable":true,"href":"https:\/\/dimensionturistica.com\/es\/wp-json\/wp\/v2\/tags?post=1062684"}],"curies":[{"name":"wp","href":"https:\/\/api.w.org\/{rel}","templated":true}]}}