{"id":1062571,"date":"2025-10-17T20:46:47","date_gmt":"2025-10-17T20:46:47","guid":{"rendered":"https:\/\/dimensionturistica.com\/es\/?p=1062571"},"modified":"2025-10-17T20:46:47","modified_gmt":"2025-10-17T20:46:47","slug":"grupo-helvex-y-el-consejo-consultivo-del-agua-impulsan-la-nueva-economia-hidrica-a-traves-del-encuentro-del-agua-2025","status":"publish","type":"post","link":"https:\/\/dimensionturistica.com\/es\/grupo-helvex-y-el-consejo-consultivo-del-agua-impulsan-la-nueva-economia-hidrica-a-traves-del-encuentro-del-agua-2025\/","title":{"rendered":"Grupo Helvex y el Consejo Consultivo del Agua impulsan la nueva econom\u00eda h\u00eddrica a trav\u00e9s del \u201cEncuentro del Agua 2025\u201d"},"content":{"rendered":"\n<figure class=\"wp-block-gallery has-nested-images columns-default is-cropped wp-block-gallery-1 is-layout-flex wp-block-gallery-is-layout-flex\">\n<figure class=\"wp-block-image size-large\"><img decoding=\"async\" width=\"450\" height=\"234\" data-id=\"1062584\" src=\"https:\/\/dimensionturistica.com\/es\/wp-content\/uploads\/2025\/10\/11HELVEX.jpg\" alt=\"\" class=\"wp-image-1062584\" srcset=\"https:\/\/dimensionturistica.com\/es\/wp-content\/uploads\/2025\/10\/11HELVEX.jpg 450w, https:\/\/dimensionturistica.com\/es\/wp-content\/uploads\/2025\/10\/11HELVEX-300x156.jpg 300w\" sizes=\"(max-width: 450px) 100vw, 450px\" \/><\/figure>\n<\/figure>\n\n\n\n<h4 class=\"wp-block-heading\"><em>En un momento hist\u00f3rico para la gesti\u00f3n h\u00eddrica del pa\u00eds, derivado de la iniciativa para expedir la nueva Ley General de Aguas y la reforma a la Ley de Aguas Nacionales, Grupo Helvex, una de las empresas mexicanas m\u00e1s importantes en la industria de la construcci\u00f3n, que celebra este a\u00f1o su 75 aniversario, y el Consejo Consultivo del Agua (CCA), organismo l\u00edder en el an\u00e1lisis y propuestas sobre gesti\u00f3n h\u00eddrica, realizaron la segunda edici\u00f3n del Encuentro del Agua, bajo el tema \u201cHacia una econom\u00eda del agua: sostenibilidad, inversi\u00f3n y competitividad\u201d.<\/em><em><\/em><\/h4>\n\n\n\n<h4 class=\"wp-block-heading\"><em>El evento reuni\u00f3 a l\u00edderes empresariales, representantes del gobierno, academia, organismos internacionales y sociedad civil, con el prop\u00f3sito de analizar el contexto y escenarios sobre el futuro del agua en M\u00e9xico.<\/em><em><\/em><\/h4>\n\n\n\n<figure class=\"wp-block-gallery has-nested-images columns-default is-cropped wp-block-gallery-2 is-layout-flex wp-block-gallery-is-layout-flex\">\n<figure class=\"wp-block-image size-large\"><img decoding=\"async\" width=\"500\" height=\"333\" data-id=\"1062604\" src=\"https:\/\/dimensionturistica.com\/es\/wp-content\/uploads\/2025\/10\/1HELVEX.jpg\" alt=\"\" class=\"wp-image-1062604\" srcset=\"https:\/\/dimensionturistica.com\/es\/wp-content\/uploads\/2025\/10\/1HELVEX.jpg 500w, https:\/\/dimensionturistica.com\/es\/wp-content\/uploads\/2025\/10\/1HELVEX-300x200.jpg 300w\" sizes=\"(max-width: 500px) 100vw, 500px\" \/><\/figure>\n<\/figure>\n\n\n\n<h4 class=\"wp-block-heading\"><em>El panel, moderado por el Presidente del CCA, Ra\u00fal Rodr\u00edguez, cont\u00f3 con la participaci\u00f3n del Director de Evaluaci\u00f3n de Programas y Proyectos en la Coordinaci\u00f3n del Acuerdo Nacional por el Derecho Humano al Agua y la Sustentabilidad de la Comisi\u00f3n Nacional del Agua (CONAGUA), Lic. Federico Pe\u00f1a; el Subdirector General Jur\u00eddico de la CONAGUA, \u00d3scar Zavala; la Directora General del Instituto Mexicano de Tecnolog\u00eda del Agua (IMTA), Patricia Herrera-Ascencio; el Especialista Senior en Agua y Saneamiento para Am\u00e9rica Latina y el Caribe del Banco Mundial, Jean-Martin Brault, y la Coordinadora Polit\u00e9cnica para la Sustentabilidad del Instituto Polit\u00e9cnico Nacional (IPN), Mildred Castro Hern\u00e1ndez.<\/em><em><\/em><\/h4>\n\n\n\n<p><\/p>\n\n\n\n<h4 class=\"wp-block-heading\"><em>En su mensaje de bienvenida, Gilberto Alcaraz Orozco, Director de Asuntos Corporativos de Grupo Helvex, destac\u00f3 el trabajo y compromiso que la empresa ha mantenido por m\u00e1s de siete d\u00e9cadas con el desarrollo econ\u00f3mico sostenible de M\u00e9xico. \u201cEste 2025 celebramos 75 a\u00f1os de impulsar la innovaci\u00f3n y la sustentabilidad dentro de la industria, donde el uso eficiente y responsable del agua ha sido uno de los mayores principios rectores de nuestro trabajo\u201d.<\/em><em><\/em><\/h4>\n\n\n\n<figure class=\"wp-block-gallery has-nested-images columns-default is-cropped wp-block-gallery-3 is-layout-flex wp-block-gallery-is-layout-flex\">\n<figure class=\"wp-block-image size-large\"><img decoding=\"async\" width=\"500\" height=\"281\" data-id=\"1062607\" src=\"https:\/\/dimensionturistica.com\/es\/wp-content\/uploads\/2025\/10\/3HELVEX.jpg\" alt=\"\" class=\"wp-image-1062607\" srcset=\"https:\/\/dimensionturistica.com\/es\/wp-content\/uploads\/2025\/10\/3HELVEX.jpg 500w, https:\/\/dimensionturistica.com\/es\/wp-content\/uploads\/2025\/10\/3HELVEX-300x169.jpg 300w\" sizes=\"(max-width: 500px) 100vw, 500px\" \/><\/figure>\n<\/figure>\n\n\n\n<h4 class=\"wp-block-heading\"><em>Alcaraz Orozco a\u00f1adi\u00f3 que \u201cel prop\u00f3sito del Encuentro del Agua es abrir un espacio de di\u00e1logo multisectorial que permita compartir diagn\u00f3sticos, propuestas y soluciones frente a los grandes retos h\u00eddricos que enfrenta M\u00e9xico, lo cual s\u00f3lo se lograr\u00e1 a trav\u00e9s de la suma de voluntades entre autoridades, sociedad civil, academia e iniciativa privada\u201d.<\/em><em><\/em><\/h4>\n\n\n\n<h4 class=\"wp-block-heading\"><em>Sobre la reciente iniciativa para expedir la Ley General de Aguas y la reforma a la Ley de Aguas Nacionales, los panelistas coincidieron en que este nuevo marco jur\u00eddico representa una oportunidad para transitar hacia un modelo de gobernanza h\u00eddrica m\u00e1s equitativo, transparente y sostenible, en el que se garantice el reconocimiento del agua como un derecho humano fundamental y como un activo estrat\u00e9gico para el desarrollo nacional.<\/em><em><\/em><\/h4>\n\n\n\n<p><\/p>\n\n\n\n<h4 class=\"wp-block-heading\"><em>Ra\u00fal Rodr\u00edguez, Presidente del CCA, se\u00f1al\u00f3 que el avance logrado en materia legislativa obliga a que el agua deje de ser vista s\u00f3lo como un insumo y comience a ser tratada y cuidada como un motor de desarrollo econ\u00f3mico y social que defina e impulse la competitividad del pa\u00eds a trav\u00e9s de la participaci\u00f3n de todos los sectores.<\/em><em><\/em><\/h4>\n\n\n\n<figure class=\"wp-block-gallery has-nested-images columns-default is-cropped wp-block-gallery-4 is-layout-flex wp-block-gallery-is-layout-flex\">\n<figure class=\"wp-block-image size-large\"><img decoding=\"async\" width=\"500\" height=\"304\" data-id=\"1062610\" src=\"https:\/\/dimensionturistica.com\/es\/wp-content\/uploads\/2025\/10\/98HELNEX.jpg\" alt=\"\" class=\"wp-image-1062610\" srcset=\"https:\/\/dimensionturistica.com\/es\/wp-content\/uploads\/2025\/10\/98HELNEX.jpg 500w, https:\/\/dimensionturistica.com\/es\/wp-content\/uploads\/2025\/10\/98HELNEX-300x182.jpg 300w\" sizes=\"(max-width: 500px) 100vw, 500px\" \/><\/figure>\n<\/figure>\n\n\n\n<h4 class=\"wp-block-heading\"><em>Dentro de su participaci\u00f3n, el Lic. Federico Pe\u00f1a, Director de Evaluaci\u00f3n de Programas y Proyectos en la Coordinaci\u00f3n del Acuerdo Nacional por el Derecho Humano al Agua y la Sustentabilidad de la CONAGUA, se\u00f1al\u00f3 que el Acuerdo Nacional es un parteaguas en nuestro pa\u00eds y es reconocido a nivel internacional gracias a la difusi\u00f3n realizada de este gran proyecto, el cual ha sido acompa\u00f1ado por la iniciativa privada, lo que ha sido fundamental para que el acuerdo funcione, mostrando la importancia de la coordinaci\u00f3n intersectorial.<\/em><em><\/em><\/h4>\n\n\n\n<h4 class=\"wp-block-heading\"><em>En su turno, Mildred Castro Hern\u00e1ndez, Coordinadora Polit\u00e9cnica para la Sustentabilidad del IPN, habl\u00f3 sobre los retos que enfrentan las instituciones educativas en materia de ahorro y gesti\u00f3n de los recursos h\u00eddricos, y destac\u00f3 la importancia que tiene institucionalizar o transversalizar la sustentabilidad a trav\u00e9s del desarrollo de competencias clave en materia de sustentabilidad dentro de los planes y programas de estudio. <\/em><em><\/em><\/h4>\n\n\n\n<h4 class=\"wp-block-heading\"><em>Jean-Martin Brault, Especialista Senior en Agua y Saneamiento para Am\u00e9rica Latina y el Caribe del Banco Mundial, dijo que uno de los puntos m\u00e1s relevantes en materia de financiamiento es la diversificaci\u00f3n, pues es necesario involucrar a m\u00e1s actores, no s\u00f3lo en infraestructura, sino en operaci\u00f3n, mantenimiento, estudios, as\u00ed como la planificaci\u00f3n que conlleva. <\/em><em><\/em><\/h4>\n\n\n\n<h4 class=\"wp-block-heading\"><em>Patricia Herrera-Ascencio, Directora General del IMTA, se\u00f1al\u00f3 durante su participaci\u00f3n que el tema de innovaci\u00f3n tecnol\u00f3gica debe desarrollarse respetando nuestra cultura y recursos naturales. A\u00f1adi\u00f3 que la innovaci\u00f3n enfrenta el gran reto de luchar contra el cambio clim\u00e1tico y las adversidades que nos presenta, pues obliga a las instituciones y a la sociedad a responder de manera inmediata.<\/em><em><\/em><\/h4>\n\n\n\n<figure class=\"wp-block-gallery has-nested-images columns-default is-cropped wp-block-gallery-5 is-layout-flex wp-block-gallery-is-layout-flex\">\n<figure class=\"wp-block-image size-large\"><img decoding=\"async\" width=\"500\" height=\"333\" data-id=\"1062615\" src=\"https:\/\/dimensionturistica.com\/es\/wp-content\/uploads\/2025\/10\/4HELVEX.jpg\" alt=\"\" class=\"wp-image-1062615\" srcset=\"https:\/\/dimensionturistica.com\/es\/wp-content\/uploads\/2025\/10\/4HELVEX.jpg 500w, https:\/\/dimensionturistica.com\/es\/wp-content\/uploads\/2025\/10\/4HELVEX-300x200.jpg 300w\" sizes=\"(max-width: 500px) 100vw, 500px\" \/><\/figure>\n<\/figure>\n\n\n\n<h4 class=\"wp-block-heading\"><em>Finalmente, \u00d3scar Zavala, Subdirector General Jur\u00eddico de CONAGUA, destac\u00f3 la importancia de los foros en los que la Comisi\u00f3n ha participado, los cuales han ayudado a cristalizar un nuevo andamiaje normativo, donde el enfoque econ\u00f3mico del recurso qued\u00f3 expl\u00edcitamente incorporado. Explic\u00f3 que, junto con la nueva Ley General de Aguas, la segunda pieza es el decreto que reforma la Ley de Aguas Nacionales, para ordenar el r\u00e9gimen de concesiones y combatir pr\u00e1cticas irregulares como el \u201cmercado negro\u201d del agua. <\/em><em><\/em><\/h4>\n\n\n\n<h4 class=\"wp-block-heading\"><em>A manera de conclusi\u00f3n, los panelistas expusieron algunas de las prioridades que, acorde a su experiencia y conocimiento, deber\u00edan ser incluidas en la agenda h\u00eddrica de la actual administraci\u00f3n. Entre ellas, destacaron:<\/em><em><\/em><\/h4>\n\n\n\n<h4 class=\"wp-block-heading\"><em>La inclusi\u00f3n de la industria en el Acuerdo Nacional por el Derecho Humano al Agua y la Sustentabilidad.<\/em><em><\/em><\/h4>\n\n\n\n<figure class=\"wp-block-gallery has-nested-images columns-default is-cropped wp-block-gallery-6 is-layout-flex wp-block-gallery-is-layout-flex\">\n<figure class=\"wp-block-image size-large\"><img decoding=\"async\" width=\"500\" height=\"230\" data-id=\"1062617\" src=\"https:\/\/dimensionturistica.com\/es\/wp-content\/uploads\/2025\/10\/8HELVEX.jpg\" alt=\"\" class=\"wp-image-1062617\" srcset=\"https:\/\/dimensionturistica.com\/es\/wp-content\/uploads\/2025\/10\/8HELVEX.jpg 500w, https:\/\/dimensionturistica.com\/es\/wp-content\/uploads\/2025\/10\/8HELVEX-300x138.jpg 300w\" sizes=\"(max-width: 500px) 100vw, 500px\" \/><\/figure>\n<\/figure>\n\n\n\n<h4 class=\"wp-block-heading\"><em>Impulsar en el marco normativo la transici\u00f3n hacia la circularidad del agua, para pasar de un esquema lineal y extractivo a uno circular.<\/em><em><\/em><\/h4>\n\n\n\n<h4 class=\"wp-block-heading\"><em>Mayor inclusi\u00f3n social e impulso a la innovaci\u00f3n tecnol\u00f3gica, para enfrentar los retos que implica el cambio clim\u00e1tico.<\/em><em><\/em><\/h4>\n\n\n\n<h4 class=\"wp-block-heading\"><em>Robustecer la seguridad y resiliencia h\u00eddrica.<\/em><em><\/em><\/h4>\n\n\n\n<h4 class=\"wp-block-heading\"><em>Impulsar, a trav\u00e9s de pol\u00edticas p\u00fablicas, una mayor educaci\u00f3n y cultura del agua entre los j\u00f3venes.<\/em><em><\/em><\/h4>\n\n\n\n<h4 class=\"wp-block-heading\"><em>Promover el uso de la inteligencia artificial dentro de las soluciones h\u00eddricas.<\/em><em><\/em><\/h4>\n\n\n\n<p><em>Buscar y promover nuevas formas de diversificar las opciones de financiamiento<\/em><em><\/em><\/p>\n\n\n\n<p><em>El Encuentro del Agua 2025 reafirm\u00f3 el papel de Grupo Helvex como un activo promotor de la sostenibilidad h\u00eddrica en M\u00e9xico, consolidando a este foro como un espacio abierto y plural para impulsar alianzas, propuestas y acciones concretas que permitan vincular la pol\u00edtica p\u00fablica con la innovaci\u00f3n industrial.<\/em><em><\/em><\/p>\n\n\n\n<p><em>Con m\u00e1s de 529 mil millones de litros de agua ahorrados gracias a su portafolio verde y programas como el Distintivo Hotel Hidro Sustentable, Helvex mantiene su compromiso de impulsar soluciones integrales para el uso eficiente del agua, en alineaci\u00f3n con los Objetivos de Desarrollo Sostenible de Naciones Unidas y la nueva agenda h\u00eddrica nacional.<\/em><em><\/em><\/p>\n\n\n\n<p><em>\u201cDesde el sector privado debemos acompa\u00f1ar la implementaci\u00f3n de la nueva Ley General de Aguas con innovaci\u00f3n, tecnolog\u00eda y educaci\u00f3n. En Helvex creemos que los di\u00e1logos de hoy nos acercar\u00e1n un paso m\u00e1s hacia un M\u00e9xico m\u00e1s sustentable, competitivo y con acceso garantizado al agua para todas y todos\u201d, concluy\u00f3 Gilberto Alcaraz Orozco.<\/em><em><\/em><\/p>\n","protected":false},"excerpt":{"rendered":"<p>En un momento hist\u00f3rico para la gesti\u00f3n h\u00eddrica del pa\u00eds, derivado de la iniciativa para expedir la nueva Ley General de Aguas y la reforma a la Ley de Aguas Nacionales, Grupo Helvex, una de las empresas mexicanas m\u00e1s importantes en la industria de la construcci\u00f3n, que celebra este a\u00f1o su 75 aniversario, y el [&hellip;]<\/p>\n","protected":false},"author":1,"featured_media":0,"comment_status":"open","ping_status":"closed","sticky":false,"template":"","format":"standard","meta":{"om_disable_all_campaigns":false,"jnews-multi-image_gallery":[],"jnews_single_post":[],"jnews_primary_category":[],"jnews_social_meta":[],"footnotes":""},"categories":[40],"tags":[],"class_list":["post-1062571","post","type-post","status-publish","format-standard","hentry","category-industria"],"_links":{"self":[{"href":"https:\/\/dimensionturistica.com\/es\/wp-json\/wp\/v2\/posts\/1062571","targetHints":{"allow":["GET"]}}],"collection":[{"href":"https:\/\/dimensionturistica.com\/es\/wp-json\/wp\/v2\/posts"}],"about":[{"href":"https:\/\/dimensionturistica.com\/es\/wp-json\/wp\/v2\/types\/post"}],"author":[{"embeddable":true,"href":"https:\/\/dimensionturistica.com\/es\/wp-json\/wp\/v2\/users\/1"}],"replies":[{"embeddable":true,"href":"https:\/\/dimensionturistica.com\/es\/wp-json\/wp\/v2\/comments?post=1062571"}],"version-history":[{"count":1,"href":"https:\/\/dimensionturistica.com\/es\/wp-json\/wp\/v2\/posts\/1062571\/revisions"}],"predecessor-version":[{"id":1062619,"href":"https:\/\/dimensionturistica.com\/es\/wp-json\/wp\/v2\/posts\/1062571\/revisions\/1062619"}],"wp:attachment":[{"href":"https:\/\/dimensionturistica.com\/es\/wp-json\/wp\/v2\/media?parent=1062571"}],"wp:term":[{"taxonomy":"category","embeddable":true,"href":"https:\/\/dimensionturistica.com\/es\/wp-json\/wp\/v2\/categories?post=1062571"},{"taxonomy":"post_tag","embeddable":true,"href":"https:\/\/dimensionturistica.com\/es\/wp-json\/wp\/v2\/tags?post=1062571"}],"curies":[{"name":"wp","href":"https:\/\/api.w.org\/{rel}","templated":true}]}}