{"id":1062529,"date":"2025-10-17T18:37:15","date_gmt":"2025-10-17T18:37:15","guid":{"rendered":"https:\/\/dimensionturistica.com\/es\/?p=1062529"},"modified":"2025-10-17T18:37:15","modified_gmt":"2025-10-17T18:37:15","slug":"asociacion-de-internet-mx-advierte-sobre-graves-efectos-nocivos-del-articulo-30-b-del-codigo-fiscal-de-la-federacion","status":"publish","type":"post","link":"https:\/\/dimensionturistica.com\/es\/asociacion-de-internet-mx-advierte-sobre-graves-efectos-nocivos-del-articulo-30-b-del-codigo-fiscal-de-la-federacion\/","title":{"rendered":"Asociaci\u00f3n de Internet MX advierte sobre graves efectos nocivos del Art\u00edculo 30-B del C\u00f3digo Fiscal de la Federaci\u00f3n:"},"content":{"rendered":"\n<figure class=\"wp-block-gallery has-nested-images columns-default is-cropped wp-block-gallery-1 is-layout-flex wp-block-gallery-is-layout-flex\">\n<figure class=\"wp-block-image size-large\"><img decoding=\"async\" width=\"500\" height=\"189\" data-id=\"1062531\" src=\"https:\/\/dimensionturistica.com\/es\/wp-content\/uploads\/2025\/10\/1INTER.jpg\" alt=\"\" class=\"wp-image-1062531\" srcset=\"https:\/\/dimensionturistica.com\/es\/wp-content\/uploads\/2025\/10\/1INTER.jpg 500w, https:\/\/dimensionturistica.com\/es\/wp-content\/uploads\/2025\/10\/1INTER-300x113.jpg 300w\" sizes=\"(max-width: 500px) 100vw, 500px\" \/><\/figure>\n<\/figure>\n\n\n\n<h3 class=\"wp-block-heading\"><em>La Asociaci\u00f3n de Internet MX, organizaci\u00f3n representante de la industria tecnol\u00f3gica con 25 a\u00f1os de historia y trabajo ininterrumpido impulsando el desarrollo del ecosistema digital del pa\u00eds, rechaza rotundamente la aprobaci\u00f3n \u201cfast-track\u201d del Art\u00edculo 30-B del C\u00f3digo Fiscal de la Federaci\u00f3n, incluido en el Paquete Econ\u00f3mico 2026.<\/em><em><\/em><\/h3>\n\n\n\n<h3 class=\"wp-block-heading\"><em>Advierte que el pa\u00eds correr\u00eda el riesgo de seguir el ejemplo de pa\u00edses autoritarios que han recurrido a la vigilancia masiva como instrumento de control econ\u00f3mico sobre las empresas.<\/em><em><\/em><\/h3>\n\n\n\n<figure class=\"wp-block-gallery has-nested-images columns-default is-cropped wp-block-gallery-2 is-layout-flex wp-block-gallery-is-layout-flex\">\n<figure class=\"wp-block-image size-large\"><img decoding=\"async\" width=\"500\" height=\"281\" data-id=\"1062533\" src=\"https:\/\/dimensionturistica.com\/es\/wp-content\/uploads\/2025\/10\/9INTER.jpg\" alt=\"\" class=\"wp-image-1062533\" srcset=\"https:\/\/dimensionturistica.com\/es\/wp-content\/uploads\/2025\/10\/9INTER.jpg 500w, https:\/\/dimensionturistica.com\/es\/wp-content\/uploads\/2025\/10\/9INTER-300x169.jpg 300w\" sizes=\"(max-width: 500px) 100vw, 500px\" \/><\/figure>\n<\/figure>\n\n\n\n<h3 class=\"wp-block-heading\"><em>La aprobaci\u00f3n del Art\u00edculo 30-B en la C\u00e1mara de Diputados se tom\u00f3 pese a numerosas advertencias de acad\u00e9micos, expertos, organizaciones de la sociedad civil y actores de la industria digital, cuyas observaciones no fueron escuchadas plenamente en esta parte del proceso legislativo.<\/em><em><\/em><\/h3>\n\n\n\n<h3 class=\"wp-block-heading\"><em>En su redacci\u00f3n actual, el Art\u00edculo 30-B busca facultar al SAT para acceder, en tiempo real y de manera permanente, a bases de datos de las plataformas digitales que operan en M\u00e9xico. Se argumenta que la medida busca mejorar la recaudaci\u00f3n y combatir la evasi\u00f3n fiscal, pero en la pr\u00e1ctica habilita potencialmente un sistema de vigilancia masiva sobre las operaciones de las empresas y abre la puerta a violaciones para la privacidad de millones de usuarios de servicios digitales sin exigencia de orden judicial ni l\u00edmites procesales claros.<\/em><em><\/em><\/h3>\n\n\n\n<h3 class=\"wp-block-heading\"><em>No existen precedentes en M\u00e9xico ni en democracias comparables de una medida tan intrusiva. Por ello, la Asociaci\u00f3n de Internet MX hace p\u00fablica su postura frente a esta normativa:<\/em><em><\/em><\/h3>\n\n\n\n<h3 class=\"wp-block-heading\"><em>\u25cf Pone en riesgo la privacidad: El acceso irrestricto y permanente a sistemas digitales de alto tr\u00e1fico con el objeto de verificar el cumplimiento de las obligaciones fiscales, pone en riesgo los datos personales de millones de usuarios, pues, aunque se pretende acotar a informaci\u00f3n relacionada con lo fiscal, potencialmente el SAT adquiere una \u201cllave maestra\u201d para acceder sin control judicial a informaci\u00f3n sensible. Es fundamental acotar el acceso a los datos que solo sean pertinentes a cuestiones de inter\u00e9s de la autoridad fiscal.<\/em><em><\/em><\/h3>\n\n\n\n<figure class=\"wp-block-gallery has-nested-images columns-default is-cropped wp-block-gallery-3 is-layout-flex wp-block-gallery-is-layout-flex\">\n<figure class=\"wp-block-image size-large\"><img decoding=\"async\" width=\"500\" height=\"291\" data-id=\"1062535\" src=\"https:\/\/dimensionturistica.com\/es\/wp-content\/uploads\/2025\/10\/2INTER.jpg\" alt=\"\" class=\"wp-image-1062535\" srcset=\"https:\/\/dimensionturistica.com\/es\/wp-content\/uploads\/2025\/10\/2INTER.jpg 500w, https:\/\/dimensionturistica.com\/es\/wp-content\/uploads\/2025\/10\/2INTER-300x175.jpg 300w\" sizes=\"(max-width: 500px) 100vw, 500px\" \/><\/figure>\n<\/figure>\n\n\n\n<h3 class=\"wp-block-heading\"><em>\u25cf Las sanciones son desproporcionadas y alarmantes: Las sanciones por<\/em><em><\/em><\/h3>\n\n\n\n<h3 class=\"wp-block-heading\"><em>incumplimiento pueden ser dr\u00e1sticas y directas y pueden significar la \u201cmuerte digital\u201d temporal o permanente de plataformas digitales. Si el SAT, IMSS o INFONAVIT pueden ordenar el bloqueo del acceso al servicio digital, esto significa que la plataforma ser\u00eda inaccesible para todos los usuarios en territorio nacional mientras dure el incumplimiento. Esta sanci\u00f3n implicar\u00eda p\u00e9rdidas econ\u00f3micas enormes y afectaci\u00f3n a millones de usuarios, ser\u00eda equiparable a una clausura operativa v\u00eda Internet.<\/em><em><\/em><\/h3>\n\n\n\n<h3 class=\"wp-block-heading\"><em>\u25cf Violaci\u00f3n de derechos humanos: En su forma actual, el art\u00edculo contraviene el Art\u00edculo 16 Constitucional y tratados internacionales como la Convenci\u00f3n Americana de Derechos Humanos. El Art\u00edculo 16 de la Constituci\u00f3n Pol\u00edtica de los Estados Unidos Mexicanos establece la protecci\u00f3n contra molestia ilegal, disponiendo que nadie puede ser molestado en su persona, familia, domicilio o posesiones sino mediante mandamiento escrito de autoridad competente que funde y motive la causa legal del procedimiento. Tambi\u00e9n aborda la inviolabilidad de las comunicaciones privadas y la protecci\u00f3n de datos personales.<\/em><em><\/em><\/h3>\n\n\n\n<h3 class=\"wp-block-heading\"><em>\u25cf Implica un fuerte da\u00f1o a la econom\u00eda digital: Potencialmente, abre la puerta para la sobreexposici\u00f3n de secretos industriales y castiga a las MiPyMEs que hoy dependen del internet para sobrevivir. <\/em><em><\/em><\/h3>\n\n\n\n<figure class=\"wp-block-gallery has-nested-images columns-default is-cropped wp-block-gallery-4 is-layout-flex wp-block-gallery-is-layout-flex\">\n<figure class=\"wp-block-image size-large\"><img decoding=\"async\" width=\"500\" height=\"281\" data-id=\"1062536\" src=\"https:\/\/dimensionturistica.com\/es\/wp-content\/uploads\/2025\/10\/5INTER.jpg\" alt=\"\" class=\"wp-image-1062536\" srcset=\"https:\/\/dimensionturistica.com\/es\/wp-content\/uploads\/2025\/10\/5INTER.jpg 500w, https:\/\/dimensionturistica.com\/es\/wp-content\/uploads\/2025\/10\/5INTER-300x169.jpg 300w\" sizes=\"(max-width: 500px) 100vw, 500px\" \/><\/figure>\n<\/figure>\n\n\n\n<h3 class=\"wp-block-heading\"><em>Adem\u00e1s, se desincentiva el uso de la econom\u00eda digital, lo que se traduce en que las empresas dejar\u00e1n de usar el ecosistema digital por la vigilancia y las medidas desproporcionadas impuestas, lo que se traduce en un retorno a los negocios f\u00edsicos con menos regulaci\u00f3n fiscal y por ende un obst\u00e1culo para el cumplimiento de las metas del Plan M\u00e9xico en el ecosistema digital.<\/em><em><\/em><\/h3>\n\n\n\n<h3 class=\"wp-block-heading\"><em>\u25cf Incrementa enormemente los riesgos de ciberseguridad: si se exige emparejar en tiempo real resguardadas, o infiltrarse en la plataforma sabiendo que ahora hay una \u201cpuerta trasera\u201d (el acceso del SAT, IMSS o INFONAVIT). La historia muestra que incluso agencias gubernamentales potentes pueden ser hackeadas (como ya ocurri\u00f3 precisamente con la filtraci\u00f3n masiva de credenciales del SAT en 2024 o la actual filtraci\u00f3n del IMSS.<\/em><em><\/em><\/h3>\n\n\n\n<h3 class=\"wp-block-heading\"><em>\u25cf Debilita la confianza en las instituciones: es de importancia que los legisladores encargados de redactar la versi\u00f3n de este art\u00edculo reflexionen sobre la importancia de salvaguardar la privacidad de la ciudadan\u00eda y limitar los riesgos de exponer a millones de usuarios a la intromisi\u00f3n del Estado y\/o del crimen organizado en su vida digital.<\/em><em><\/em><\/h3>\n\n\n\n<h3 class=\"wp-block-heading\"><em>\u25cf Implica riesgos para el Estado mexicano: Experiencias recientes en el mundo muestran que imponer medidas que buscan centralizar el poder digital del Estado \u2014con el objetivo de disponer de una \u201cllave maestra\u201d para acceder a informaci\u00f3n privada bajo el pretexto de eficiencia administrativa o control fiscal\u2014 suele ser contraproducente. Este tipo de pol\u00edticas pueden conducir al pa\u00eds hacia la tiran\u00eda, la represi\u00f3n ciudadana y el surgimiento de crisis econ\u00f3micas, sociales y pol\u00edticas. Cuando los ciudadanos perciben que sus espacios de libertad se reducen, el descontento puede escalar r\u00e1pidamente, generando crisis de legitimidad y de gobernabilidad.<\/em><em><\/em><\/h3>\n\n\n\n<h3 class=\"wp-block-heading\"><em>No obstante que la Comisi\u00f3n de Hacienda y Cr\u00e9dito P\u00fablico hizo modificaciones al texto propuesto en la iniciativa original, consideramos que \u00e9stas no son suficientes para remediar los da\u00f1os y riesgos descritos por la Asociaci\u00f3n de Internet MX y numerosas organizaciones de la sociedad civil, c\u00e1maras de comercio, acad\u00e9micos y activistas digitales.<\/em><em><\/em><\/h3>\n\n\n\n<h3 class=\"wp-block-heading\"><em>Para mayor claridad y a manera de ejemplo, el texto aprobado significa que el SAT puede andar por las calles (Internet) y pedirle a cada ciudadano que le abra la puerta de su casa y lo deje entrar para que revise su casa, haci\u00e9ndolo s\u00f3lo para comprobar el debido cumplimiento de las obligaciones fiscales \u00bfC\u00f3mo sabr\u00eda el SAT que informaci\u00f3n revisar? Primero voltea la casa, revisa todo y determina qu\u00e9 le sirve, esto sin una orden judicial y sin una causa probable. \u00bfNo es esto autoritario?<\/em><em><\/em><\/h3>\n\n\n\n<p><\/p>\n\n\n\n<h3 class=\"wp-block-heading\"><em>Por ello y como representantes de la industria digital, hacemos un urgente y en\u00e9rgico llamado a los Senadores y Senadoras de la Rep\u00fablica para rectificar esta medida antes de que M\u00e9xico sea percibido globalmente como un pa\u00eds que legaliza la vigilancia masiva. Aprobar el Art\u00edculo 30-B en sus t\u00e9rminos representar\u00eda un retroceso democr\u00e1tico, con consecuencias imprevisibles para la estabilidad social, la innovaci\u00f3n y la econom\u00eda digital. Tendr\u00eda un efecto tambi\u00e9n nocivo para la recaudaci\u00f3n, con lo que tampoco se cumplir\u00eda la meta del gobierno para allegarse m\u00e1s recursos.<\/em><em><\/em><\/h3>\n\n\n\n<figure class=\"wp-block-gallery has-nested-images columns-default is-cropped wp-block-gallery-5 is-layout-flex wp-block-gallery-is-layout-flex\">\n<figure class=\"wp-block-image size-large\"><img decoding=\"async\" width=\"500\" height=\"281\" data-id=\"1062537\" src=\"https:\/\/dimensionturistica.com\/es\/wp-content\/uploads\/2025\/10\/4INTER.jpg\" alt=\"\" class=\"wp-image-1062537\" srcset=\"https:\/\/dimensionturistica.com\/es\/wp-content\/uploads\/2025\/10\/4INTER.jpg 500w, https:\/\/dimensionturistica.com\/es\/wp-content\/uploads\/2025\/10\/4INTER-300x169.jpg 300w\" sizes=\"(max-width: 500px) 100vw, 500px\" \/><\/figure>\n<\/figure>\n\n\n\n<h3 class=\"wp-block-heading\"><em>Reconocemos la leg\u00edtima preocupaci\u00f3n por combatir la evasi\u00f3n fiscal y el lavado de dinero. Sin embargo, creemos firmemente que esto debe lograrse sin sacrificar derechos fundamentales: s\u00ed a la recaudaci\u00f3n justa, no a la vigilancia indiscriminada.<\/em><em><\/em><\/h3>\n\n\n\n<h3 class=\"wp-block-heading\"><em>La Asociaci\u00f3n de Internet MX nuevamente pone a disposici\u00f3n su experiencia t\u00e9cnica, jur\u00eddica y de an\u00e1lisis para colaborar de manera constructiva con el Gobierno &nbsp;de M\u00e9xico. Nuestro objetivo es dise\u00f1ar un marco fiscal digital que cumpla con su funci\u00f3n recaudatoria y, al mismo tiempo, fomente la innovaci\u00f3n, la inclusi\u00f3n y el desarrollo econ\u00f3mico.<\/em><em><\/em><\/h3>\n\n\n\n<h3 class=\"wp-block-heading\"><em>Juntos podemos lograr una fiscalizaci\u00f3n efectiva sin vulnerar derechos ni generar riesgos operativos, con humildad y respeto presentamos la siguiente propuesta de ajustes:<\/em><em><\/em><\/h3>\n\n\n\n<h3 class=\"wp-block-heading\"><em>\u25cf Eliminar la obligaci\u00f3n de acceso en tiempo real, sustituy\u00e9ndola por auditor\u00edas selectivas con orden judicial debidamente fundada y motivada.<\/em><em><\/em><\/h3>\n\n\n\n<h3 class=\"wp-block-heading\"><em>\u25cf Privilegiar modelos de actualizaci\u00f3n peri\u00f3dica (por ejemplo, cada 48 o 72 horas).<\/em><em><\/em><\/h3>\n\n\n\n<h3 class=\"wp-block-heading\"><em>\u25cf Limitar claramente el alcance de los datos a informaci\u00f3n que en verdad sea fiscalmente relevante para la autoridad fiscal y sin arriesgar la seguridad y privacidad de datos personales sensibles.<\/em><em><\/em><\/h3>\n\n\n\n<h3 class=\"wp-block-heading\"><em>\u25cf Garantizar que la redacci\u00f3n final del art\u00edculo cuente con equivalencia funcional coherente con el Derecho Positivo Mexicano.<\/em><em><\/em><\/h3>\n\n\n\n<h3 class=\"wp-block-heading\"><em>\u25cf Implementar candados para proteger expresamente los secretos industriales y la informaci\u00f3n que representa factores de competitividad para las empresas.<\/em><em><\/em><\/h3>\n\n\n\n<h3 class=\"wp-block-heading\"><em>\u25cf Establecer mecanismos seguros de acceso, como portales con roles restringidos, autenticaci\u00f3n multifactor y registros de auditor\u00eda.<\/em><em><\/em><\/h3>\n\n\n\n<h3 class=\"wp-block-heading\"><em>\u25cf Aplicar sanciones proporcionales y escalonadas, evitando el bloqueo inmediato del servicio digital.<\/em><em><\/em><\/h3>\n\n\n\n<h3 class=\"wp-block-heading\"><em>\u25cf Iniciar con una fase piloto para validar el modelo antes de su aplicaci\u00f3n general.<\/em><em><\/em><\/h3>\n\n\n\n<h3 class=\"wp-block-heading\"><em>\u25cf Incluir reg\u00edmenes simplificados y proporcionales para las MiPyMEs.<\/em><em><\/em><\/h3>\n\n\n\n<h3 class=\"wp-block-heading\"><em>\u25cf Mantener el principio de responsabilidad limitada de los intermediarios, en l\u00ednea con el T-MEC y est\u00e1ndares internacionales.<\/em><em><\/em><\/h3>\n\n\n\n<h3 class=\"wp-block-heading\"><em>Estamos a tiempo: la privacidad de las empresas y de las personas no son privilegios, son derechos.<\/em><em><\/em><\/h3>\n\n\n\n<h3 class=\"wp-block-heading\"><em>Abramos juntos la puerta para mejorar la recaudaci\u00f3n, pero sin vulnerar derechos fundamentales. No necesitamos reinventar la fiscalizaci\u00f3n digital. Aprendamos de experiencias previas y construyamos un art\u00edculo 30-B m\u00e1s inteligente, seguro y viable.<\/em><em><\/em><\/h3>\n\n\n\n<h3 class=\"wp-block-heading\"><em>M\u00e9xico a\u00fan tiene la oportunidad de demostrar que la digitalizaci\u00f3n del Estado puede ser compatible con la libertad, la innovaci\u00f3n y el respeto a los derechos humanos.<\/em><em><\/em><\/h3>\n","protected":false},"excerpt":{"rendered":"<p>La Asociaci\u00f3n de Internet MX, organizaci\u00f3n representante de la industria tecnol\u00f3gica con 25 a\u00f1os de historia y trabajo ininterrumpido impulsando el desarrollo del ecosistema digital del pa\u00eds, rechaza rotundamente la aprobaci\u00f3n \u201cfast-track\u201d del Art\u00edculo 30-B del C\u00f3digo Fiscal de la Federaci\u00f3n, incluido en el Paquete Econ\u00f3mico 2026. Advierte que el pa\u00eds correr\u00eda el riesgo de [&hellip;]<\/p>\n","protected":false},"author":1,"featured_media":0,"comment_status":"open","ping_status":"closed","sticky":false,"template":"","format":"standard","meta":{"om_disable_all_campaigns":false,"jnews-multi-image_gallery":[],"jnews_single_post":[],"jnews_primary_category":[],"jnews_social_meta":[],"footnotes":""},"categories":[40],"tags":[],"class_list":["post-1062529","post","type-post","status-publish","format-standard","hentry","category-industria"],"_links":{"self":[{"href":"https:\/\/dimensionturistica.com\/es\/wp-json\/wp\/v2\/posts\/1062529","targetHints":{"allow":["GET"]}}],"collection":[{"href":"https:\/\/dimensionturistica.com\/es\/wp-json\/wp\/v2\/posts"}],"about":[{"href":"https:\/\/dimensionturistica.com\/es\/wp-json\/wp\/v2\/types\/post"}],"author":[{"embeddable":true,"href":"https:\/\/dimensionturistica.com\/es\/wp-json\/wp\/v2\/users\/1"}],"replies":[{"embeddable":true,"href":"https:\/\/dimensionturistica.com\/es\/wp-json\/wp\/v2\/comments?post=1062529"}],"version-history":[{"count":1,"href":"https:\/\/dimensionturistica.com\/es\/wp-json\/wp\/v2\/posts\/1062529\/revisions"}],"predecessor-version":[{"id":1062538,"href":"https:\/\/dimensionturistica.com\/es\/wp-json\/wp\/v2\/posts\/1062529\/revisions\/1062538"}],"wp:attachment":[{"href":"https:\/\/dimensionturistica.com\/es\/wp-json\/wp\/v2\/media?parent=1062529"}],"wp:term":[{"taxonomy":"category","embeddable":true,"href":"https:\/\/dimensionturistica.com\/es\/wp-json\/wp\/v2\/categories?post=1062529"},{"taxonomy":"post_tag","embeddable":true,"href":"https:\/\/dimensionturistica.com\/es\/wp-json\/wp\/v2\/tags?post=1062529"}],"curies":[{"name":"wp","href":"https:\/\/api.w.org\/{rel}","templated":true}]}}