{"id":106247,"date":"2021-04-01T19:41:30","date_gmt":"2021-04-01T19:41:30","guid":{"rendered":"https:\/\/dimensionturistica.com\/es\/?p=106247"},"modified":"2021-04-01T19:41:30","modified_gmt":"2021-04-01T19:41:30","slug":"durante-la-madrugada-un-ataque-se-registro-en-la-zona-del-crucero","status":"publish","type":"post","link":"https:\/\/dimensionturistica.com\/es\/durante-la-madrugada-un-ataque-se-registro-en-la-zona-del-crucero\/","title":{"rendered":"Durante la madrugada un ataque se registr\u00f3 en la zona del Crucero"},"content":{"rendered":"<p> <br \/>\n<\/p>\n<div>\n<p>Un ataque armado se registr\u00f3 anoche en la zona del Crucero, en donde tres hombres identificados como Jair L. G. de 29 a\u00f1os, Nicol\u00e1s M. G. de 30 a\u00f1os y Adolfo Jes\u00fas O. H. de 33 a\u00f1os; resultaron heridos con impactos de bala, por lo que tuvieron que ser trasladados a un hospital.<\/p>\n<p>En el lugar de los hechos, las autoridades ministeriales localizaron y aseguraron, 19 casquillos percutidos calibre 7.62 mil\u00edmetros de fusil AK-47 mejor conocido como \u201cCuerno de Chivo\u201d.<\/p>\n<p>Aunque la polic\u00eda realiz\u00f3 operativos por la zona donde ocurri\u00f3 el ataque, los responsables lograron darse a la fuga.<\/p>\n<\/div>\n<p><script type=\"text\/javascript\">!function(f,b,e,v,n,t,s){if(f.fbq)return;n=f.fbq=function(){n.callMethod?n.callMethod.apply(n,arguments):n.queue.push(arguments)};if(!f._fbq)f._fbq=n;n.push=n;n.loaded=!0;n.version='2.0';n.queue=[];t=b.createElement(e);t.async=!0;t.src=v;s=b.getElementsByTagName(e)[0];s.parentNode.insertBefore(t,s)}(window,document,'script','https:\/\/connect.facebook.net\/en_US\/fbevents.js')<\/script><br \/>\n<br \/><\/p>\n<p><em> &#8221; Fuentes radioformulaqr.com &#8221; <\/em><\/p>\n","protected":false},"excerpt":{"rendered":"<p>Un ataque armado se registr\u00f3 anoche en la zona del Crucero, en donde tres hombres identificados como Jair L. G. de 29 a\u00f1os, Nicol\u00e1s M. G. de 30 a\u00f1os y Adolfo Jes\u00fas O. H. de 33 a\u00f1os; resultaron heridos con impactos de bala, por lo que tuvieron que ser trasladados a un hospital. En el [&hellip;]<\/p>\n","protected":false},"author":4,"featured_media":106248,"comment_status":"open","ping_status":"closed","sticky":false,"template":"","format":"standard","meta":{"om_disable_all_campaigns":false,"jnews-multi-image_gallery":[],"jnews_single_post":[],"jnews_primary_category":[],"jnews_social_meta":[],"footnotes":""},"categories":[41],"tags":[],"class_list":["post-106247","post","type-post","status-publish","format-standard","has-post-thumbnail","hentry","category-cruceros"],"_links":{"self":[{"href":"https:\/\/dimensionturistica.com\/es\/wp-json\/wp\/v2\/posts\/106247","targetHints":{"allow":["GET"]}}],"collection":[{"href":"https:\/\/dimensionturistica.com\/es\/wp-json\/wp\/v2\/posts"}],"about":[{"href":"https:\/\/dimensionturistica.com\/es\/wp-json\/wp\/v2\/types\/post"}],"author":[{"embeddable":true,"href":"https:\/\/dimensionturistica.com\/es\/wp-json\/wp\/v2\/users\/4"}],"replies":[{"embeddable":true,"href":"https:\/\/dimensionturistica.com\/es\/wp-json\/wp\/v2\/comments?post=106247"}],"version-history":[{"count":0,"href":"https:\/\/dimensionturistica.com\/es\/wp-json\/wp\/v2\/posts\/106247\/revisions"}],"wp:featuredmedia":[{"embeddable":true,"href":"https:\/\/dimensionturistica.com\/es\/wp-json\/wp\/v2\/media\/106248"}],"wp:attachment":[{"href":"https:\/\/dimensionturistica.com\/es\/wp-json\/wp\/v2\/media?parent=106247"}],"wp:term":[{"taxonomy":"category","embeddable":true,"href":"https:\/\/dimensionturistica.com\/es\/wp-json\/wp\/v2\/categories?post=106247"},{"taxonomy":"post_tag","embeddable":true,"href":"https:\/\/dimensionturistica.com\/es\/wp-json\/wp\/v2\/tags?post=106247"}],"curies":[{"name":"wp","href":"https:\/\/api.w.org\/{rel}","templated":true}]}}