{"id":1062430,"date":"2025-10-17T16:56:28","date_gmt":"2025-10-17T16:56:28","guid":{"rendered":"https:\/\/dimensionturistica.com\/es\/?p=1062430"},"modified":"2025-10-17T17:20:03","modified_gmt":"2025-10-17T17:20:03","slug":"el-artista-tapatio-ibarra-presenta-su-nuevo-show-en-sala-urbana-y-marca-el-futuro-del-trap-mexa","status":"publish","type":"post","link":"https:\/\/dimensionturistica.com\/es\/el-artista-tapatio-ibarra-presenta-su-nuevo-show-en-sala-urbana-y-marca-el-futuro-del-trap-mexa\/","title":{"rendered":"El artista tapat\u00edo *Ibarra presenta su nuevo show en Sala Urbana y marca el futuro del TRAP MEXA*"},"content":{"rendered":"\n<figure class=\"wp-block-gallery has-nested-images columns-default is-cropped wp-block-gallery-1 is-layout-flex wp-block-gallery-is-layout-flex\">\n<figure class=\"wp-block-image size-large\"><img decoding=\"async\" width=\"500\" height=\"375\" data-id=\"1062458\" src=\"https:\/\/dimensionturistica.com\/es\/wp-content\/uploads\/2025\/10\/IBARRA.gif\" alt=\"\" class=\"wp-image-1062458\"\/><\/figure>\n<\/figure>\n\n\n\n<p><em>Como parte de una nueva etapa del movimiento Trap Mexa, el artistaIbarra anuncia su concierto principal en Sala Urbana el pr\u00f3ximo s\u00e1bado 25 de octubre de 2025, ubicado en Blvd. Toluca 115, colonia El Conde, Naucalpan de Ju\u00e1rez, Estado de M\u00e9xico. En este show, el artista compartir\u00e1 no solo su propuesta musical, sino tambi\u00e9n la visi\u00f3n est\u00e9tica y sonora que est\u00e1 definiendo la nueva generaci\u00f3n urbana mexicana.<\/em><em><\/em><\/p>\n\n\n\n<p><em>Originario de Guadalajara, Ibarra ha construido un universo sonoro inconfundible que mezcla trap latino, dark pop, trip hop y drill\u2019n base, dando vida a lo que \u00e9l denomina su &#8220;atm\u00f3sfera p\u00farpura&#8221;. Su m\u00fasica nace desde lo \u00edntimo, pero est\u00e1 dise\u00f1ada para conectar con una generaci\u00f3n que busca autenticidad, sensibilidad y est\u00e9tica. Cada canci\u00f3n, visual y paso en su carrera est\u00e1n concebidos con una intenci\u00f3n clara: conectar desde la emoci\u00f3n.<\/em><em><\/em><\/p>\n\n\n\n<figure class=\"wp-block-gallery has-nested-images columns-default is-cropped wp-block-gallery-2 is-layout-flex wp-block-gallery-is-layout-flex\">\n<figure class=\"wp-block-image size-large\"><img decoding=\"async\" width=\"500\" height=\"395\" data-id=\"1062459\" src=\"https:\/\/dimensionturistica.com\/es\/wp-content\/uploads\/2025\/10\/BBBB.jpg\" alt=\"\" class=\"wp-image-1062459\" srcset=\"https:\/\/dimensionturistica.com\/es\/wp-content\/uploads\/2025\/10\/BBBB.jpg 500w, https:\/\/dimensionturistica.com\/es\/wp-content\/uploads\/2025\/10\/BBBB-300x237.jpg 300w\" sizes=\"(max-width: 500px) 100vw, 500px\" \/><figcaption class=\"wp-element-caption\">ai<\/figcaption><\/figure>\n<\/figure>\n\n\n\n<p><em>&#8220;Ibarra no solo est\u00e1 haciendo m\u00fasica, est\u00e1 creando una identidad sonora y visual que redefine lo que significa ser artista urbano en M\u00e9xico&#8221;, afirm\u00f3 Edd Muter, su manager y l\u00edder del proyecto.<\/em><em><\/em><\/p>\n\n\n\n<p><em>Con m\u00e1s de 200 mil oyentes mensuales en Spotify, 415 mil seguidores en TikTok y m\u00e1s de 45 millones de views en YouTube, Ibarra se ha consolidado como una de las voces m\u00e1s prometedoras de la escena urbana mexicana. Su presencia en playlists editoriales, colaboraciones clave y su creciente audiencia internacional confirman que su propuesta trasciende fronteras.<\/em><em><\/em><\/p>\n\n\n\n<p><em>&#8220;Ibarra construye una carrera con visi\u00f3n global, pero con ra\u00edces muy claras: M\u00e9xico, lo real y lo emocional. Este show en Sala Urbana ser\u00e1 un punto de inflexi\u00f3n&#8221;, a\u00f1adi\u00f3 Edd Muter.<\/em><em><\/em><\/p>\n\n\n\n<p><em>*Moda, arte y autenticidad*<\/em><em><\/em><\/p>\n\n\n\n<p><em>Adem\u00e1s de su impacto musical, Ibarra est\u00e1 abriendo camino en el mundo de la moda. El artista desarrolla una l\u00ednea de prendas exclusivas y pr\u00f3ximamente ser\u00e1 imagen internacional de una reconocida marca. Su estilo y est\u00e9tica lo han convertido en un referente para las marcas que buscan autenticidad, vanguardia y conexi\u00f3n real con la juventud.<\/em><em><\/em><\/p>\n\n\n\n<p><em>Ibarra representa a una nueva generaci\u00f3n de creadores mexicanos que marcan tendencia en la cultura urbana. Su historia, talento y propuesta lo colocan como un artista total, con un proyecto s\u00f3lido, coherente y en expansi\u00f3n. Desde Guadalajara, Ibarra est\u00e1 construyendo un universo propio que ya comienza a sentirse en Latinoam\u00e9rica y Europa.<\/em><em><\/em><\/p>\n\n\n\n<figure class=\"wp-block-gallery has-nested-images columns-default is-cropped wp-block-gallery-3 is-layout-flex wp-block-gallery-is-layout-flex\">\n<figure class=\"wp-block-image size-large\"><img decoding=\"async\" width=\"500\" height=\"593\" data-id=\"1062461\" src=\"https:\/\/dimensionturistica.com\/es\/wp-content\/uploads\/2025\/10\/CANTA.jpg\" alt=\"\" class=\"wp-image-1062461\" srcset=\"https:\/\/dimensionturistica.com\/es\/wp-content\/uploads\/2025\/10\/CANTA.jpg 500w, https:\/\/dimensionturistica.com\/es\/wp-content\/uploads\/2025\/10\/CANTA-253x300.jpg 253w\" sizes=\"(max-width: 500px) 100vw, 500px\" \/><\/figure>\n<\/figure>\n\n\n\n<p><em>El p\u00fablico podr\u00e1 adquirir sus entradas al concierto de Ibarra en los canales de The Hits Lab: https:\/\/www.thehitslab.com; &nbsp;https:\/\/www.instagram.com\/ibarrapearperoneh?igsh=b2J4eDNuMXZmbTQ5 o a trav\u00e9s del WhatsApp: 55 3716 4610.<\/em><em><\/em><\/p>\n\n\n\n<p><em>Seguir a Ibarra<\/em><em><\/em><\/p>\n\n\n\n<p><em>TikTok: @fernandoibarra3<\/em><em><\/em><\/p>\n\n\n\n<p><em>YouTube: https:\/\/www.youtube.com\/@ibarra24<\/em><em><\/em><\/p>\n\n\n\n<p><em>Instagram: @ibarrapearperoneh<\/em><em><\/em><\/p>\n\n\n\n<p><em>Spotify: Ibarra en Spotify <\/em><em><\/em><\/p>\n\n\n\n<p><em>&nbsp;1 archivo adjunto<\/em><em><\/em><\/p>\n\n\n\n<p><em>\u2022 &nbsp;Analizado por Gmail<\/em><em><\/em><\/p>\n","protected":false},"excerpt":{"rendered":"<p>Como parte de una nueva etapa del movimiento Trap Mexa, el artistaIbarra anuncia su concierto principal en Sala Urbana el pr\u00f3ximo s\u00e1bado 25 de octubre de 2025, ubicado en Blvd. Toluca 115, colonia El Conde, Naucalpan de Ju\u00e1rez, Estado de M\u00e9xico. En este show, el artista compartir\u00e1 no solo su propuesta musical, sino tambi\u00e9n la [&hellip;]<\/p>\n","protected":false},"author":1,"featured_media":0,"comment_status":"open","ping_status":"closed","sticky":false,"template":"","format":"standard","meta":{"om_disable_all_campaigns":false,"jnews-multi-image_gallery":[],"jnews_single_post":{"format":"standard"},"jnews_primary_category":[],"jnews_social_meta":[],"footnotes":""},"categories":[40],"tags":[],"class_list":["post-1062430","post","type-post","status-publish","format-standard","hentry","category-industria"],"_links":{"self":[{"href":"https:\/\/dimensionturistica.com\/es\/wp-json\/wp\/v2\/posts\/1062430","targetHints":{"allow":["GET"]}}],"collection":[{"href":"https:\/\/dimensionturistica.com\/es\/wp-json\/wp\/v2\/posts"}],"about":[{"href":"https:\/\/dimensionturistica.com\/es\/wp-json\/wp\/v2\/types\/post"}],"author":[{"embeddable":true,"href":"https:\/\/dimensionturistica.com\/es\/wp-json\/wp\/v2\/users\/1"}],"replies":[{"embeddable":true,"href":"https:\/\/dimensionturistica.com\/es\/wp-json\/wp\/v2\/comments?post=1062430"}],"version-history":[{"count":1,"href":"https:\/\/dimensionturistica.com\/es\/wp-json\/wp\/v2\/posts\/1062430\/revisions"}],"predecessor-version":[{"id":1062463,"href":"https:\/\/dimensionturistica.com\/es\/wp-json\/wp\/v2\/posts\/1062430\/revisions\/1062463"}],"wp:attachment":[{"href":"https:\/\/dimensionturistica.com\/es\/wp-json\/wp\/v2\/media?parent=1062430"}],"wp:term":[{"taxonomy":"category","embeddable":true,"href":"https:\/\/dimensionturistica.com\/es\/wp-json\/wp\/v2\/categories?post=1062430"},{"taxonomy":"post_tag","embeddable":true,"href":"https:\/\/dimensionturistica.com\/es\/wp-json\/wp\/v2\/tags?post=1062430"}],"curies":[{"name":"wp","href":"https:\/\/api.w.org\/{rel}","templated":true}]}}