{"id":106237,"date":"2021-04-01T19:33:43","date_gmt":"2021-04-01T19:33:43","guid":{"rendered":"https:\/\/dimensionturistica.com\/es\/?p=106237"},"modified":"2021-04-01T19:33:43","modified_gmt":"2021-04-01T19:33:43","slug":"la-deup-del-puerto-tarragona-se-amplia-con-el-muelle-de-balears","status":"publish","type":"post","link":"https:\/\/dimensionturistica.com\/es\/la-deup-del-puerto-tarragona-se-amplia-con-el-muelle-de-balears\/","title":{"rendered":"La DEUP del puerto Tarragona se ampl\u00eda con el muelle de Balears"},"content":{"rendered":"<p> <br \/>\n<\/p>\n<div>\n<p>El <a rel=\"nofollow noopener\" target=\"_blank\" href=\"https:\/\/www.mitma.gob.es\/\">Ministerio de Fomento<\/a>, a trav\u00e9s de\u00a0<a rel=\"nofollow noopener\" target=\"_blank\" href=\"http:\/\/www.puertos.es\/es-es\">Puertos\u00a0del\u00a0Estado<\/a>, ha aprobado la nueva\u00a0DEUP\u00a0(Delimitaci\u00f3n de Espacios de Uso Portuario) del <a rel=\"nofollow noopener\" target=\"_blank\" href=\"https:\/\/www.porttarragona.cat\/es\/\">puerto de Tarragona<\/a> con un complete de 37.963 m2. La\u00a0DEUP\u00a0fija los l\u00edmites mar\u00edtimos y terrestres del puerto de Tarragona a fecha de marzo del 2021, recogiendo la ampliaci\u00f3n de la Zona de Servicio del puerto que supondr\u00e1 el <a rel=\"nofollow noopener\" target=\"_blank\" href=\"https:\/\/www.diarioelcanal.com\/el-muelle-de-balears-de-tarragona-estara-operativo-en-junio\/\">muelle de Balears<\/a> que entrar\u00e1 en funcionamiento el pr\u00f3ximo mes de junio y que contar\u00e1 con 4 hect\u00e1reas.<\/p>\n<p>Seg\u00fan la normativa vigente, la\u00a0DEUP\u00a0tiene que reflejar exclusivamente las obras ya ejecutadas o, si se requiere, con su tramitaci\u00f3n muy avanzada. Por lo tanto, la\u00a0DEUP\u00a0recientemente aprobada ya recoge el nuevo proyecto del muelle de Balears.<\/p>\n<p>El muelle de Baleares aumentar\u00e1 la capacidad para recibir m\u00e1s cruceristas y en mejores condiciones, con una l\u00ednea de atraque complete de 700 metros, ya que, en 240 de estos 460 metros de longitud, se podr\u00e1 atracar en ambos lados y se a\u00f1ade la zona del dique de Levante. Con todo se llegar\u00e1 a doblar el n\u00famero de cruceros que podr\u00e1n atracar simult\u00e1neamente y, tambi\u00e9n, acoger los cruceros m\u00e1s grandes del mundo.<br \/>El puerto de Tarragona ha ideado este muelle como un muelle multiprop\u00f3sito, de este modo podr\u00e1 recibir diferentes tipos de tr\u00e1ficos portuarios ahora y en el futuro. Actualmente, la prioridad es destinarlo a la actividad\u00a0crucer\u00edstica\u00a0pero su dise\u00f1o -si se tercia- permitir\u00e1 reconvertir su funcionamiento hacia servicios para s\u00f3lidos a granel y otros tipos de mercanc\u00edas.<\/p>\n<\/div>\n\n<p><em> &#8221; Fuentes www.diarioelcanal.com &#8221; <\/em><\/p>\n","protected":false},"excerpt":{"rendered":"<p>El Ministerio de Fomento, a trav\u00e9s de\u00a0Puertos\u00a0del\u00a0Estado, ha aprobado la nueva\u00a0DEUP\u00a0(Delimitaci\u00f3n de Espacios de Uso Portuario) del puerto de Tarragona con un complete de 37.963 m2. La\u00a0DEUP\u00a0fija los l\u00edmites mar\u00edtimos y terrestres del puerto de Tarragona a fecha de marzo del 2021, recogiendo la ampliaci\u00f3n de la Zona de Servicio del puerto que supondr\u00e1 el [&hellip;]<\/p>\n","protected":false},"author":4,"featured_media":106238,"comment_status":"open","ping_status":"closed","sticky":false,"template":"","format":"standard","meta":{"om_disable_all_campaigns":false,"jnews-multi-image_gallery":[],"jnews_single_post":[],"jnews_primary_category":[],"jnews_social_meta":[],"footnotes":""},"categories":[41],"tags":[],"class_list":["post-106237","post","type-post","status-publish","format-standard","has-post-thumbnail","hentry","category-cruceros"],"_links":{"self":[{"href":"https:\/\/dimensionturistica.com\/es\/wp-json\/wp\/v2\/posts\/106237","targetHints":{"allow":["GET"]}}],"collection":[{"href":"https:\/\/dimensionturistica.com\/es\/wp-json\/wp\/v2\/posts"}],"about":[{"href":"https:\/\/dimensionturistica.com\/es\/wp-json\/wp\/v2\/types\/post"}],"author":[{"embeddable":true,"href":"https:\/\/dimensionturistica.com\/es\/wp-json\/wp\/v2\/users\/4"}],"replies":[{"embeddable":true,"href":"https:\/\/dimensionturistica.com\/es\/wp-json\/wp\/v2\/comments?post=106237"}],"version-history":[{"count":0,"href":"https:\/\/dimensionturistica.com\/es\/wp-json\/wp\/v2\/posts\/106237\/revisions"}],"wp:featuredmedia":[{"embeddable":true,"href":"https:\/\/dimensionturistica.com\/es\/wp-json\/wp\/v2\/media\/106238"}],"wp:attachment":[{"href":"https:\/\/dimensionturistica.com\/es\/wp-json\/wp\/v2\/media?parent=106237"}],"wp:term":[{"taxonomy":"category","embeddable":true,"href":"https:\/\/dimensionturistica.com\/es\/wp-json\/wp\/v2\/categories?post=106237"},{"taxonomy":"post_tag","embeddable":true,"href":"https:\/\/dimensionturistica.com\/es\/wp-json\/wp\/v2\/tags?post=106237"}],"curies":[{"name":"wp","href":"https:\/\/api.w.org\/{rel}","templated":true}]}}