{"id":1061589,"date":"2025-10-16T03:47:48","date_gmt":"2025-10-16T03:47:48","guid":{"rendered":"https:\/\/dimensionturistica.com\/es\/?p=1061589"},"modified":"2025-10-16T03:47:48","modified_gmt":"2025-10-16T03:47:48","slug":"como-apoyar-a-quienes-sufrieron-por-las-inundaciones-en-veracruz","status":"publish","type":"post","link":"https:\/\/dimensionturistica.com\/es\/como-apoyar-a-quienes-sufrieron-por-las-inundaciones-en-veracruz\/","title":{"rendered":"C\u00f3mo apoyar a quienes sufrieron por las inundaciones en Veracruz"},"content":{"rendered":"<h3>Solidaridad a la Moda: C\u00f3mo Tu Estilo Puede Marcar la Diferencia<\/h3>\n<p>La moda trasciende las pasarelas y las \u00faltimas tendencias; es tambi\u00e9n un canal para la solidaridad y el apoyo en momentos de crisis. Recientemente, el estado de Veracruz enfrent\u00f3 circunstancias dif\u00edciles debido a intensas lluvias que afectaron a muchas comunidades. En este contexto, surge la pregunta: \u00bfpuede la moda contribuir a una causa mayor?<\/p>\n<h4>Estilo con Prop\u00f3sito<\/h4>\n<p>Un n\u00famero creciente de marcas y dise\u00f1adores est\u00e1n tomando medidas para ayudar a quienes han sido impactados por desastres naturales. \u00bfC\u00f3mo puedes ser parte de este movimiento? Optar por comprar en marcas que destinen parte de sus ganancias a la reconstrucci\u00f3n de comunidades es una manera efectiva de combinar tu pasi\u00f3n por la moda con un impacto positivo.<\/p>\n<h4>Eventos de Moda con Causa<\/h4>\n<p>En diversas ciudades, se est\u00e1n organizando desfiles y eventos ben\u00e9ficos donde parte de los ingresos se destinar\u00e1n a ayudar a los afectados por las lluvias. Participar en estos eventos no solo es una forma de disfrutar de un espect\u00e1culo fashionista, sino que tambi\u00e9n representa una oportunidad para contribuir de manera tangible. <\/p>\n<h4>La Importancia de Donar<\/h4>\n<p>El aprecio por la moda tambi\u00e9n puede manifestarse a trav\u00e9s de donaciones. La ropa de alta calidad que ya no utilizas puede ser de gran ayuda para quienes han perdido todo. Busca organizaciones locales que realicen campa\u00f1as de acopio y considera donar aquellas prendas que ya no uses. <\/p>\n<h4>Redes Sociales: Un Poder para la Conciencia<\/h4>\n<p>Las plataformas digitales se han convertido en un veh\u00edculo vital para crear conciencia y movilizar apoyo. Utiliza tu perfil para compartir informaci\u00f3n sobre iniciativas y eventos. A trav\u00e9s de hashtags relevantes, puedes ayudar a que tu mensaje llegue a una audiencia m\u00e1s amplia y, al mismo tiempo, inspirar a otros a unirse al esfuerzo de ayuda.<\/p>\n<h4>Estilo en Resiliencia<\/h4>\n<p>Las comunidades afectadas no solo necesitan apoyo econ\u00f3mico; tambi\u00e9n requieren del fortalecimiento de su esp\u00edritu. La moda puede jugar un papel clave en esta resiliencia. Proyectos de dise\u00f1o que involucran a las personas locales en la creaci\u00f3n de prendas pueden ser una forma no solo de restaurar la econom\u00eda, sino tambi\u00e9n de recuperar el sentido de identidad y orgullo.<\/p>\n<h4>Colaboraciones Impactantes<\/h4>\n<p>Marcas de renombre est\u00e1n asoci\u00e1ndose con dise\u00f1adores emergentes y grupos comunitarios para lanzar colecciones que, adem\u00e1s de ser estilizadas, incluyen mensajes de esperanza y unidad. La fusi\u00f3n de creatividad y solidaridad est\u00e1 dando lugar a piezas que no solo son visualmente atractivas, sino que tambi\u00e9n cuentan una historia.<\/p>\n<h4>La Moda es una Herramienta<\/h4>\n<p>Entender que la moda puede ser un medio para el cambio es fundamental en estos tiempos. Cada una de nuestras decisiones de compra puede tener repercusiones que trascienden el vestuario; pueden ser parte de una reestructura social que busca ayudar a quienes m\u00e1s lo necesitan.<\/p>\n<h3>Conclusi\u00f3n<\/h3>\n<p>Dale un nuevo significado a tu estilo personal. Cada prenda que eliges puede ser una declaraci\u00f3n de empat\u00eda y apoyo a las comunidades que enfrentan adversidades. La moda es una herramienta poderosa; \u00fasalas para dicen algo significativo y, sobre todo, para aportar al bienestar de aquellos que luchan por reconstruir sus vidas.<\/p>\n<p><em> &#8221; Fuentes www.vogue.mx &#8221; <\/em><\/p>\n","protected":false},"excerpt":{"rendered":"<p>Solidaridad a la Moda: C\u00f3mo Tu Estilo Puede Marcar la Diferencia La moda trasciende las pasarelas y las \u00faltimas tendencias; es tambi\u00e9n un canal para la solidaridad y el apoyo en momentos de crisis. Recientemente, el estado de Veracruz enfrent\u00f3 circunstancias dif\u00edciles debido a intensas lluvias que afectaron a muchas comunidades. En este contexto, surge [&hellip;]<\/p>\n","protected":false},"author":14,"featured_media":1061590,"comment_status":"open","ping_status":"closed","sticky":false,"template":"","format":"standard","meta":{"om_disable_all_campaigns":false,"jnews-multi-image_gallery":[],"jnews_single_post":[],"jnews_primary_category":[],"jnews_social_meta":[],"footnotes":""},"categories":[144872],"tags":[204724,193073,6558,624,3240,84773,21197,9910,1496,28572,33721,142911,6198,373],"class_list":["post-1061589","post","type-post","status-publish","format-standard","has-post-thumbnail","hentry","category-fashion","tag-_local_content_1","tag-_msn_feed","tag-apoyo","tag-ayuda","tag-comunidad","tag-desastres-naturales","tag-emergencias","tag-inundaciones","tag-prevencion","tag-reconstruccion","tag-responsabilidad-social","tag-splitscreenimageleftinset","tag-veracruz","tag-web"],"_links":{"self":[{"href":"https:\/\/dimensionturistica.com\/es\/wp-json\/wp\/v2\/posts\/1061589","targetHints":{"allow":["GET"]}}],"collection":[{"href":"https:\/\/dimensionturistica.com\/es\/wp-json\/wp\/v2\/posts"}],"about":[{"href":"https:\/\/dimensionturistica.com\/es\/wp-json\/wp\/v2\/types\/post"}],"author":[{"embeddable":true,"href":"https:\/\/dimensionturistica.com\/es\/wp-json\/wp\/v2\/users\/14"}],"replies":[{"embeddable":true,"href":"https:\/\/dimensionturistica.com\/es\/wp-json\/wp\/v2\/comments?post=1061589"}],"version-history":[{"count":1,"href":"https:\/\/dimensionturistica.com\/es\/wp-json\/wp\/v2\/posts\/1061589\/revisions"}],"predecessor-version":[{"id":1061591,"href":"https:\/\/dimensionturistica.com\/es\/wp-json\/wp\/v2\/posts\/1061589\/revisions\/1061591"}],"wp:featuredmedia":[{"embeddable":true,"href":"https:\/\/dimensionturistica.com\/es\/wp-json\/wp\/v2\/media\/1061590"}],"wp:attachment":[{"href":"https:\/\/dimensionturistica.com\/es\/wp-json\/wp\/v2\/media?parent=1061589"}],"wp:term":[{"taxonomy":"category","embeddable":true,"href":"https:\/\/dimensionturistica.com\/es\/wp-json\/wp\/v2\/categories?post=1061589"},{"taxonomy":"post_tag","embeddable":true,"href":"https:\/\/dimensionturistica.com\/es\/wp-json\/wp\/v2\/tags?post=1061589"}],"curies":[{"name":"wp","href":"https:\/\/api.w.org\/{rel}","templated":true}]}}