{"id":1061492,"date":"2025-10-15T23:34:00","date_gmt":"2025-10-15T23:34:00","guid":{"rendered":"https:\/\/dimensionturistica.com\/es\/?p=1061492"},"modified":"2025-10-15T23:34:00","modified_gmt":"2025-10-15T23:34:00","slug":"el-tianguis-turistico-mexico-2027-se-desarrollara-en-la-ciudad-de-puebla","status":"publish","type":"post","link":"https:\/\/dimensionturistica.com\/es\/el-tianguis-turistico-mexico-2027-se-desarrollara-en-la-ciudad-de-puebla\/","title":{"rendered":"El Tianguis Tur\u00edstico M\u00e9xico 2027\u00a0se desarrollara en la ciudad de Puebla"},"content":{"rendered":"\n<figure class=\"wp-block-gallery has-nested-images columns-default is-cropped wp-block-gallery-1 is-layout-flex wp-block-gallery-is-layout-flex\">\n<figure class=\"wp-block-image size-large\"><img decoding=\"async\" width=\"500\" height=\"329\" data-id=\"1061493\" src=\"https:\/\/dimensionturistica.com\/es\/wp-content\/uploads\/2025\/10\/2PUEBLA.jpg\" alt=\"\" class=\"wp-image-1061493\" srcset=\"https:\/\/dimensionturistica.com\/es\/wp-content\/uploads\/2025\/10\/2PUEBLA.jpg 500w, https:\/\/dimensionturistica.com\/es\/wp-content\/uploads\/2025\/10\/2PUEBLA-300x197.jpg 300w\" sizes=\"(max-width: 500px) 100vw, 500px\" \/><\/figure>\n<\/figure>\n\n\n\n<p><em>La secretaria de Turismo del Gobierno de M\u00e9xico, Josefina Rodr\u00edguez Zamora, anunci\u00f3 que Puebla ser\u00e1 la sede del Tianguis Tur\u00edstico M\u00e9xico 2027, el evento m\u00e1s importante del sector en el pa\u00eds, tras un proceso de selecci\u00f3n t\u00e9cnico y transparente realizado por el Comit\u00e9 de Selecci\u00f3n.<\/em><em><\/em><\/p>\n\n\n\n<p><em>Durante el anuncio, la titular de la Sectur destac\u00f3 que la decisi\u00f3n fue un\u00e1nime y posterior a &nbsp;un an\u00e1lisis detallado de las propuestas recibidas.<\/em><em><\/em><\/p>\n\n\n\n<figure class=\"wp-block-gallery has-nested-images columns-default is-cropped wp-block-gallery-2 is-layout-flex wp-block-gallery-is-layout-flex\">\n<figure class=\"wp-block-image size-large\"><img decoding=\"async\" width=\"500\" height=\"333\" data-id=\"1061494\" src=\"https:\/\/dimensionturistica.com\/es\/wp-content\/uploads\/2025\/10\/1PUEBLA.jpg\" alt=\"\" class=\"wp-image-1061494\" srcset=\"https:\/\/dimensionturistica.com\/es\/wp-content\/uploads\/2025\/10\/1PUEBLA.jpg 500w, https:\/\/dimensionturistica.com\/es\/wp-content\/uploads\/2025\/10\/1PUEBLA-300x200.jpg 300w\" sizes=\"(max-width: 500px) 100vw, 500px\" \/><\/figure>\n<\/figure>\n\n\n\n<p><em>\u201cDespu\u00e9s de un an\u00e1lisis t\u00e9cnico, documentado y muy riguroso para seleccionar la sede, llegamos a la conclusi\u00f3n, de manera un\u00e1nime, que el ganador para el Tianguis Tur\u00edstico 2027 ser\u00e1 el estado de Puebla. Prep\u00e1rense para recibir a los 32 estados y a m\u00e1s de 45 pa\u00edses que nos visitar\u00e1n en 2027. Enhorabuena y muchas felicidades\u201d, expres\u00f3 la secretaria.<\/em><em><\/em><\/p>\n\n\n\n<p><em>La convocatoria para definir la sede del Tianguis Tur\u00edstico 2027 se public\u00f3 en el Diario Oficial de la Federaci\u00f3n el 18 de agosto, otorgando un plazo de 30 d\u00edas naturales para que las entidades federativas presentar\u00e1n sus propuestas, mismas que se recibieron hasta el 17 de septiembre.<\/em><em><\/em><\/p>\n\n\n\n<p><em>En total, cinco estados respondieron a la convocatoria: Ciudad de M\u00e9xico, Guanajuato, Nuevo Le\u00f3n, Puebla y Veracruz.<\/em><em><\/em><\/p>\n\n\n\n<p><em>El Comit\u00e9 de Selecci\u00f3n determin\u00f3 otorgar la sede a Puebla por la calidad de sus instalaciones, su conectividad, la oferta de servicios tur\u00edsticos, los compromisos asumidos por la entidad y los apoyos complementarios incluidos en su propuesta.<\/em><em><\/em><\/p>\n\n\n\n<p><\/p>\n\n\n\n<p><em>La titular de la Sectur estuvo acompa\u00f1ada por la subsecretaria de Turismo, Nathalie Desplas Puel; el titular de la Unidad de Innovaci\u00f3n, Sustentabilidad y Profesionalizaci\u00f3n Tur\u00edstica, Miguel Agu\u00ed\u00f1iga Rodr\u00edguez; la subdirectora de Ventas del Fondo Nacional de Fomento al Turismo (Fonatur), Daniela D\u00e1vila Serv\u00edn; el presidente de la ASETUR y secretario de Turismo de Quintana Roo, Bernardo Cueto Riestra; el presidente de la Confederaci\u00f3n de C\u00e1maras Nacionales de Comercio, Servicios y Turismo de M\u00e9xico (Concanaco Servytur), Octavio de la Torre St\u00e9ffano; el presidente del Consejo Nacional Empresarial Tur\u00edstico (CNET), Antonio Cos\u00edo Pando; la presidenta ejecutiva de la C\u00e1mara Nacional de la Industria de Restaurantes y Alimentos Condimentados (CANIRAC), Claudia Ram\u00edrez del Palacio; el presidente de la Asociaci\u00f3n Mexicana de Hoteles y Moteles (AMHM), Miguel \u00c1ngel Fong Gonz\u00e1lez; el presidente de la Asociaci\u00f3n Nacional de Cadenas Hoteleras (ANCH), Jorge Paoli D\u00edaz; la consejera y gerente senior de Asuntos P\u00fablicos de Aerom\u00e9xico y de la C\u00e1mara Nacional de Aerotransportes (CANAERO), Alejandra Reyes; el vicepresidente de Turismo de la C\u00e1mara Nacional del Autotransporte de Pasaje y Turismo (CANAPAT), Jos\u00e9 Manuel de Alba; y el vicepresidente de Turismo de la Asociaci\u00f3n Mexicana de Agencias de Viajes (AMAV), Jos\u00e9 Vicente Morales.<\/em><em><\/em><\/p>\n\n\n\n<figure class=\"wp-block-gallery has-nested-images columns-default is-cropped wp-block-gallery-3 is-layout-flex wp-block-gallery-is-layout-flex\">\n<figure class=\"wp-block-image size-large\"><img decoding=\"async\" width=\"500\" height=\"333\" data-id=\"1061495\" src=\"https:\/\/dimensionturistica.com\/es\/wp-content\/uploads\/2025\/10\/4PUEBLA.jpg\" alt=\"\" class=\"wp-image-1061495\" srcset=\"https:\/\/dimensionturistica.com\/es\/wp-content\/uploads\/2025\/10\/4PUEBLA.jpg 500w, https:\/\/dimensionturistica.com\/es\/wp-content\/uploads\/2025\/10\/4PUEBLA-300x200.jpg 300w\" sizes=\"(max-width: 500px) 100vw, 500px\" \/><\/figure>\n<\/figure>\n\n\n\n<p><em>Luego de esta designaci\u00f3n, se explic\u00f3, el estado de Puebla se preparar\u00e1 para recibir a representantes de los 32 estados y m\u00e1s de 45 pa\u00edses, reafirmando su posici\u00f3n como un destino con infraestructura, conectividad y oferta tur\u00edstica de primer nivel.<\/em><em><\/em><\/p>\n","protected":false},"excerpt":{"rendered":"<p>La secretaria de Turismo del Gobierno de M\u00e9xico, Josefina Rodr\u00edguez Zamora, anunci\u00f3 que Puebla ser\u00e1 la sede del Tianguis Tur\u00edstico M\u00e9xico 2027, el evento m\u00e1s importante del sector en el pa\u00eds, tras un proceso de selecci\u00f3n t\u00e9cnico y transparente realizado por el Comit\u00e9 de Selecci\u00f3n. Durante el anuncio, la titular de la Sectur destac\u00f3 que [&hellip;]<\/p>\n","protected":false},"author":1,"featured_media":0,"comment_status":"open","ping_status":"closed","sticky":false,"template":"","format":"standard","meta":{"om_disable_all_campaigns":false,"jnews-multi-image_gallery":[],"jnews_single_post":{"format":"standard"},"jnews_primary_category":[],"jnews_social_meta":[],"footnotes":""},"categories":[39],"tags":[],"class_list":["post-1061492","post","type-post","status-publish","format-standard","hentry","category-viajes"],"_links":{"self":[{"href":"https:\/\/dimensionturistica.com\/es\/wp-json\/wp\/v2\/posts\/1061492","targetHints":{"allow":["GET"]}}],"collection":[{"href":"https:\/\/dimensionturistica.com\/es\/wp-json\/wp\/v2\/posts"}],"about":[{"href":"https:\/\/dimensionturistica.com\/es\/wp-json\/wp\/v2\/types\/post"}],"author":[{"embeddable":true,"href":"https:\/\/dimensionturistica.com\/es\/wp-json\/wp\/v2\/users\/1"}],"replies":[{"embeddable":true,"href":"https:\/\/dimensionturistica.com\/es\/wp-json\/wp\/v2\/comments?post=1061492"}],"version-history":[{"count":1,"href":"https:\/\/dimensionturistica.com\/es\/wp-json\/wp\/v2\/posts\/1061492\/revisions"}],"predecessor-version":[{"id":1061496,"href":"https:\/\/dimensionturistica.com\/es\/wp-json\/wp\/v2\/posts\/1061492\/revisions\/1061496"}],"wp:attachment":[{"href":"https:\/\/dimensionturistica.com\/es\/wp-json\/wp\/v2\/media?parent=1061492"}],"wp:term":[{"taxonomy":"category","embeddable":true,"href":"https:\/\/dimensionturistica.com\/es\/wp-json\/wp\/v2\/categories?post=1061492"},{"taxonomy":"post_tag","embeddable":true,"href":"https:\/\/dimensionturistica.com\/es\/wp-json\/wp\/v2\/tags?post=1061492"}],"curies":[{"name":"wp","href":"https:\/\/api.w.org\/{rel}","templated":true}]}}