{"id":1061480,"date":"2025-10-15T23:16:03","date_gmt":"2025-10-15T23:16:03","guid":{"rendered":"https:\/\/dimensionturistica.com\/es\/?p=1061480"},"modified":"2025-10-15T23:16:03","modified_gmt":"2025-10-15T23:16:03","slug":"haagen-dazs-relanza-su-linea-de-paletas-regulares-en-formato-individual-un-multipack-de-3-unidades-y-el-nuevo-formato-mini-con-los-sabores-mas-populares-del-segmento","status":"publish","type":"post","link":"https:\/\/dimensionturistica.com\/es\/haagen-dazs-relanza-su-linea-de-paletas-regulares-en-formato-individual-un-multipack-de-3-unidades-y-el-nuevo-formato-mini-con-los-sabores-mas-populares-del-segmento\/","title":{"rendered":"H\u00e4agen-Dazs relanza su l\u00ednea de paletas regulares en formato individual, un multipack de 3 unidades, y el nuevo formato mini con los sabores m\u00e1s populares del segmento."},"content":{"rendered":"\n<figure class=\"wp-block-gallery has-nested-images columns-default is-cropped wp-block-gallery-1 is-layout-flex wp-block-gallery-is-layout-flex\">\n<figure class=\"wp-block-image size-large\"><img decoding=\"async\" width=\"500\" height=\"281\" data-id=\"1061482\" src=\"https:\/\/dimensionturistica.com\/es\/wp-content\/uploads\/2025\/10\/2HELADO.jpg\" alt=\"\" class=\"wp-image-1061482\" srcset=\"https:\/\/dimensionturistica.com\/es\/wp-content\/uploads\/2025\/10\/2HELADO.jpg 500w, https:\/\/dimensionturistica.com\/es\/wp-content\/uploads\/2025\/10\/2HELADO-300x169.jpg 300w\" sizes=\"(max-width: 500px) 100vw, 500px\" \/><\/figure>\n<\/figure>\n\n\n\n<p><em>H\u00e4agen-Dazs, la marca sin\u00f3nimo de lujo y sofisticaci\u00f3n en el mundo del helado, anuncia un movimiento estrat\u00e9gico en el mercado mexicano al introducir las paletas H\u00e4agen-Dazs Mini, que se suman a su aclamada l\u00ednea de de paletas disponibles en formato individual y el multipack de 3.<\/em><em><\/em><\/p>\n\n\n\n<figure class=\"wp-block-gallery has-nested-images columns-default is-cropped wp-block-gallery-2 is-layout-flex wp-block-gallery-is-layout-flex\">\n<figure class=\"wp-block-image size-large\"><img decoding=\"async\" width=\"800\" height=\"800\" data-id=\"1061483\" src=\"https:\/\/dimensionturistica.com\/es\/wp-content\/uploads\/2025\/10\/1756837067211.jpeg\" alt=\"\" class=\"wp-image-1061483\" srcset=\"https:\/\/dimensionturistica.com\/es\/wp-content\/uploads\/2025\/10\/1756837067211.jpeg 800w, https:\/\/dimensionturistica.com\/es\/wp-content\/uploads\/2025\/10\/1756837067211-300x300.jpeg 300w, https:\/\/dimensionturistica.com\/es\/wp-content\/uploads\/2025\/10\/1756837067211-150x150.jpeg 150w, https:\/\/dimensionturistica.com\/es\/wp-content\/uploads\/2025\/10\/1756837067211-768x768.jpeg 768w, https:\/\/dimensionturistica.com\/es\/wp-content\/uploads\/2025\/10\/1756837067211-75x75.jpeg 75w, https:\/\/dimensionturistica.com\/es\/wp-content\/uploads\/2025\/10\/1756837067211-350x350.jpeg 350w, https:\/\/dimensionturistica.com\/es\/wp-content\/uploads\/2025\/10\/1756837067211-750x750.jpeg 750w\" sizes=\"(max-width: 800px) 100vw, 800px\" \/><\/figure>\n<\/figure>\n\n\n\n<p><em>Las nuevas creaciones de H\u00e4agen-Dazs buscan redefinir los momentos de antojo al encapsular la distintiva experiencia ultra premium de la marca \u2014elaborada con la ic\u00f3nica y cremosa vainilla de Madagascar\u2014 en un formato perfecto para la indulgencia inmediata.<\/em><em><\/em><\/p>\n\n\n\n<figure class=\"wp-block-gallery has-nested-images columns-default is-cropped wp-block-gallery-3 is-layout-flex wp-block-gallery-is-layout-flex\">\n<figure class=\"wp-block-image size-large\"><img decoding=\"async\" width=\"500\" height=\"469\" data-id=\"1061486\" src=\"https:\/\/dimensionturistica.com\/es\/wp-content\/uploads\/2025\/10\/4HELADO.jpg\" alt=\"\" class=\"wp-image-1061486\" srcset=\"https:\/\/dimensionturistica.com\/es\/wp-content\/uploads\/2025\/10\/4HELADO.jpg 500w, https:\/\/dimensionturistica.com\/es\/wp-content\/uploads\/2025\/10\/4HELADO-300x281.jpg 300w\" sizes=\"(max-width: 500px) 100vw, 500px\" \/><\/figure>\n<\/figure>\n\n\n\n<p><em>Este relanzamiento abre un nuevo cap\u00edtulo para H\u00e4agen-Dazs en M\u00e9xico, prometiendo cautivar tanto a sus fieles seguidores como a las nuevas generaciones. La estrategia se centra en la accesibilidad sin comprometer la calidad.<\/em><em><\/em><\/p>\n\n\n\n<p><em>Gabriela Pallota, Marketing Manager para H\u00e4agen-Dazs M\u00e9xico, afirma que la renovaci\u00f3n responde a las tendencias de consumo: &#8220;Con este relanzamiento del portafolio de paletas, que incluye los sabores m\u00e1s populares del segmento, ofrecemos a los consumidores formatos y precios m\u00e1s competitivos, manteniendo siempre la alta calidad que solo puede ofrecer H\u00e4agen-Dazs, en la porci\u00f3n perfecta para disfrutar en todo momento&#8221;. <\/em><em><\/em><\/p>\n\n\n\n<p><em>Los sabores que acompa\u00f1an la l\u00ednea de paletas H\u00e4agen-Dazs son los dos m\u00e1s populares del segmento en M\u00e9xico: Vanilla Milk Chocolate Almond y Vanilla Milk Chocolate.<\/em><em><\/em><\/p>\n\n\n\n<figure class=\"wp-block-gallery has-nested-images columns-default is-cropped wp-block-gallery-4 is-layout-flex wp-block-gallery-is-layout-flex\">\n<figure class=\"wp-block-image size-large\"><img decoding=\"async\" width=\"500\" height=\"280\" data-id=\"1061487\" src=\"https:\/\/dimensionturistica.com\/es\/wp-content\/uploads\/2025\/10\/6HELADO.jpg\" alt=\"\" class=\"wp-image-1061487\" srcset=\"https:\/\/dimensionturistica.com\/es\/wp-content\/uploads\/2025\/10\/6HELADO.jpg 500w, https:\/\/dimensionturistica.com\/es\/wp-content\/uploads\/2025\/10\/6HELADO-300x168.jpg 300w\" sizes=\"(max-width: 500px) 100vw, 500px\" \/><\/figure>\n<\/figure>\n\n\n\n<p><em>H\u00e4agen-Dazs trasciende la categor\u00eda de simple antojo para convertirse en una experiencia sensorial completa. Cada paleta es el resultado de un cuidado proceso artesanal y de la selecci\u00f3n rigurosa de ingredientes de la m\u00e1s alta calidad, lo que garantiza una cremosidad inigualable y un despliegue de sabores verdaderamente \u00fanicos en cada mordida.<\/em><em><\/em><\/p>\n\n\n\n<p><em>La nueva y ampliada l\u00ednea de paletas H\u00e4agen-Dazs estar\u00e1 disponible a finales de octubre en tiendas de autoservicio, cadenas de conveniencia y clubes de precio con el objetivo de llegar a un p\u00fablico mucho m\u00e1s amplio y \u00e1vido de experiencias de sabor.<\/em><em><\/em><\/p>\n","protected":false},"excerpt":{"rendered":"<p>H\u00e4agen-Dazs, la marca sin\u00f3nimo de lujo y sofisticaci\u00f3n en el mundo del helado, anuncia un movimiento estrat\u00e9gico en el mercado mexicano al introducir las paletas H\u00e4agen-Dazs Mini, que se suman a su aclamada l\u00ednea de de paletas disponibles en formato individual y el multipack de 3. Las nuevas creaciones de H\u00e4agen-Dazs buscan redefinir los momentos [&hellip;]<\/p>\n","protected":false},"author":1,"featured_media":0,"comment_status":"open","ping_status":"closed","sticky":false,"template":"","format":"standard","meta":{"om_disable_all_campaigns":false,"jnews-multi-image_gallery":[],"jnews_single_post":{"format":"standard"},"jnews_primary_category":[],"jnews_social_meta":[],"footnotes":""},"categories":[43],"tags":[],"class_list":["post-1061480","post","type-post","status-publish","format-standard","hentry","category-gourmet"],"_links":{"self":[{"href":"https:\/\/dimensionturistica.com\/es\/wp-json\/wp\/v2\/posts\/1061480","targetHints":{"allow":["GET"]}}],"collection":[{"href":"https:\/\/dimensionturistica.com\/es\/wp-json\/wp\/v2\/posts"}],"about":[{"href":"https:\/\/dimensionturistica.com\/es\/wp-json\/wp\/v2\/types\/post"}],"author":[{"embeddable":true,"href":"https:\/\/dimensionturistica.com\/es\/wp-json\/wp\/v2\/users\/1"}],"replies":[{"embeddable":true,"href":"https:\/\/dimensionturistica.com\/es\/wp-json\/wp\/v2\/comments?post=1061480"}],"version-history":[{"count":1,"href":"https:\/\/dimensionturistica.com\/es\/wp-json\/wp\/v2\/posts\/1061480\/revisions"}],"predecessor-version":[{"id":1061488,"href":"https:\/\/dimensionturistica.com\/es\/wp-json\/wp\/v2\/posts\/1061480\/revisions\/1061488"}],"wp:attachment":[{"href":"https:\/\/dimensionturistica.com\/es\/wp-json\/wp\/v2\/media?parent=1061480"}],"wp:term":[{"taxonomy":"category","embeddable":true,"href":"https:\/\/dimensionturistica.com\/es\/wp-json\/wp\/v2\/categories?post=1061480"},{"taxonomy":"post_tag","embeddable":true,"href":"https:\/\/dimensionturistica.com\/es\/wp-json\/wp\/v2\/tags?post=1061480"}],"curies":[{"name":"wp","href":"https:\/\/api.w.org\/{rel}","templated":true}]}}