{"id":1061256,"date":"2025-10-15T14:33:08","date_gmt":"2025-10-15T14:33:08","guid":{"rendered":"https:\/\/dimensionturistica.com\/es\/?p=1061256"},"modified":"2025-10-15T14:33:08","modified_gmt":"2025-10-15T14:33:08","slug":"ado-celebra-en-14-anos-de-caravana-rosa-con-un-incremento-del-14-en-mastografias-gratuitas","status":"publish","type":"post","link":"https:\/\/dimensionturistica.com\/es\/ado-celebra-en-14-anos-de-caravana-rosa-con-un-incremento-del-14-en-mastografias-gratuitas\/","title":{"rendered":"ADO celebra en 14 a\u00f1os de Caravana Rosa con un incremento del 14% en mastograf\u00edas gratuitas"},"content":{"rendered":"\n<p><\/p>\n\n\n\n<figure class=\"wp-block-gallery has-nested-images columns-default is-cropped wp-block-gallery-1 is-layout-flex wp-block-gallery-is-layout-flex\">\n<figure class=\"wp-block-image size-large\"><img decoding=\"async\" width=\"500\" height=\"281\" data-id=\"1061260\" src=\"https:\/\/dimensionturistica.com\/es\/wp-content\/uploads\/2025\/10\/1ADO.jpg\" alt=\"\" class=\"wp-image-1061260\" srcset=\"https:\/\/dimensionturistica.com\/es\/wp-content\/uploads\/2025\/10\/1ADO.jpg 500w, https:\/\/dimensionturistica.com\/es\/wp-content\/uploads\/2025\/10\/1ADO-300x169.jpg 300w\" sizes=\"(max-width: 500px) 100vw, 500px\" \/><\/figure>\n<\/figure>\n\n\n\n<p>ADO, empresa l\u00edder en transporte terrestre de pasajeros, anuncia la d\u00e9cimo cuarta edici\u00f3n de Caravana Rosa en Oaxaca, iniciativa que por 14 a\u00f1os ha promovido la detecci\u00f3n oportuna del c\u00e1ncer de mama mediante la entrega de mastograf\u00edas gratuitas. En su edici\u00f3n 2025, la empresa incrementar\u00e1 en un 14% el n\u00famero de estudios realizados respecto a 2024, fortaleciendo as\u00ed su compromiso con la salud de las mujeres en 16 ciudades del centro y sur del pa\u00eds.<\/p>\n\n\n\n<p><\/p>\n\n\n\n<p>En M\u00e9xico, el c\u00e1ncer de mama es el tumor maligno m\u00e1s frecuente entre las mujeres, con un aproximado de 23 mil nuevos casos diagnosticados cada a\u00f1o, de acuerdo con datos del INEGI[ INEGI, Sala de prensa \u2013 Noticias, \u201c&lt;i&gt;INEGI: Incidencia de c\u00e1ncer de mama en M\u00e9xico 2022&lt;\/i&gt;\u201d, https:\/\/www.inegi.org.mx\/app\/saladeprensa\/noticia\/8498.]. Su alta incidencia, especialmente en estados como Ciudad de M\u00e9xico, Veracruz, Puebla y Campeche, evidencia la necesidad de fortalecer los programas de detecci\u00f3n oportuna en regiones del centro y sur del pa\u00eds. Frente a este panorama, Caravana Rosa, con el apoyo de aliados como Fucam y Asistencia Total, se consolida como una iniciativa esencial para acercar mastograf\u00edas gratuitas a mujeres Oaxaque\u00f1as de 40 a\u00f1os en adelante y reducir la brecha de acceso a servicios de salud para miles de mujeres.<\/p>\n\n\n\n<figure class=\"wp-block-gallery has-nested-images columns-default is-cropped wp-block-gallery-2 is-layout-flex wp-block-gallery-is-layout-flex\">\n<figure class=\"wp-block-image size-large\"><img decoding=\"async\" width=\"500\" height=\"333\" data-id=\"1061261\" src=\"https:\/\/dimensionturistica.com\/es\/wp-content\/uploads\/2025\/10\/3ADO.jpg\" alt=\"\" class=\"wp-image-1061261\" srcset=\"https:\/\/dimensionturistica.com\/es\/wp-content\/uploads\/2025\/10\/3ADO.jpg 500w, https:\/\/dimensionturistica.com\/es\/wp-content\/uploads\/2025\/10\/3ADO-300x200.jpg 300w\" sizes=\"(max-width: 500px) 100vw, 500px\" \/><\/figure>\n<\/figure>\n\n\n\n<p>Durante este tiempo se han facilitado m\u00e1s de 15 mil mastograf\u00edas gratuitas y 4 mil traslados para consultas y seguimientos m\u00e9dicos, gracias a la alianza entre ADO, FUCAM y Asistencia Total.<\/p>\n\n\n\n<p><\/p>\n\n\n\n<p>Se llev\u00f3 a cabo el Banderazo de Salida Oficial en el Estado de Oaxaca, con la presencia de la Lic. Maribel Salinas Velasco, Directora General del Sistema DIF Estatal de Oaxaca; la Lic. Yesenia Nolasco Ram\u00edrez, Titular de la Secretar\u00eda de Movilidad en Oaxaca; la Diputada Hayde\u00e9 Irma Reyes Soto, por el Distrito Oaxaca de Ju\u00e1rez; La Maestra Anah\u00ed Sarmiento P\u00e9rez, Titular de la Secretar\u00eda de las Mujeres del Estado de Oaxaca; Dr. Javier Robles Castillo, Director M\u00e9dico de FUCAM Oaxaca; &nbsp;Mar\u00eda Sara\u00ed Hern\u00e1ndez Mart\u00ednez, testimonial de Caravana Rosa de FUCAM Oaxaca; y el Ing. Eduardo Z\u00e1rate D\u00edaz, Gerente General MOBILITY ADO en Oaxaca.<\/p>\n\n\n\n<figure class=\"wp-block-gallery has-nested-images columns-default is-cropped wp-block-gallery-3 is-layout-flex wp-block-gallery-is-layout-flex\">\n<figure class=\"wp-block-image size-large\"><img decoding=\"async\" width=\"500\" height=\"294\" data-id=\"1061262\" src=\"https:\/\/dimensionturistica.com\/es\/wp-content\/uploads\/2025\/10\/22ADO.jpg\" alt=\"\" class=\"wp-image-1061262\" srcset=\"https:\/\/dimensionturistica.com\/es\/wp-content\/uploads\/2025\/10\/22ADO.jpg 500w, https:\/\/dimensionturistica.com\/es\/wp-content\/uploads\/2025\/10\/22ADO-300x176.jpg 300w\" sizes=\"(max-width: 500px) 100vw, 500px\" \/><\/figure>\n<\/figure>\n\n\n\n<p>\u201cDetr\u00e1s de cada cifra hay una historia de acompa\u00f1amiento, detecci\u00f3n oportuna y vida. Este a\u00f1o, bajo el lema \u201cPrimero t\u00fa, despu\u00e9s todo\u201d, reforzamos un mensaje que trasciende lo simb\u00f3lico: antes de todo lo que cuidan \u2014hogares, familias, trabajos\u2014, deben cuidar de s\u00ed mismas. En Oaxaca, Caravana Rosa cobra un valor especial, se convierte en una invitaci\u00f3n a cuidar y acompa\u00f1ar, no solo a las mujeres, sino tambi\u00e9n a quienes las rodean. <\/p>\n\n\n\n<p>Por eso, hoy quiero hacer un llamado muy concreto: Invitamos a las mujeres oaxaque\u00f1as de 40 a\u00f1os en adelante a acudir a la Terminal ADO Oaxaca por su Pase Rosa y a realizar su mastograf\u00eda sin costo en FUCAM Oaxaca.\u201d, afirm\u00f3 el Ing. Eduardo Z\u00e1rate D\u00edaz, Gerente General MOBILITY ADO en Oaxaca.<\/p>\n\n\n\n<figure class=\"wp-block-gallery has-nested-images columns-default is-cropped wp-block-gallery-4 is-layout-flex wp-block-gallery-is-layout-flex\">\n<figure class=\"wp-block-image size-large\"><img decoding=\"async\" width=\"500\" height=\"333\" data-id=\"1061263\" src=\"https:\/\/dimensionturistica.com\/es\/wp-content\/uploads\/2025\/10\/8ADO.jpg\" alt=\"\" class=\"wp-image-1061263\" srcset=\"https:\/\/dimensionturistica.com\/es\/wp-content\/uploads\/2025\/10\/8ADO.jpg 500w, https:\/\/dimensionturistica.com\/es\/wp-content\/uploads\/2025\/10\/8ADO-300x200.jpg 300w\" sizes=\"(max-width: 500px) 100vw, 500px\" \/><\/figure>\n<\/figure>\n\n\n\n<p>El Pase Rosa, gratuito y accesible, estar\u00e1 disponible en la Terminal ADO Oaxaca hasta el 30 de noviembre de 2025. Las usuarias podr\u00e1n agendar su cita en FUCAM Oaxaca hasta el 31 de diciembre, con una vigencia m\u00e1xima para realizarse el estudio al 30 de marzo de 2026.<\/p>\n\n\n\n<figure class=\"wp-block-gallery has-nested-images columns-default is-cropped wp-block-gallery-5 is-layout-flex wp-block-gallery-is-layout-flex\">\n<figure class=\"wp-block-image size-large\"><img decoding=\"async\" width=\"500\" height=\"294\" data-id=\"1061264\" src=\"https:\/\/dimensionturistica.com\/es\/wp-content\/uploads\/2025\/10\/11ADO.jpg\" alt=\"\" class=\"wp-image-1061264\" srcset=\"https:\/\/dimensionturistica.com\/es\/wp-content\/uploads\/2025\/10\/11ADO.jpg 500w, https:\/\/dimensionturistica.com\/es\/wp-content\/uploads\/2025\/10\/11ADO-300x176.jpg 300w\" sizes=\"(max-width: 500px) 100vw, 500px\" \/><\/figure>\n<\/figure>\n\n\n\n<p>Una vez m\u00e1s <\/p>\n\n\n\n<p>ADO a trav\u00e9s de Caravana Rosa reafirma el compromiso con la salud y el bienestar de las comunidades donde opera, consolid\u00e1ndose como una iniciativa que promueve una cultura de detecci\u00f3n oportuna. El desarrollo de esta edici\u00f3n ha sido posible gracias al trabajo conjunto de instituciones de salud y aliados del sector privado como Scania y Grisi, Fucam y Asistencia Total, esta labor colectiva demuestra que el cuidado no es un acto individual, sino una responsabilidad compartida.<\/p>\n\n\n\n<figure class=\"wp-block-gallery has-nested-images columns-default is-cropped wp-block-gallery-6 is-layout-flex wp-block-gallery-is-layout-flex\">\n<figure class=\"wp-block-image size-large\"><img decoding=\"async\" width=\"500\" height=\"277\" data-id=\"1061265\" src=\"https:\/\/dimensionturistica.com\/es\/wp-content\/uploads\/2025\/10\/33ADO.jpg\" alt=\"\" class=\"wp-image-1061265\" srcset=\"https:\/\/dimensionturistica.com\/es\/wp-content\/uploads\/2025\/10\/33ADO.jpg 500w, https:\/\/dimensionturistica.com\/es\/wp-content\/uploads\/2025\/10\/33ADO-300x166.jpg 300w\" sizes=\"(max-width: 500px) 100vw, 500px\" \/><\/figure>\n<\/figure>\n","protected":false},"excerpt":{"rendered":"<p>ADO, empresa l\u00edder en transporte terrestre de pasajeros, anuncia la d\u00e9cimo cuarta edici\u00f3n de Caravana Rosa en Oaxaca, iniciativa que por 14 a\u00f1os ha promovido la detecci\u00f3n oportuna del c\u00e1ncer de mama mediante la entrega de mastograf\u00edas gratuitas. En su edici\u00f3n 2025, la empresa incrementar\u00e1 en un 14% el n\u00famero de estudios realizados respecto a [&hellip;]<\/p>\n","protected":false},"author":1,"featured_media":0,"comment_status":"open","ping_status":"closed","sticky":false,"template":"","format":"standard","meta":{"om_disable_all_campaigns":false,"jnews-multi-image_gallery":[],"jnews_single_post":{"format":"standard"},"jnews_primary_category":[],"jnews_social_meta":[],"footnotes":""},"categories":[40],"tags":[],"class_list":["post-1061256","post","type-post","status-publish","format-standard","hentry","category-industria"],"_links":{"self":[{"href":"https:\/\/dimensionturistica.com\/es\/wp-json\/wp\/v2\/posts\/1061256","targetHints":{"allow":["GET"]}}],"collection":[{"href":"https:\/\/dimensionturistica.com\/es\/wp-json\/wp\/v2\/posts"}],"about":[{"href":"https:\/\/dimensionturistica.com\/es\/wp-json\/wp\/v2\/types\/post"}],"author":[{"embeddable":true,"href":"https:\/\/dimensionturistica.com\/es\/wp-json\/wp\/v2\/users\/1"}],"replies":[{"embeddable":true,"href":"https:\/\/dimensionturistica.com\/es\/wp-json\/wp\/v2\/comments?post=1061256"}],"version-history":[{"count":1,"href":"https:\/\/dimensionturistica.com\/es\/wp-json\/wp\/v2\/posts\/1061256\/revisions"}],"predecessor-version":[{"id":1061266,"href":"https:\/\/dimensionturistica.com\/es\/wp-json\/wp\/v2\/posts\/1061256\/revisions\/1061266"}],"wp:attachment":[{"href":"https:\/\/dimensionturistica.com\/es\/wp-json\/wp\/v2\/media?parent=1061256"}],"wp:term":[{"taxonomy":"category","embeddable":true,"href":"https:\/\/dimensionturistica.com\/es\/wp-json\/wp\/v2\/categories?post=1061256"},{"taxonomy":"post_tag","embeddable":true,"href":"https:\/\/dimensionturistica.com\/es\/wp-json\/wp\/v2\/tags?post=1061256"}],"curies":[{"name":"wp","href":"https:\/\/api.w.org\/{rel}","templated":true}]}}