{"id":1061251,"date":"2025-10-15T14:12:48","date_gmt":"2025-10-15T14:12:48","guid":{"rendered":"https:\/\/dimensionturistica.com\/es\/?p=1061251"},"modified":"2025-10-15T14:12:48","modified_gmt":"2025-10-15T14:12:48","slug":"melilla-acogera-el-17-y-21-de-octubre-dos-visitas-para-familiarizar-a-productores-de-estados-unidos-y-europa","status":"publish","type":"post","link":"https:\/\/dimensionturistica.com\/es\/melilla-acogera-el-17-y-21-de-octubre-dos-visitas-para-familiarizar-a-productores-de-estados-unidos-y-europa\/","title":{"rendered":"Melilla acoger\u00e1 el 17 y 21 de octubre dos visitas para familiarizar a productores de Estados Unidos y Europa."},"content":{"rendered":"<h2>Melilla se Viste de Gala para Recibir a Productores Internacionales<\/h2>\n<p>La encantadora ciudad de Melilla se prepara para dar la bienvenida a dos emocionantes viajes de familiarizaci\u00f3n que tendr\u00e1n lugar los d\u00edas 17 y 21 de octubre. Este evento, que cita a productores de Estados Unidos y Europa, es una excelente oportunidad para mostrar la riqueza cultural, gastron\u00f3mica y paisaj\u00edstica que ofrece esta singular enclave en la costa norte de \u00c1frica.<\/p>\n<h3>Melilla: Un Destino \u00danico<\/h3>\n<p>Melilla, con su fusi\u00f3n de culturas, es un lugar donde la historia y la modernidad coexisten en armon\u00eda. La ciudad, enmarcada por impresionantes murallas y un puerto vibrante, invita a los visitantes a explorar su patrimonio arquitect\u00f3nico, que incluye edificios de estilo modernista y art d\u00e9co. Este encuentro con los productores promete resaltar no solo la belleza local, sino tambi\u00e9n el potencial que Melilla tiene como destino tur\u00edstico.<\/p>\n<h3>Un V\u00ednculo con la Gastronom\u00eda<\/h3>\n<p>Uno de los puntos m\u00e1s atractivos del viaje ser\u00e1 la oportunidad de degustar la variada y sabrosa gastronom\u00eda melillense. Los productores visitar\u00e1n los mercados locales, donde podr\u00e1n conocer de cerca los productos t\u00edpicos de la regi\u00f3n, desde pescados frescos hasta especias aut\u00f3ctonas. Esta experiencia no solo enriquecer\u00e1 su conocimiento sobre la cocina mediterr\u00e1nea, sino que tambi\u00e9n abrir\u00e1 la puerta a posibles colaboraciones futuras en el \u00e1mbito gastron\u00f3mico.<\/p>\n<h3>Intercambio Cultural<\/h3>\n<p>Estos viajes no ser\u00edan posibles sin el esfuerzo de las instituciones locales que buscan promover Melilla como destino tur\u00edstico. En este sentido, el intercambio cultural ser\u00e1 un ingrediente fundamental en las actividades programadas. Los anfitriones brindar\u00e1n a los visitantes la oportunidad de conocer tradiciones locales, m\u00fasica y art\u00edsticas, todo ello en un ambiente acogedor y hospitalario.<\/p>\n<h3>Conclusiones<\/h3>\n<p>La llegada de productores internacionales a Melilla representa un paso significativo en la promoci\u00f3n de esta ciudad como un lugar ideal para el turismo. La combinaci\u00f3n de su rica historia, su deliciosa gastronom\u00eda y su diversidad cultural atraer\u00e1 sin duda a muchos m\u00e1s visitantes en el futuro. Este tipo de eventos no solo beneficia a Melilla, sino que tambi\u00e9n enriquece a quienes la visitan, estableciendo un puente entre culturas y creando redes de colaboraci\u00f3n que perduran en el tiempo. <\/p>\n<p>A medida que se acercan las fechas, la expectativa crece y se vislumbra un impacto positivo tanto para los productores como para Melilla, que se prepara para abrir sus brazos y mostrar al mundo todo lo que tiene para ofrecer. \u00a1No se lo pierdan!<\/p>\n<p><em> &#8221; Fuentes copemelilla.com &#8221; <\/em><\/p>\n","protected":false},"excerpt":{"rendered":"<p>Melilla se Viste de Gala para Recibir a Productores Internacionales La encantadora ciudad de Melilla se prepara para dar la bienvenida a dos emocionantes viajes de familiarizaci\u00f3n que tendr\u00e1n lugar los d\u00edas 17 y 21 de octubre. Este evento, que cita a productores de Estados Unidos y Europa, es una excelente oportunidad para mostrar la [&hellip;]<\/p>\n","protected":false},"author":4,"featured_media":1061252,"comment_status":"open","ping_status":"closed","sticky":false,"template":"","format":"standard","meta":{"om_disable_all_campaigns":false,"jnews-multi-image_gallery":[],"jnews_single_post":[],"jnews_primary_category":[],"jnews_social_meta":[],"footnotes":""},"categories":[39],"tags":[89341,95332,588,1653,6018,1097,22841,544,96812],"class_list":["post-1061251","post","type-post","status-publish","format-standard","has-post-thumbnail","hentry","category-viajes","tag-comercio-internacional","tag-cooperacion-internacional","tag-ee-uu","tag-europa","tag-melilla","tag-octubre","tag-productores","tag-turismo","tag-viajes-de-familiarizacion"],"_links":{"self":[{"href":"https:\/\/dimensionturistica.com\/es\/wp-json\/wp\/v2\/posts\/1061251","targetHints":{"allow":["GET"]}}],"collection":[{"href":"https:\/\/dimensionturistica.com\/es\/wp-json\/wp\/v2\/posts"}],"about":[{"href":"https:\/\/dimensionturistica.com\/es\/wp-json\/wp\/v2\/types\/post"}],"author":[{"embeddable":true,"href":"https:\/\/dimensionturistica.com\/es\/wp-json\/wp\/v2\/users\/4"}],"replies":[{"embeddable":true,"href":"https:\/\/dimensionturistica.com\/es\/wp-json\/wp\/v2\/comments?post=1061251"}],"version-history":[{"count":1,"href":"https:\/\/dimensionturistica.com\/es\/wp-json\/wp\/v2\/posts\/1061251\/revisions"}],"predecessor-version":[{"id":1061253,"href":"https:\/\/dimensionturistica.com\/es\/wp-json\/wp\/v2\/posts\/1061251\/revisions\/1061253"}],"wp:featuredmedia":[{"embeddable":true,"href":"https:\/\/dimensionturistica.com\/es\/wp-json\/wp\/v2\/media\/1061252"}],"wp:attachment":[{"href":"https:\/\/dimensionturistica.com\/es\/wp-json\/wp\/v2\/media?parent=1061251"}],"wp:term":[{"taxonomy":"category","embeddable":true,"href":"https:\/\/dimensionturistica.com\/es\/wp-json\/wp\/v2\/categories?post=1061251"},{"taxonomy":"post_tag","embeddable":true,"href":"https:\/\/dimensionturistica.com\/es\/wp-json\/wp\/v2\/tags?post=1061251"}],"curies":[{"name":"wp","href":"https:\/\/api.w.org\/{rel}","templated":true}]}}