{"id":1061029,"date":"2025-10-15T04:15:48","date_gmt":"2025-10-15T04:15:48","guid":{"rendered":"https:\/\/dimensionturistica.com\/es\/?p=1061029"},"modified":"2025-10-15T04:15:48","modified_gmt":"2025-10-15T04:15:48","slug":"4-motivos-para-experimentar-el-estilo-de-corte-de-cabello-mariposa-setentero-este-otono-2025","status":"publish","type":"post","link":"https:\/\/dimensionturistica.com\/es\/4-motivos-para-experimentar-el-estilo-de-corte-de-cabello-mariposa-setentero-este-otono-2025\/","title":{"rendered":"4 motivos para experimentar el estilo de corte de cabello mariposa setentero este oto\u00f1o 2025"},"content":{"rendered":"<h3>El Corte de Cabello Mariposa: Un Regreso Triunfal en Oto\u00f1o 2025<\/h3>\n<p>El mundo de la moda y la belleza es c\u00edclico. Cada temporada nos trae de vuelta tendencias que marcaron \u00e9pocas pasadas, y en el oto\u00f1o de 2025, uno de los cortes de cabello m\u00e1s ic\u00f3nicos de los a\u00f1os 70 vuelve a robarse el protagonismo: el corte de cabello mariposa. Este estilo, que combina vitalidad y sofisticaci\u00f3n, est\u00e1 destinado a ser el favorito de la temporada. Aqu\u00ed te contamos por qu\u00e9 deber\u00edas considerarlo.<\/p>\n<h4>1. Versatilidad \u00danica<\/h4>\n<p>El corte mariposa se caracteriza por su estructura en capas que enmarca el rostro de manera favorecedora. Acepta diversas texturas y longitudes, adapt\u00e1ndose perfectamente a cada tipo de cabello. Ya sea lacio, rizado o con ondas, este estilo ofrece la versatilidad necesaria para adaptarse a cualquier personalidad.<\/p>\n<h4>2. Estilo Retro pero Moderno<\/h4>\n<p>El regreso del corte mariposa no es solo una mirada nost\u00e1lgica hacia los a\u00f1os 70. Al modernizarlo con toques contempor\u00e1neos, se convierte en una opci\u00f3n fresca y elegante. Con la posibilidad de a\u00f1adir flequillos y diferentes acabados, este corte se ajusta a las tendencias actuales, proporcionando un aire de sofisticaci\u00f3n y desenfado.<\/p>\n<h4>3. Mantenimiento Sencillo<\/h4>\n<p>Uno de los grandes atractivos del corte mariposa es su bajo mantenimiento. Las capas aportan movimiento y textura, lo que significa que no requiere un estilizado excesivo. Es ideal para aquellas que buscan un look chic sin mucha complicaci\u00f3n. Un poco de espuma, un spray texturizador y \u00a1listo! Tienes un peinado fabuloso en minutos.<\/p>\n<h4>4. Resalta la Feminidad<\/h4>\n<p>Este corte, con su forma que recuerda a las alas de una mariposa, resalta la feminidad en cada rasgo. Los vol\u00famenes estrat\u00e9gicamente colocados aligeran la melena y a\u00f1aden un toque de romance al look general. La forma \u00e9tica del corte permite lucir un look desenfadado pero elegante, perfecto para cualquier ocasi\u00f3n.<\/p>\n<h4>5. Ideal para el Oto\u00f1o<\/h4>\n<p>La llegada del oto\u00f1o trae consigo la necesidad de adaptarse a nuevas tendencias y estilos. El corte mariposa se integra a la perfecci\u00f3n con los colores c\u00e1lidos de la temporada, realzando las tonalidades marrones, rojizas y doradas que se ven en la naturaleza. Adem\u00e1s, este estilo se complementa a la perfecci\u00f3n con los accesorios oto\u00f1ales, como bufandas y gorros, sin perder un \u00e1pice de elegancia.<\/p>\n<h4>6. Influencia de Celebridades<\/h4>\n<p>Varios \u00edconos de la moda y celebridades han sido vistos llevando este estilo recientemente, lo que ha contribuido a su resurgimiento. Al observar c\u00f3mo se ha adaptado por figuras contempor\u00e1neas, se demuestra que el corte mariposa puede permanecer relevante y atractivo, permitiendo a quienes lo llevan destacar en cualquier evento.<\/p>\n<p>En esta temporada de oto\u00f1o 2025, experimentar con un nuevo look puede ser el cambio refrescante que tu imagen necesita. El corte de cabello mariposa, con su historia rica y su atractivo moderno, ofrece una oportunidad ideal para reinventarse. Si buscas un estilo que combine elegancia, frescura y confort, sin duda, este es el corte que debes considerar. \u00a1Atr\u00e9vete a volar alto con esta tendencia!<\/p>\n<p><em> &#8221; Fuentes www.vogue.mx &#8221; <\/em><\/p>\n","protected":false},"excerpt":{"rendered":"<p>El Corte de Cabello Mariposa: Un Regreso Triunfal en Oto\u00f1o 2025 El mundo de la moda y la belleza es c\u00edclico. Cada temporada nos trae de vuelta tendencias que marcaron \u00e9pocas pasadas, y en el oto\u00f1o de 2025, uno de los cortes de cabello m\u00e1s ic\u00f3nicos de los a\u00f1os 70 vuelve a robarse el protagonismo: [&hellip;]<\/p>\n","protected":false},"author":14,"featured_media":1061030,"comment_status":"open","ping_status":"closed","sticky":false,"template":"","format":"standard","meta":{"om_disable_all_campaigns":false,"jnews-multi-image_gallery":[],"jnews_single_post":[],"jnews_primary_category":[],"jnews_social_meta":[],"footnotes":""},"categories":[144872],"tags":[207929,3381,212865,201310,200508,206176,231011,207573,659,4330,203269,202426],"class_list":["post-1061029","post","type-post","status-publish","format-standard","has-post-thumbnail","hentry","category-fashion","tag-anos-70","tag-belleza","tag-cabello-corto","tag-corte-de-cabello","tag-cortes-de-cabello","tag-estilo-retro","tag-look-vintage","tag-mariposa","tag-moda","tag-otono","tag-otono-invierno-2025","tag-tendencias-de-cabello"],"_links":{"self":[{"href":"https:\/\/dimensionturistica.com\/es\/wp-json\/wp\/v2\/posts\/1061029","targetHints":{"allow":["GET"]}}],"collection":[{"href":"https:\/\/dimensionturistica.com\/es\/wp-json\/wp\/v2\/posts"}],"about":[{"href":"https:\/\/dimensionturistica.com\/es\/wp-json\/wp\/v2\/types\/post"}],"author":[{"embeddable":true,"href":"https:\/\/dimensionturistica.com\/es\/wp-json\/wp\/v2\/users\/14"}],"replies":[{"embeddable":true,"href":"https:\/\/dimensionturistica.com\/es\/wp-json\/wp\/v2\/comments?post=1061029"}],"version-history":[{"count":1,"href":"https:\/\/dimensionturistica.com\/es\/wp-json\/wp\/v2\/posts\/1061029\/revisions"}],"predecessor-version":[{"id":1061031,"href":"https:\/\/dimensionturistica.com\/es\/wp-json\/wp\/v2\/posts\/1061029\/revisions\/1061031"}],"wp:featuredmedia":[{"embeddable":true,"href":"https:\/\/dimensionturistica.com\/es\/wp-json\/wp\/v2\/media\/1061030"}],"wp:attachment":[{"href":"https:\/\/dimensionturistica.com\/es\/wp-json\/wp\/v2\/media?parent=1061029"}],"wp:term":[{"taxonomy":"category","embeddable":true,"href":"https:\/\/dimensionturistica.com\/es\/wp-json\/wp\/v2\/categories?post=1061029"},{"taxonomy":"post_tag","embeddable":true,"href":"https:\/\/dimensionturistica.com\/es\/wp-json\/wp\/v2\/tags?post=1061029"}],"curies":[{"name":"wp","href":"https:\/\/api.w.org\/{rel}","templated":true}]}}