{"id":1060841,"date":"2025-10-14T19:56:28","date_gmt":"2025-10-14T19:56:28","guid":{"rendered":"https:\/\/dimensionturistica.com\/es\/?p=1060841"},"modified":"2025-10-14T19:56:28","modified_gmt":"2025-10-14T19:56:28","slug":"el-cancer-de-mama-triple-negativo-metastasico-afecta-a-mujeres-en-la","status":"publish","type":"post","link":"https:\/\/dimensionturistica.com\/es\/el-cancer-de-mama-triple-negativo-metastasico-afecta-a-mujeres-en-la\/","title":{"rendered":"El C\u00e1ncer de mama triple negativo metast\u00e1sico afecta a mujeres en la"},"content":{"rendered":"\n<p>cuarta d\u00e9cada de su vida<\/p>\n\n\n\n<figure class=\"wp-block-gallery has-nested-images columns-default is-cropped wp-block-gallery-1 is-layout-flex wp-block-gallery-is-layout-flex\">\n<figure class=\"wp-block-image size-large\"><img decoding=\"async\" width=\"500\" height=\"233\" data-id=\"1060842\" src=\"https:\/\/dimensionturistica.com\/es\/wp-content\/uploads\/2025\/10\/6MAMA.jpg\" alt=\"\" class=\"wp-image-1060842\" srcset=\"https:\/\/dimensionturistica.com\/es\/wp-content\/uploads\/2025\/10\/6MAMA.jpg 500w, https:\/\/dimensionturistica.com\/es\/wp-content\/uploads\/2025\/10\/6MAMA-300x140.jpg 300w\" sizes=\"(max-width: 500px) 100vw, 500px\" \/><\/figure>\n<\/figure>\n\n\n\n<p>El c\u00e1ncer de mama triple negativo metast\u00e1sico (CMTNM), es la variante de c\u00e1ncer de mama m\u00e1s agresiva y representa entre el 12% (3,725), al 23% (7,140), de todos los nuevos diagn\u00f3sticos de c\u00e1nceres de mama (31,043 en 2022), y afecta principalmente a mujeres menores de 40 a\u00f1os.<\/p>\n\n\n\n<figure class=\"wp-block-gallery has-nested-images columns-default is-cropped wp-block-gallery-2 is-layout-flex wp-block-gallery-is-layout-flex\">\n<figure class=\"wp-block-image size-large\"><img decoding=\"async\" width=\"500\" height=\"500\" data-id=\"1060843\" src=\"https:\/\/dimensionturistica.com\/es\/wp-content\/uploads\/2025\/10\/2MAMA.jpg\" alt=\"\" class=\"wp-image-1060843\" srcset=\"https:\/\/dimensionturistica.com\/es\/wp-content\/uploads\/2025\/10\/2MAMA.jpg 500w, https:\/\/dimensionturistica.com\/es\/wp-content\/uploads\/2025\/10\/2MAMA-300x300.jpg 300w, https:\/\/dimensionturistica.com\/es\/wp-content\/uploads\/2025\/10\/2MAMA-150x150.jpg 150w, https:\/\/dimensionturistica.com\/es\/wp-content\/uploads\/2025\/10\/2MAMA-75x75.jpg 75w, https:\/\/dimensionturistica.com\/es\/wp-content\/uploads\/2025\/10\/2MAMA-350x350.jpg 350w\" sizes=\"(max-width: 500px) 100vw, 500px\" \/><\/figure>\n<\/figure>\n\n\n\n<p>As\u00ed lo dio a conocer la doctora Rocio Grajales, especialista en oncolog\u00eda, quien lanz\u00f3 un llamado a mantener la educaci\u00f3n y la concientizaci\u00f3n del c\u00e1ncer de mama todo el a\u00f1o porque el desaf\u00edo principal es la detecci\u00f3n temprana para poder mejorar la esperanza y calidad de vida para las mujeres mexicanas, sobre todo ante esa variante que es m\u00e1s agresiva y riesgosa.<\/p>\n\n\n\n<figure class=\"wp-block-gallery has-nested-images columns-default is-cropped wp-block-gallery-3 is-layout-flex wp-block-gallery-is-layout-flex\">\n<figure class=\"wp-block-image size-large\"><img decoding=\"async\" width=\"500\" height=\"281\" data-id=\"1060844\" src=\"https:\/\/dimensionturistica.com\/es\/wp-content\/uploads\/2025\/10\/3MAMA.jpg\" alt=\"\" class=\"wp-image-1060844\" srcset=\"https:\/\/dimensionturistica.com\/es\/wp-content\/uploads\/2025\/10\/3MAMA.jpg 500w, https:\/\/dimensionturistica.com\/es\/wp-content\/uploads\/2025\/10\/3MAMA-300x169.jpg 300w\" sizes=\"(max-width: 500px) 100vw, 500px\" \/><\/figure>\n<\/figure>\n\n\n\n<p>La doctora Grajales a\u00f1adi\u00f3 que \u201cel CMTNM representa entre el 10% al 15% de los casos de c\u00e1ncer de mama en M\u00e9xico y no responde ante tratamientos hormonales, porque las c\u00e9lulas de las que est\u00e1 compuesto no tienen receptores de estr\u00f3geno (HER2 y progesterona), y representa un desaf\u00edo para los sistemas de salud\u201d.<\/p>\n\n\n\n<figure class=\"wp-block-gallery has-nested-images columns-default is-cropped wp-block-gallery-4 is-layout-flex wp-block-gallery-is-layout-flex\">\n<figure class=\"wp-block-image size-large\"><img decoding=\"async\" width=\"500\" height=\"281\" data-id=\"1060846\" src=\"https:\/\/dimensionturistica.com\/es\/wp-content\/uploads\/2025\/10\/1MAMA.jpg\" alt=\"\" class=\"wp-image-1060846\" srcset=\"https:\/\/dimensionturistica.com\/es\/wp-content\/uploads\/2025\/10\/1MAMA.jpg 500w, https:\/\/dimensionturistica.com\/es\/wp-content\/uploads\/2025\/10\/1MAMA-300x169.jpg 300w\" sizes=\"(max-width: 500px) 100vw, 500px\" \/><\/figure>\n<\/figure>\n\n\n\n<p>Apunt\u00f3 que debido al impacto en la calidad de vida se debe buscar de manera proactiva en cada revisi\u00f3n de rutina y bajo la supervisi\u00f3n del especialista, pues el 5% anual del total de muertes por c\u00e1ncer, corresponden a CMTNM (4878), que representa el 62% del total de muertes por c\u00e1ncer de mama en hombres y mujeres (7850) en 2022\u201d, resalt\u00f3.<\/p>\n\n\n\n<p><\/p>\n\n\n\n<p>\u201cAfortunadamente, hay avances muy alentadores, como el tratamiento espec\u00edfico para CMTNM aprobado por Cofepris en M\u00e9xico, por lo que debemos informar a la poblaci\u00f3n sobre la importancia de solicitar un estudio inmunohistoqu\u00edmico en caso de un diagn\u00f3stico positivo de c\u00e1ncer de mama, con la finalidad de identificar la variante triple negativa metast\u00e1sica con celeridad y remitir a la persona hacia el tratamiento correspondiente, para favorecer a su esperanza y calidad de vida\u201d.<\/p>\n\n\n\n<figure class=\"wp-block-gallery has-nested-images columns-default is-cropped wp-block-gallery-5 is-layout-flex wp-block-gallery-is-layout-flex\">\n<figure class=\"wp-block-image size-large\"><img decoding=\"async\" width=\"500\" height=\"296\" data-id=\"1060849\" src=\"https:\/\/dimensionturistica.com\/es\/wp-content\/uploads\/2025\/10\/4MAMA.jpg\" alt=\"\" class=\"wp-image-1060849\" srcset=\"https:\/\/dimensionturistica.com\/es\/wp-content\/uploads\/2025\/10\/4MAMA.jpg 500w, https:\/\/dimensionturistica.com\/es\/wp-content\/uploads\/2025\/10\/4MAMA-300x178.jpg 300w\" sizes=\"(max-width: 500px) 100vw, 500px\" \/><\/figure>\n<\/figure>\n\n\n\n<p>Por su parte, Eliza Puente, directora de Fundaci\u00f3n Cima A.C., apunt\u00f3 que se deben impulsar siempre los h\u00e1bitos de autocuidado como la revisi\u00f3n anual por el m\u00e9dico especialista, la mastograf\u00eda anual a partir de la cuarta d\u00e9cada de vida, y por supuesto la autoexploraci\u00f3n una vez al mes, que se puede hacer en casa en unos minutos.<\/p>\n\n\n\n<p><\/p>\n\n\n\n<p>A\u00f1adi\u00f3 que el c\u00e1ncer de mama triple negativo metast\u00e1sico (CMTNM), es la variante de c\u00e1ncer de mama m\u00e1s agresiva y representa entre el 12% (3,725), al 23% (7,140), de todos los nuevos diagn\u00f3sticos de c\u00e1nceres de mama (31,043 en 2022), y afecta principalmente a mujeres menores de 40 a\u00f1os.<\/p>\n\n\n\n<figure class=\"wp-block-gallery has-nested-images columns-default is-cropped wp-block-gallery-6 is-layout-flex wp-block-gallery-is-layout-flex\">\n<figure class=\"wp-block-image size-large\"><img decoding=\"async\" width=\"500\" height=\"333\" data-id=\"1060850\" src=\"https:\/\/dimensionturistica.com\/es\/wp-content\/uploads\/2025\/10\/7MAMA.jpg\" alt=\"\" class=\"wp-image-1060850\" srcset=\"https:\/\/dimensionturistica.com\/es\/wp-content\/uploads\/2025\/10\/7MAMA.jpg 500w, https:\/\/dimensionturistica.com\/es\/wp-content\/uploads\/2025\/10\/7MAMA-300x200.jpg 300w\" sizes=\"(max-width: 500px) 100vw, 500px\" \/><\/figure>\n<\/figure>\n\n\n\n<p>\u201cEs fundamental recordar que la prevenci\u00f3n es clave porque 1 de cada 8 mujeres desarrollar\u00e1 c\u00e1ncer de mama durante su vida, ante lo cual uno de los pilares fundamentales para la concientizaci\u00f3n, es la propuesta de designar el 3 de marzo como D\u00eda Nacional del C\u00e1ncer de Mama Triple Negativo Metast\u00e1sico, impulsada por especialistas y organizaciones de la sociedad civil, para tambi\u00e9n fortalecer pol\u00edticas p\u00fablicas que atiendan esta neoplasia y desaf\u00edo de salud p\u00fablica.<\/p>\n\n\n\n<p><\/p>\n\n\n\n<p>\u201cDesde la sociedad civil, en alianza con m\u00e9dicos especialistas y el sector privado colaboramos para tender puentes que nos permitan incidir en la toma de decisiones sobre pol\u00edticas de salud, para fortalecer iniciativas que beneficien a las personas que necesitan acceso a tratamiento\u201d, concluy\u00f3.<\/p>\n\n\n\n<figure class=\"wp-block-gallery has-nested-images columns-default is-cropped wp-block-gallery-7 is-layout-flex wp-block-gallery-is-layout-flex\">\n<figure class=\"wp-block-image size-large\"><img decoding=\"async\" width=\"320\" height=\"180\" data-id=\"1060851\" src=\"https:\/\/dimensionturistica.com\/es\/wp-content\/uploads\/2025\/10\/OIP-3-1.jpeg\" alt=\"\" class=\"wp-image-1060851\" srcset=\"https:\/\/dimensionturistica.com\/es\/wp-content\/uploads\/2025\/10\/OIP-3-1.jpeg 320w, https:\/\/dimensionturistica.com\/es\/wp-content\/uploads\/2025\/10\/OIP-3-1-300x169.jpeg 300w\" sizes=\"(max-width: 320px) 100vw, 320px\" \/><\/figure>\n<\/figure>\n","protected":false},"excerpt":{"rendered":"<p>cuarta d\u00e9cada de su vida El c\u00e1ncer de mama triple negativo metast\u00e1sico (CMTNM), es la variante de c\u00e1ncer de mama m\u00e1s agresiva y representa entre el 12% (3,725), al 23% (7,140), de todos los nuevos diagn\u00f3sticos de c\u00e1nceres de mama (31,043 en 2022), y afecta principalmente a mujeres menores de 40 a\u00f1os. As\u00ed lo dio [&hellip;]<\/p>\n","protected":false},"author":1,"featured_media":0,"comment_status":"open","ping_status":"closed","sticky":false,"template":"","format":"standard","meta":{"om_disable_all_campaigns":false,"jnews-multi-image_gallery":[],"jnews_single_post":{"format":"standard"},"jnews_primary_category":[],"jnews_social_meta":[],"footnotes":""},"categories":[40],"tags":[],"class_list":["post-1060841","post","type-post","status-publish","format-standard","hentry","category-industria"],"_links":{"self":[{"href":"https:\/\/dimensionturistica.com\/es\/wp-json\/wp\/v2\/posts\/1060841","targetHints":{"allow":["GET"]}}],"collection":[{"href":"https:\/\/dimensionturistica.com\/es\/wp-json\/wp\/v2\/posts"}],"about":[{"href":"https:\/\/dimensionturistica.com\/es\/wp-json\/wp\/v2\/types\/post"}],"author":[{"embeddable":true,"href":"https:\/\/dimensionturistica.com\/es\/wp-json\/wp\/v2\/users\/1"}],"replies":[{"embeddable":true,"href":"https:\/\/dimensionturistica.com\/es\/wp-json\/wp\/v2\/comments?post=1060841"}],"version-history":[{"count":1,"href":"https:\/\/dimensionturistica.com\/es\/wp-json\/wp\/v2\/posts\/1060841\/revisions"}],"predecessor-version":[{"id":1060852,"href":"https:\/\/dimensionturistica.com\/es\/wp-json\/wp\/v2\/posts\/1060841\/revisions\/1060852"}],"wp:attachment":[{"href":"https:\/\/dimensionturistica.com\/es\/wp-json\/wp\/v2\/media?parent=1060841"}],"wp:term":[{"taxonomy":"category","embeddable":true,"href":"https:\/\/dimensionturistica.com\/es\/wp-json\/wp\/v2\/categories?post=1060841"},{"taxonomy":"post_tag","embeddable":true,"href":"https:\/\/dimensionturistica.com\/es\/wp-json\/wp\/v2\/tags?post=1060841"}],"curies":[{"name":"wp","href":"https:\/\/api.w.org\/{rel}","templated":true}]}}