{"id":1060091,"date":"2025-10-13T19:30:47","date_gmt":"2025-10-13T19:30:47","guid":{"rendered":"https:\/\/dimensionturistica.com\/es\/?p=1060091"},"modified":"2025-10-13T19:30:47","modified_gmt":"2025-10-13T19:30:47","slug":"la-secretaria-de-turismo-invita-a-vivir-tres-grandes-eventos-que-hacen-de-zacatecas-el-corazon-cultural-y-deportivo-del-pais","status":"publish","type":"post","link":"https:\/\/dimensionturistica.com\/es\/la-secretaria-de-turismo-invita-a-vivir-tres-grandes-eventos-que-hacen-de-zacatecas-el-corazon-cultural-y-deportivo-del-pais\/","title":{"rendered":"La Secretar\u00eda de Turismo invita a vivir tres grandes eventos que hacen de Zacatecas el coraz\u00f3n cultural y deportivo del pa\u00eds"},"content":{"rendered":"\n<p><\/p>\n\n\n\n<figure class=\"wp-block-gallery has-nested-images columns-default is-cropped wp-block-gallery-1 is-layout-flex wp-block-gallery-is-layout-flex\">\n<figure class=\"wp-block-image size-large\"><img decoding=\"async\" width=\"270\" height=\"180\" data-id=\"1060092\" src=\"https:\/\/dimensionturistica.com\/es\/wp-content\/uploads\/2025\/10\/OIP-1.jpeg\" alt=\"\" class=\"wp-image-1060092\"\/><\/figure>\n<\/figure>\n\n\n\n<p><em>La secretaria de Turismo del Gobierno de M\u00e9xico, Josefina Rodr\u00edguez Zamora, invit\u00f3 a las y los visitantes nacionales e internacionales a redescubrir Zacatecas, que este mes se consolida como epicentro del turismo deportivo y cultural con la realizaci\u00f3n de tres eventos de talla internacional: la Carrera Panamericana 75 Aniversario, el Festival Internacional de Teatro de Calle y el Ultraman World Championship M\u00e9xico 2025.La titular de la Secretar\u00eda de Turismo (Sectur) destac\u00f3 que estos encuentros reflejan el compromiso de la entidad por diversificar la oferta tur\u00edstica y posicionar a nuestros destinos como espacios donde la cultura, el deporte y la historia se unen para ofrecer experiencias \u00fanicas.<\/em><\/p>\n\n\n\n<figure class=\"wp-block-gallery has-nested-images columns-default is-cropped wp-block-gallery-2 is-layout-flex wp-block-gallery-is-layout-flex\">\n<figure class=\"wp-block-image size-large\"><img decoding=\"async\" width=\"500\" height=\"333\" data-id=\"1060093\" src=\"https:\/\/dimensionturistica.com\/es\/wp-content\/uploads\/2025\/10\/1ZACA.jpg\" alt=\"\" class=\"wp-image-1060093\" srcset=\"https:\/\/dimensionturistica.com\/es\/wp-content\/uploads\/2025\/10\/1ZACA.jpg 500w, https:\/\/dimensionturistica.com\/es\/wp-content\/uploads\/2025\/10\/1ZACA-300x200.jpg 300w\" sizes=\"(max-width: 500px) 100vw, 500px\" \/><\/figure>\n<\/figure>\n\n\n\n<p><em>\u201cZacatecas es ejemplo de c\u00f3mo el turismo puede detonar Prosperidad Compartida y fortalecer el orgullo por nuestro patrimonio, llevando beneficio a todas y todos los involucrados en la gran cadena de valor\u201d, declar\u00f3.<\/em><em><\/em><\/p>\n\n\n\n<p><em>Arte en las calles: Festival Internacional de Teatro de Calle<\/em><em><\/em><\/p>\n\n\n\n<p><em>Del 11 al 18 de octubre, las plazas, plazuelas y jardines del Centro Hist\u00f3rico de Zacatecas se convertir\u00e1n nuevamente en escenario de la vig\u00e9sima tercera edici\u00f3n del Festival Internacional de Teatro de Calle, uno de los eventos culturales m\u00e1s representativos del pa\u00eds.<\/em><em><\/em><\/p>\n\n\n\n<figure class=\"wp-block-gallery has-nested-images columns-default is-cropped wp-block-gallery-3 is-layout-flex wp-block-gallery-is-layout-flex\">\n<figure class=\"wp-block-image size-large\"><img decoding=\"async\" width=\"500\" height=\"446\" data-id=\"1060094\" src=\"https:\/\/dimensionturistica.com\/es\/wp-content\/uploads\/2025\/10\/4ZACA.jpg\" alt=\"\" class=\"wp-image-1060094\" srcset=\"https:\/\/dimensionturistica.com\/es\/wp-content\/uploads\/2025\/10\/4ZACA.jpg 500w, https:\/\/dimensionturistica.com\/es\/wp-content\/uploads\/2025\/10\/4ZACA-300x268.jpg 300w\" sizes=\"(max-width: 500px) 100vw, 500px\" \/><\/figure>\n<\/figure>\n\n\n\n<p><em>En esta edici\u00f3n participar\u00e1n 19 grupos provenientes de B\u00e9lgica, Argentina, Canad\u00e1, M\u00e9xico y Am\u00e9rica Latina, que ofrecer\u00e1n m\u00e1s de 60 presentaciones entre espect\u00e1culos a\u00e9reos, clown, circo contempor\u00e1neo y teatro f\u00edsico, adem\u00e1s de foros acad\u00e9micos y actividades formativas.<\/em><em><\/em><\/p>\n\n\n\n<p><em>La inauguraci\u00f3n estar\u00e1 a cargo del espect\u00e1culo a\u00e9reo \u201cPedaleando hacia el cielo\u201d, de la compa\u00f1\u00eda Theater Tol (B\u00e9lgica), mientras que la clausura presentar\u00e1 \u201cCelebre\u201d, de la compa\u00f1\u00eda Phaway (Argentina).<\/em><em><\/em><\/p>\n\n\n\n<p><\/p>\n\n\n\n<p><em>El festival, organizado por el Instituto Zacatecano de Cultura, promueve el acceso libre a la cultura y la apropiaci\u00f3n del espacio p\u00fablico, reafirmando la vocaci\u00f3n art\u00edstica de Zacatecas como uno de los centros culturales m\u00e1s importantes del pa\u00eds.<\/em><em><\/em><\/p>\n\n\n\n<figure class=\"wp-block-gallery has-nested-images columns-default is-cropped wp-block-gallery-4 is-layout-flex wp-block-gallery-is-layout-flex\">\n<figure class=\"wp-block-image size-large\"><img decoding=\"async\" width=\"500\" height=\"333\" data-id=\"1060095\" src=\"https:\/\/dimensionturistica.com\/es\/wp-content\/uploads\/2025\/10\/6ZACA.jpg\" alt=\"\" class=\"wp-image-1060095\" srcset=\"https:\/\/dimensionturistica.com\/es\/wp-content\/uploads\/2025\/10\/6ZACA.jpg 500w, https:\/\/dimensionturistica.com\/es\/wp-content\/uploads\/2025\/10\/6ZACA-300x200.jpg 300w\" sizes=\"(max-width: 500px) 100vw, 500px\" \/><\/figure>\n<\/figure>\n\n\n\n<p><em>Zacatecas, meta de la Carrera Panamericana 2025<\/em><em><\/em><\/p>\n\n\n\n<p><em>La legendaria Carrera Panamericana, reconocida como una de las competencias automovil\u00edsticas m\u00e1s emblem\u00e1ticas del mundo, celebrar\u00e1 su 75 aniversario con Zacatecas como sede de la \u00faltima etapa y de la ceremonia de clausura.<\/em><em><\/em><\/p>\n\n\n\n<p><em>El 16 de octubre, m\u00e1s de 80 autos cl\u00e1sicos provenientes de M\u00e9xico, Estados Unidos, Italia, Espa\u00f1a, Canad\u00e1 y Centroam\u00e9rica recorrer\u00e1n las calles de la capital zacatecana, culminando con el tradicional banderazo de llegada frente a la Catedral, uno de los momentos m\u00e1s esperados y televisados a nivel internacional.El p\u00fablico podr\u00e1 disfrutar del desfile de autos y de la premiaci\u00f3n de los ganadores en el Cerro de la Bufa, en una jornada que conjuga historia, velocidad y el inconfundible esp\u00edritu zacatecano.<\/em><\/p>\n\n\n\n<figure class=\"wp-block-gallery has-nested-images columns-default is-cropped wp-block-gallery-5 is-layout-flex wp-block-gallery-is-layout-flex\">\n<figure class=\"wp-block-image size-large\"><img decoding=\"async\" width=\"500\" height=\"415\" data-id=\"1060096\" src=\"https:\/\/dimensionturistica.com\/es\/wp-content\/uploads\/2025\/10\/2CA.jpg\" alt=\"\" class=\"wp-image-1060096\" srcset=\"https:\/\/dimensionturistica.com\/es\/wp-content\/uploads\/2025\/10\/2CA.jpg 500w, https:\/\/dimensionturistica.com\/es\/wp-content\/uploads\/2025\/10\/2CA-300x249.jpg 300w\" sizes=\"(max-width: 500px) 100vw, 500px\" \/><\/figure>\n<\/figure>\n\n\n\n<p><em>Ultraman World Championship llega por primera vez a M\u00e9xico<\/em><em><\/em><\/p>\n\n\n\n<p><em>Por primera vez, M\u00e9xico ser\u00e1 sede de una fecha del Ultraman World Championship, una de las competencias de triatl\u00f3n de ultra distancia m\u00e1s exigentes del mundo. Del 16 al 19 de octubre, Zacatecas recibir\u00e1 a 30 equipos internacionales provenientes de pa\u00edses como Estados Unidos, Espa\u00f1a, Inglaterra, Brasil, Francia e Italia.<\/em><\/p>\n\n\n\n<p><em>El recorrido incluir\u00e1 rutas que conectan Zacatecas, Villanueva, Jerez y Fresnillo, combinando pruebas de nataci\u00f3n, ciclismo y carrera a pie en escenarios naturales de gran belleza.<\/em><\/p>\n\n\n\n<figure class=\"wp-block-gallery has-nested-images columns-default is-cropped wp-block-gallery-6 is-layout-flex wp-block-gallery-is-layout-flex\">\n<figure class=\"wp-block-image size-large\"><img decoding=\"async\" width=\"500\" height=\"772\" data-id=\"1060097\" src=\"https:\/\/dimensionturistica.com\/es\/wp-content\/uploads\/2025\/10\/11ZACA.jpg\" alt=\"\" class=\"wp-image-1060097\" srcset=\"https:\/\/dimensionturistica.com\/es\/wp-content\/uploads\/2025\/10\/11ZACA.jpg 500w, https:\/\/dimensionturistica.com\/es\/wp-content\/uploads\/2025\/10\/11ZACA-194x300.jpg 194w\" sizes=\"(max-width: 500px) 100vw, 500px\" \/><\/figure>\n<\/figure>\n\n\n\n<p><em>\u201cEstos encuentros culturales y deportivos proyectan a Zacatecas ante el mundo, mostrando la fuerza de su historia, la calidez de su gente y la riqueza de su patrimonio. Invitamos a todas y todos a vivir la magia de este estado, donde cada experiencia se convierte en un recuerdo inolvidable\u201d, concluy\u00f3 la secretaria Josefina Rodr\u00edguez Zamora.<\/em><em><\/em><\/p>\n","protected":false},"excerpt":{"rendered":"<p>La secretaria de Turismo del Gobierno de M\u00e9xico, Josefina Rodr\u00edguez Zamora, invit\u00f3 a las y los visitantes nacionales e internacionales a redescubrir Zacatecas, que este mes se consolida como epicentro del turismo deportivo y cultural con la realizaci\u00f3n de tres eventos de talla internacional: la Carrera Panamericana 75 Aniversario, el Festival Internacional de Teatro de [&hellip;]<\/p>\n","protected":false},"author":1,"featured_media":0,"comment_status":"open","ping_status":"closed","sticky":false,"template":"","format":"standard","meta":{"om_disable_all_campaigns":false,"jnews-multi-image_gallery":[],"jnews_single_post":[],"jnews_primary_category":[],"jnews_social_meta":[],"footnotes":""},"categories":[39],"tags":[],"class_list":["post-1060091","post","type-post","status-publish","format-standard","hentry","category-viajes"],"_links":{"self":[{"href":"https:\/\/dimensionturistica.com\/es\/wp-json\/wp\/v2\/posts\/1060091","targetHints":{"allow":["GET"]}}],"collection":[{"href":"https:\/\/dimensionturistica.com\/es\/wp-json\/wp\/v2\/posts"}],"about":[{"href":"https:\/\/dimensionturistica.com\/es\/wp-json\/wp\/v2\/types\/post"}],"author":[{"embeddable":true,"href":"https:\/\/dimensionturistica.com\/es\/wp-json\/wp\/v2\/users\/1"}],"replies":[{"embeddable":true,"href":"https:\/\/dimensionturistica.com\/es\/wp-json\/wp\/v2\/comments?post=1060091"}],"version-history":[{"count":1,"href":"https:\/\/dimensionturistica.com\/es\/wp-json\/wp\/v2\/posts\/1060091\/revisions"}],"predecessor-version":[{"id":1060098,"href":"https:\/\/dimensionturistica.com\/es\/wp-json\/wp\/v2\/posts\/1060091\/revisions\/1060098"}],"wp:attachment":[{"href":"https:\/\/dimensionturistica.com\/es\/wp-json\/wp\/v2\/media?parent=1060091"}],"wp:term":[{"taxonomy":"category","embeddable":true,"href":"https:\/\/dimensionturistica.com\/es\/wp-json\/wp\/v2\/categories?post=1060091"},{"taxonomy":"post_tag","embeddable":true,"href":"https:\/\/dimensionturistica.com\/es\/wp-json\/wp\/v2\/tags?post=1060091"}],"curies":[{"name":"wp","href":"https:\/\/api.w.org\/{rel}","templated":true}]}}