{"id":1060051,"date":"2025-10-13T18:45:36","date_gmt":"2025-10-13T18:45:36","guid":{"rendered":"https:\/\/dimensionturistica.com\/es\/?p=1060051"},"modified":"2025-10-13T18:45:36","modified_gmt":"2025-10-13T18:45:36","slug":"aspen-snowmass-revela-las-novedades-para-la-temporada-de-invierno-2025-26","status":"publish","type":"post","link":"https:\/\/dimensionturistica.com\/es\/aspen-snowmass-revela-las-novedades-para-la-temporada-de-invierno-2025-26\/","title":{"rendered":"Aspen Snowmass revela las novedades para la temporada de invierno 2025-26"},"content":{"rendered":"\n<figure class=\"wp-block-gallery has-nested-images columns-default is-cropped wp-block-gallery-1 is-layout-flex wp-block-gallery-is-layout-flex\">\n<figure class=\"wp-block-image size-large\"><img decoding=\"async\" width=\"500\" height=\"190\" data-id=\"1060053\" src=\"https:\/\/dimensionturistica.com\/es\/wp-content\/uploads\/2025\/10\/PORTADA.jpg\" alt=\"\" class=\"wp-image-1060053\" srcset=\"https:\/\/dimensionturistica.com\/es\/wp-content\/uploads\/2025\/10\/PORTADA.jpg 500w, https:\/\/dimensionturistica.com\/es\/wp-content\/uploads\/2025\/10\/PORTADA-300x114.jpg 300w\" sizes=\"(max-width: 500px) 100vw, 500px\" \/><\/figure>\n<\/figure>\n\n\n\n<p><em><strong>Cr\u00e9dito: Tamara Susa.<\/strong><\/em><\/p>\n\n\n\n<p><em>Mientras Aspen Snowmass se prepara para otra temporada de invierno inolvidable, el complejo anuncia importantes mejoras en la monta\u00f1a, incluidas dos nuevas telesillas en Snowmass, una variedad de nuevas experiencias gastron\u00f3micas, dise\u00f1o para pases de esqu\u00ed del renombrado artista Ed Ruscha y un robusto calendario de eventos, que incluye el nombramiento del Equipo Ol\u00edmpico de Esqu\u00ed y Snowboard de Estados Unidos para 2026 y la 25\u00ba edici\u00f3n de los X Games. &nbsp;<\/em><em><\/em><\/p>\n\n\n\n<figure class=\"wp-block-gallery has-nested-images columns-default is-cropped wp-block-gallery-2 is-layout-flex wp-block-gallery-is-layout-flex\">\n<figure class=\"wp-block-image size-large\"><img decoding=\"async\" width=\"500\" height=\"333\" data-id=\"1060056\" src=\"https:\/\/dimensionturistica.com\/es\/wp-content\/uploads\/2025\/10\/1ASPEN.jpg\" alt=\"\" class=\"wp-image-1060056\" srcset=\"https:\/\/dimensionturistica.com\/es\/wp-content\/uploads\/2025\/10\/1ASPEN.jpg 500w, https:\/\/dimensionturistica.com\/es\/wp-content\/uploads\/2025\/10\/1ASPEN-300x200.jpg 300w\" sizes=\"(max-width: 500px) 100vw, 500px\" \/><\/figure>\n<\/figure>\n\n\n\n<p><em>Dos nuevas telesillas y mejoras importantes en Snowmass <\/em><em><\/em><\/p>\n\n\n\n<p><em>Es la primera vez en casi 20 a\u00f1os que dos nuevas telesillas debutar\u00e1n en una sola temporada. La telesilla de alta velocidad para seis pasajeros, Elk Camp Six-Pack reducir\u00e1 significativamente los tiempos de espera y aumentar\u00e1 la capacidad. Por otro lado, Cirque T-Bar, para las zonas altas, duplica la capacidad y mejora el acceso a las mejores pistas de Snowmass. <\/em><em><\/em><\/p>\n\n\n\n<figure class=\"wp-block-gallery has-nested-images columns-default is-cropped wp-block-gallery-3 is-layout-flex wp-block-gallery-is-layout-flex\">\n<figure class=\"wp-block-image size-large\"><img decoding=\"async\" width=\"500\" height=\"333\" data-id=\"1060057\" src=\"https:\/\/dimensionturistica.com\/es\/wp-content\/uploads\/2025\/10\/2AASPEN.jpg\" alt=\"\" class=\"wp-image-1060057\" srcset=\"https:\/\/dimensionturistica.com\/es\/wp-content\/uploads\/2025\/10\/2AASPEN.jpg 500w, https:\/\/dimensionturistica.com\/es\/wp-content\/uploads\/2025\/10\/2AASPEN-300x200.jpg 300w\" sizes=\"(max-width: 500px) 100vw, 500px\" \/><\/figure>\n<\/figure>\n\n\n\n<p><em>Con apertura prevista para el invierno 2026-27, el Ullrhof, uno de los restaurantes m\u00e1s apreciados de Snowmass, est\u00e1 siendo renovado por completo para ampliar su capacidad a m\u00e1s de 600 personas, un nuevo bar y sal\u00f3n y un moderno dise\u00f1o de monta\u00f1a. Ser\u00e1 el primer restaurante totalmente el\u00e9ctrico en Aspen Snowmass, en l\u00ednea con la estrategia de sostenibilidad de Aspen One. <\/em><em><\/em><\/p>\n\n\n\n<figure class=\"wp-block-gallery has-nested-images columns-default is-cropped wp-block-gallery-4 is-layout-flex wp-block-gallery-is-layout-flex\">\n<figure class=\"wp-block-image size-large\"><img decoding=\"async\" width=\"500\" height=\"280\" data-id=\"1060058\" src=\"https:\/\/dimensionturistica.com\/es\/wp-content\/uploads\/2025\/10\/3ASPEN.jpg\" alt=\"\" class=\"wp-image-1060058\" srcset=\"https:\/\/dimensionturistica.com\/es\/wp-content\/uploads\/2025\/10\/3ASPEN.jpg 500w, https:\/\/dimensionturistica.com\/es\/wp-content\/uploads\/2025\/10\/3ASPEN-300x168.jpg 300w\" sizes=\"(max-width: 500px) 100vw, 500px\" \/><\/figure>\n<\/figure>\n\n\n\n<p><em>Estas mejoras en la experiencia de los hu\u00e9spedes forman parte de la inversi\u00f3n de 80 millones de d\u00f3lares de Aspen One en infraestructura de monta\u00f1a este a\u00f1o y reflejan el compromiso por acelerar el desarrollo en Aspen Snowmass durante los pr\u00f3ximos a\u00f1os para mantener su posici\u00f3n como destino l\u00edder de monta\u00f1a de Am\u00e9rica del Norte. <\/em><em><\/em><\/p>\n\n\n\n<figure class=\"wp-block-gallery has-nested-images columns-default is-cropped wp-block-gallery-5 is-layout-flex wp-block-gallery-is-layout-flex\">\n<figure class=\"wp-block-image size-large\"><img decoding=\"async\" width=\"500\" height=\"333\" data-id=\"1060059\" src=\"https:\/\/dimensionturistica.com\/es\/wp-content\/uploads\/2025\/10\/4ASPEN.jpg\" alt=\"\" class=\"wp-image-1060059\" srcset=\"https:\/\/dimensionturistica.com\/es\/wp-content\/uploads\/2025\/10\/4ASPEN.jpg 500w, https:\/\/dimensionturistica.com\/es\/wp-content\/uploads\/2025\/10\/4ASPEN-300x200.jpg 300w\" sizes=\"(max-width: 500px) 100vw, 500px\" \/><\/figure>\n<\/figure>\n\n\n\n<p><em>Estos nuevos proyectos se suman a las actualizaciones recientes, como la renovaci\u00f3n de The Cabin la temporada pasada y la modernizaci\u00f3n de la telesilla Coney Express en Snowmass, as\u00ed como la expansi\u00f3n de la pista Hero&#8217;s en Aspen Mountain. <\/em><em><\/em><\/p>\n\n\n\n<p><em>Lo m\u00e1s destacado de la gastronom\u00eda y el apr\u00e8s-ski <\/em><em><\/em><\/p>\n\n\n\n<figure class=\"wp-block-gallery has-nested-images columns-default is-cropped wp-block-gallery-6 is-layout-flex wp-block-gallery-is-layout-flex\">\n<figure class=\"wp-block-image size-large\"><img decoding=\"async\" width=\"500\" height=\"333\" data-id=\"1060060\" src=\"https:\/\/dimensionturistica.com\/es\/wp-content\/uploads\/2025\/10\/5ASPEN.jpg\" alt=\"\" class=\"wp-image-1060060\" srcset=\"https:\/\/dimensionturistica.com\/es\/wp-content\/uploads\/2025\/10\/5ASPEN.jpg 500w, https:\/\/dimensionturistica.com\/es\/wp-content\/uploads\/2025\/10\/5ASPEN-300x200.jpg 300w\" sizes=\"(max-width: 500px) 100vw, 500px\" \/><\/figure>\n<\/figure>\n\n\n\n<p><em>Este invierno, Aspen Snowmass presentar\u00e1 una amplia selecci\u00f3n de experiencias gastron\u00f3micas tanto nuevas como renovadas. Desde restaurantes temporales llenos de diversi\u00f3n hasta men\u00fas galardonados, los visitantes podr\u00e1n disfrutar de sabores y opciones de apr\u00e8s-ski en las cuatro monta\u00f1as. <\/em><em><\/em><\/p>\n\n\n\n<p><em>Ampliaciones y espacios renovados <\/em><em><\/em><\/p>\n\n\n\n<figure class=\"wp-block-gallery has-nested-images columns-default is-cropped wp-block-gallery-7 is-layout-flex wp-block-gallery-is-layout-flex\">\n<figure class=\"wp-block-image size-large\"><img decoding=\"async\" width=\"500\" height=\"333\" data-id=\"1060061\" src=\"https:\/\/dimensionturistica.com\/es\/wp-content\/uploads\/2025\/10\/7ASPEN.jpg\" alt=\"\" class=\"wp-image-1060061\" srcset=\"https:\/\/dimensionturistica.com\/es\/wp-content\/uploads\/2025\/10\/7ASPEN.jpg 500w, https:\/\/dimensionturistica.com\/es\/wp-content\/uploads\/2025\/10\/7ASPEN-300x200.jpg 300w\" sizes=\"(max-width: 500px) 100vw, 500px\" \/><\/figure>\n<\/figure>\n\n\n\n<p><em>La expansi\u00f3n del restaurante Elk Camp, que abrir\u00e1 esta temporada, incluir\u00e1 una nueva terraza con capacidad para 120 personas, equipada con muros retr\u00e1ctiles que brindan confort y protecci\u00f3n frente al clima, as\u00ed como vistas panor\u00e1micas espectaculares. <\/em><em><\/em><\/p>\n\n\n\n<p><em>Pop-ups y propuestas con car\u00e1cter para los comensales: &nbsp;<\/em><em><\/em><\/p>\n\n\n\n<figure class=\"wp-block-gallery has-nested-images columns-default is-cropped wp-block-gallery-8 is-layout-flex wp-block-gallery-is-layout-flex\">\n<figure class=\"wp-block-image size-large\"><img decoding=\"async\" width=\"500\" height=\"333\" data-id=\"1060062\" src=\"https:\/\/dimensionturistica.com\/es\/wp-content\/uploads\/2025\/10\/8ASPEN.jpg\" alt=\"\" class=\"wp-image-1060062\" srcset=\"https:\/\/dimensionturistica.com\/es\/wp-content\/uploads\/2025\/10\/8ASPEN.jpg 500w, https:\/\/dimensionturistica.com\/es\/wp-content\/uploads\/2025\/10\/8ASPEN-300x200.jpg 300w\" sizes=\"(max-width: 500px) 100vw, 500px\" \/><\/figure>\n<\/figure>\n\n\n\n<p><em>The Hot Dogger en Spider Sabich (Snowmass): La pista y \u00e1rea de picnic Spider Sabich reabrir\u00e1 por primera vez en muchos a\u00f1os con The Hot Dogger, una nueva propuesta culinaria resultado de la colaboraci\u00f3n con Sumo Dog, originaria de Los \u00c1ngeles. <\/em><em><\/em><\/p>\n\n\n\n<figure class=\"wp-block-gallery has-nested-images columns-default is-cropped wp-block-gallery-9 is-layout-flex wp-block-gallery-is-layout-flex\">\n<figure class=\"wp-block-image size-large\"><img decoding=\"async\" width=\"500\" height=\"333\" data-id=\"1060063\" src=\"https:\/\/dimensionturistica.com\/es\/wp-content\/uploads\/2025\/10\/9ASPEN.jpg\" alt=\"\" class=\"wp-image-1060063\" srcset=\"https:\/\/dimensionturistica.com\/es\/wp-content\/uploads\/2025\/10\/9ASPEN.jpg 500w, https:\/\/dimensionturistica.com\/es\/wp-content\/uploads\/2025\/10\/9ASPEN-300x200.jpg 300w\" sizes=\"(max-width: 500px) 100vw, 500px\" \/><\/figure>\n<\/figure>\n\n\n\n<p><em>High Alpine &amp; Alpin Room (Snowmass): Ofrecer\u00e1 un concepto rotativo de cocina internacional, mientras que el restaurante de alta cocina Alpin Room presentar\u00e1 platillos de inspiraci\u00f3n francesa bajo la direcci\u00f3n de la galardonada chef Emily Oyer. <\/em><em><\/em><\/p>\n\n\n\n<figure class=\"wp-block-gallery has-nested-images columns-default is-cropped wp-block-gallery-10 is-layout-flex wp-block-gallery-is-layout-flex\">\n<figure class=\"wp-block-image size-large\"><img decoding=\"async\" width=\"500\" height=\"333\" data-id=\"1060064\" src=\"https:\/\/dimensionturistica.com\/es\/wp-content\/uploads\/2025\/10\/11ASPEN.jpg\" alt=\"\" class=\"wp-image-1060064\" srcset=\"https:\/\/dimensionturistica.com\/es\/wp-content\/uploads\/2025\/10\/11ASPEN.jpg 500w, https:\/\/dimensionturistica.com\/es\/wp-content\/uploads\/2025\/10\/11ASPEN-300x200.jpg 300w\" sizes=\"(max-width: 500px) 100vw, 500px\" \/><\/figure>\n<\/figure>\n\n\n\n<p><em>The Cabin (Snowmass): Servir\u00e1 tacos callejeros, champa\u00f1a y contar\u00e1 con asientos calefactados. La m\u00fasica en vivo y otras festividades continuar\u00e1n haciendo de The Cabin el lugar ideal para el apr\u00e8s-ski en Snowmass. <\/em><em><\/em><\/p>\n\n\n\n<p><em>Merry-Go-Round (Aspen Highlands): Este popular restaurante cambiar\u00e1 de aires este a\u00f1o con un men\u00fa audaz inspirado en el suroeste y una imagen renovada. <\/em><em><\/em><\/p>\n\n\n\n<figure class=\"wp-block-gallery has-nested-images columns-default is-cropped wp-block-gallery-11 is-layout-flex wp-block-gallery-is-layout-flex\">\n<figure class=\"wp-block-image size-large\"><img decoding=\"async\" width=\"600\" height=\"367\" data-id=\"1060066\" src=\"https:\/\/dimensionturistica.com\/es\/wp-content\/uploads\/2025\/10\/25-26_ASCCulture_02_full.jpg\" alt=\"\" class=\"wp-image-1060066\" srcset=\"https:\/\/dimensionturistica.com\/es\/wp-content\/uploads\/2025\/10\/25-26_ASCCulture_02_full.jpg 600w, https:\/\/dimensionturistica.com\/es\/wp-content\/uploads\/2025\/10\/25-26_ASCCulture_02_full-300x184.jpg 300w\" sizes=\"(max-width: 600px) 100vw, 600px\" \/><\/figure>\n<\/figure>\n\n\n\n<p><em>Entre las nuevas experiencias en las alturas, se encuentran: &nbsp;<\/em><em><\/em><\/p>\n\n\n\n<p><em>Eleven212 (Aspen Mountain): Ubicado a casi 3.500 metros de altitud, Eleven212 ser\u00e1 el nuevo punto de encuentro para el apr\u00e8s-ski en la cima de la monta\u00f1a, accesible a pie o esquiando. Los visitantes podr\u00e1n reservar caba\u00f1as privadas, relajarse en las sillas Adirondack junto a la chimenea o bailar con m\u00fasica en vivo y DJ, todo con impresionantes vistas. &nbsp;<\/em><em><\/em><\/p>\n\n\n\n<figure class=\"wp-block-gallery has-nested-images columns-default is-cropped wp-block-gallery-12 is-layout-flex wp-block-gallery-is-layout-flex\">\n<figure class=\"wp-block-image size-large\"><img decoding=\"async\" width=\"600\" height=\"400\" data-id=\"1060071\" src=\"https:\/\/dimensionturistica.com\/es\/wp-content\/uploads\/2025\/10\/S-22-SnowmassScenics-22_full.jpg\" alt=\"\" class=\"wp-image-1060071\" srcset=\"https:\/\/dimensionturistica.com\/es\/wp-content\/uploads\/2025\/10\/S-22-SnowmassScenics-22_full.jpg 600w, https:\/\/dimensionturistica.com\/es\/wp-content\/uploads\/2025\/10\/S-22-SnowmassScenics-22_full-300x200.jpg 300w\" sizes=\"(max-width: 600px) 100vw, 600px\" \/><\/figure>\n<\/figure>\n\n\n\n<p><em>Programas de vinos galardonados: Aspen Snowmass alberga los \u00fanicos programas de vinos con acceso directo a las pistas de esqu\u00ed en Estados Unidos, distinguidos con los Premios a la Excelencia de Wine Spectator. Estos programas estar\u00e1n presentes en los restaurantes de monta\u00f1a Sam&#8217;s, Alpin Room, The Cabin y Cloud Nine. <\/em><em><\/em><\/p>\n\n\n\n<p><em>Las cenas en Snowcat: esta popular experiencia continuar\u00e1 en The Cabin durante la temporada y, tras una pausa de varios a\u00f1os, tambi\u00e9n regresar\u00e1 a Cloud Nine Alpine Bistro en Aspen Highlands. <\/em><em><\/em><\/p>\n\n\n\n<p><em>Eventos de clase mundial y cultura de invierno <\/em><em><\/em><\/p>\n\n\n\n<p><em>Aspen Snowmass acoger\u00e1 una temporada de importantes competencias y actividades culturales, que incluir\u00e1n clasificatorios ol\u00edmpicos, torneos deportivos de talla mundial y tradiciones comunitarias tan queridas como Wintersk\u00f6l y Aspen Gay Ski Week. &nbsp;<\/em><em><\/em><\/p>\n\n\n\n<figure class=\"wp-block-gallery has-nested-images columns-default is-cropped wp-block-gallery-13 is-layout-flex wp-block-gallery-is-layout-flex\">\n<figure class=\"wp-block-image size-large\"><img decoding=\"async\" width=\"1024\" height=\"682\" data-id=\"1060072\" src=\"https:\/\/dimensionturistica.com\/es\/wp-content\/uploads\/2025\/10\/unnamed-1-1024x682.jpg\" alt=\"\" class=\"wp-image-1060072\" srcset=\"https:\/\/dimensionturistica.com\/es\/wp-content\/uploads\/2025\/10\/unnamed-1-1024x682.jpg 1024w, https:\/\/dimensionturistica.com\/es\/wp-content\/uploads\/2025\/10\/unnamed-1-300x200.jpg 300w, https:\/\/dimensionturistica.com\/es\/wp-content\/uploads\/2025\/10\/unnamed-1-768x512.jpg 768w, https:\/\/dimensionturistica.com\/es\/wp-content\/uploads\/2025\/10\/unnamed-1-1536x1023.jpg 1536w, https:\/\/dimensionturistica.com\/es\/wp-content\/uploads\/2025\/10\/unnamed-1-2048x1364.jpg 2048w, https:\/\/dimensionturistica.com\/es\/wp-content\/uploads\/2025\/10\/unnamed-1-750x500.jpg 750w, https:\/\/dimensionturistica.com\/es\/wp-content\/uploads\/2025\/10\/unnamed-1-1140x760.jpg 1140w\" sizes=\"(max-width: 1024px) 100vw, 1024px\" \/><\/figure>\n<\/figure>\n\n\n\n<p><em>Para esta temporada, entre las competencias destacadas se encuentran: &nbsp;&nbsp;<\/em><em><\/em><\/p>\n\n\n\n<p><em>Gran Premio Toyota de Estados Unidos y nombramiento del equipo ol\u00edmpico: Buttermilk ser\u00e1 sede de la \u00faltima competencia clasificatoria ol\u00edmpica, del 7 al 10 de enero de 2026, donde se anunciar\u00e1 la selecci\u00f3n nacional de esqu\u00ed y snowboard en las disciplinas de slopestyle y halfpipe. <\/em><em><\/em><\/p>\n\n\n\n<p><\/p>\n\n\n\n<p><em>X Games Aspen 2026: El ic\u00f3nico evento regresa del 23 al 25 de enero de 2026 para celebrar su 25\u00ba aniversario en Aspen, con la participaci\u00f3n de atletas de \u00e9lite, m\u00fasica en vivo y un ambiente vibrante en la monta\u00f1a. <\/em><em><\/em><\/p>\n\n\n\n<figure class=\"wp-block-gallery has-nested-images columns-default is-cropped wp-block-gallery-14 is-layout-flex wp-block-gallery-is-layout-flex\">\n<figure class=\"wp-block-image size-large\"><img decoding=\"async\" width=\"500\" height=\"333\" data-id=\"1060074\" src=\"https:\/\/dimensionturistica.com\/es\/wp-content\/uploads\/2025\/10\/77ASPEN.jpg\" alt=\"\" class=\"wp-image-1060074\" srcset=\"https:\/\/dimensionturistica.com\/es\/wp-content\/uploads\/2025\/10\/77ASPEN.jpg 500w, https:\/\/dimensionturistica.com\/es\/wp-content\/uploads\/2025\/10\/77ASPEN-300x200.jpg 300w\" sizes=\"(max-width: 500px) 100vw, 500px\" \/><\/figure>\n<\/figure>\n\n\n\n<p><em>The Snow League: Tras su exitoso debut en 2025, esta competencia por equipos volver\u00e1 del 27 de febrero al 1 de marzo de 2026, consolid\u00e1ndose como una cita imperdible del calendario invernal. &nbsp;<\/em><em><\/em><\/p>\n\n\n\n<p><em>Arte y creatividad en la monta\u00f1a <\/em><em><\/em><\/p>\n\n\n\n<p><em>Art in Unexpected Places (ArtUP) regresa en 2025-26 con el reconocido creador Ed Ruscha como colaborador invitado para el programa anual de arte en los boletos de telesilla. Su obra, exhibida en instituciones como el Museo de Arte Moderno (MoMA), el Museo Whitney de Arte Americano y el Guggenheim, se integrar\u00e1 esta temporada en los boletos de Aspen Snowmass, continuando una tradici\u00f3n de m\u00e1s 20 a\u00f1os que celebra la vibrante comunidad cultural de Aspen. Las nuevas im\u00e1genes ser\u00e1n reveladas en las pr\u00f3ximas semanas. <\/em><em><\/em><\/p>\n\n\n\n<p><em>Viva la experiencia Aspen Snowmass <\/em><em><\/em><\/p>\n\n\n\n<figure class=\"wp-block-gallery has-nested-images columns-default is-cropped wp-block-gallery-15 is-layout-flex wp-block-gallery-is-layout-flex\">\n<figure class=\"wp-block-image size-large\"><img decoding=\"async\" width=\"600\" height=\"400\" data-id=\"1060075\" src=\"https:\/\/dimensionturistica.com\/es\/wp-content\/uploads\/2025\/10\/25-26_ASCSkiing_66_full.jpg\" alt=\"\" class=\"wp-image-1060075\" srcset=\"https:\/\/dimensionturistica.com\/es\/wp-content\/uploads\/2025\/10\/25-26_ASCSkiing_66_full.jpg 600w, https:\/\/dimensionturistica.com\/es\/wp-content\/uploads\/2025\/10\/25-26_ASCSkiing_66_full-300x200.jpg 300w\" sizes=\"(max-width: 600px) 100vw, 600px\" \/><\/figure>\n<\/figure>\n\n\n\n<p><em>La escuela de esqu\u00ed y snowboard, los servicios de alquiler premium y la destacada oferta gastron\u00f3mica son el coraz\u00f3n de lo que define a Aspen Snowmass. Desde las primeras bajadas con instructores expertos hasta el apr\u00e8s-ski en espacios exclusivos, cada detalle convierte las vacaciones en momentos inolvidables. <\/em><em><\/em><\/p>\n\n\n\n<p><em>Los visitantes pueden reservar lecciones, equipos, boletos de telesilla y restaurantes directamente desde la aplicaci\u00f3n Aspen Snowmass, que tambi\u00e9n ofrece mapas de senderos, condiciones en tiempo real y navegaci\u00f3n en la monta\u00f1a para una experiencia fluida y personalizada. <\/em><em><\/em><\/p>\n\n\n\n<p><em>M\u00e1s all\u00e1 de las monta\u00f1as <\/em><em><\/em><\/p>\n\n\n\n<p><em>Moda y estilo de vida: nueva l\u00ednea Aspen Collection <\/em><em><\/em><\/p>\n\n\n\n<p><em>Aspen Collection lanzar\u00e1 una nueva l\u00ednea de ropa de alto rendimiento y estilo de vida premium para el invierno 2025-26, inspirada en la monta\u00f1a. Probada por expertos locales, desde patrullas de esqu\u00ed hasta atletas profesionales, esta colecci\u00f3n \u201clista para esquiar\u201d estar\u00e1 disponible en las nuevas tiendas de Gondola Plaza y Snowmass Village, que tambi\u00e9n ofrecer\u00e1n equipos de alta gama, alquileres, bares de caf\u00e9 y vino. <\/em><em><\/em><\/p>\n\n\n\n<p><em>Compromiso con la sostenibilidad y comunidad <\/em><em><\/em><\/p>\n\n\n\n<p><em>La sostenibilidad y la acci\u00f3n clim\u00e1tica siguen siendo pilares esenciales para Aspen Snowmass y todas las empresas de Aspen One, que entienden la sostenibilidad como la capacidad de mantener un equilibrio entre negocio, comunidad y medio ambiente. Esto implica no solo enfrentar el cambio clim\u00e1tico, sino tambi\u00e9n fomentar un modelo empresarial responsable, cuidar a la comunidad, respetar las tierras p\u00fablicas y promover una gobernanza s\u00f3lida y equitativa. &nbsp;<\/em><em><\/em><\/p>\n\n\n\n<p><em>Aspen One anunci\u00f3 recientemente una de sus mayores inversiones en vivienda asequible y cuidado infantil, con cientos de nuevas unidades, tanto permanentes como temporales, y un mayor acceso a servicios para familias en todo el valle de Roaring Fork. Estas acciones buscan reducir el desplazamiento, las emisiones y fortalecer el tejido social de la regi\u00f3n. <\/em><em><\/em><\/p>\n\n\n\n<p><em>Estancias en la ladera: The Little Nell y Limelight Hotels <\/em><em><\/em><\/p>\n\n\n\n<p><em>Una visita a Aspen Snowmass se vuelve a\u00fan m\u00e1s especial al hospedarse en The Little Nell, Limelight Aspen o Limelight Snowmass. En cada una de ellas, los hu\u00e9spedes pueden disfrutar de las comodidades ideales para esquiadores, como el programa First Tracks, el servicio de Ski Concierge en The Little Nell y los servicios de Adventure Architect en los hoteles Limelight. <\/em><em><\/em><\/p>\n\n\n\n<figure class=\"wp-block-gallery has-nested-images columns-default is-cropped wp-block-gallery-16 is-layout-flex wp-block-gallery-is-layout-flex\">\n<figure class=\"wp-block-image size-large\"><img decoding=\"async\" width=\"500\" height=\"333\" data-id=\"1060070\" src=\"https:\/\/dimensionturistica.com\/es\/wp-content\/uploads\/2025\/10\/55SPEN.jpg\" alt=\"\" class=\"wp-image-1060070\" srcset=\"https:\/\/dimensionturistica.com\/es\/wp-content\/uploads\/2025\/10\/55SPEN.jpg 500w, https:\/\/dimensionturistica.com\/es\/wp-content\/uploads\/2025\/10\/55SPEN-300x200.jpg 300w\" sizes=\"(max-width: 500px) 100vw, 500px\" \/><\/figure>\n<\/figure>\n\n\n\n<p><em>Para la temporada 2025-26, los titulares de pases Aspen Snowmass Premier, Ikon y Mountain Collective podr\u00e1n acceder a descuentos en alojamiento, con 20% de rebaja en estancias, as\u00ed como cr\u00e9ditos para alimentos y bebidas. Es necesario presentar el pase v\u00e1lido al realizar el check-in. <\/em><em><\/em><\/p>\n\n\n\n<p><em>The Little Nell, \u00fanico hotel ski-in\/ski-out de cinco estrellas y cinco diamantes en Aspen, contin\u00faa estableciendo el est\u00e1ndar del lujo personalizado al pie de Aspen Mountain, reflejando la excelencia del portafolio de hospitalidad de Aspen One. <\/em><em><\/em><\/p>\n\n\n\n<p><em>Por su parte, los Hoteles Limelight, originarios de Aspen, se expanden este a\u00f1o con nuevas propiedades en Boulder (Colorado), Mammoth (California) y su primera ubicaci\u00f3n en la costa este, actualmente en desarrollo en Charleston. <\/em><em><\/em><\/p>\n\n\n\n<figure class=\"wp-block-gallery has-nested-images columns-default is-cropped wp-block-gallery-17 is-layout-flex wp-block-gallery-is-layout-flex\">\n<figure class=\"wp-block-image size-large\"><img decoding=\"async\" width=\"500\" height=\"280\" data-id=\"1060067\" src=\"https:\/\/dimensionturistica.com\/es\/wp-content\/uploads\/2025\/10\/22ASPEN.jpg\" alt=\"\" class=\"wp-image-1060067\" srcset=\"https:\/\/dimensionturistica.com\/es\/wp-content\/uploads\/2025\/10\/22ASPEN.jpg 500w, https:\/\/dimensionturistica.com\/es\/wp-content\/uploads\/2025\/10\/22ASPEN-300x168.jpg 300w\" sizes=\"(max-width: 500px) 100vw, 500px\" \/><\/figure>\n<\/figure>\n\n\n\n<p><em>Fechas de operaci\u00f3n de la temporada de invierno 2025-26 <\/em><em><\/em><\/p>\n\n\n\n<p><em>Aspen Mountain: del 27 de noviembre de 2025 al 19 de abril de 2026 <\/em><em><\/em><\/p>\n\n\n\n<p><em>Aspen Highlands: del 13 de diciembre de 2025 al 12 de abril de 2026 <\/em><em><\/em><\/p>\n\n\n\n<p><em>Buttermilk: del 13 de diciembre de 2025 al 5 de abril de 2026 <\/em><em><\/em><\/p>\n\n\n\n<p><em>Snowmass: del 27 de noviembre de 2025 al 12 de abril de 2026<\/em><\/p>\n","protected":false},"excerpt":{"rendered":"<p>Cr\u00e9dito: Tamara Susa. Mientras Aspen Snowmass se prepara para otra temporada de invierno inolvidable, el complejo anuncia importantes mejoras en la monta\u00f1a, incluidas dos nuevas telesillas en Snowmass, una variedad de nuevas experiencias gastron\u00f3micas, dise\u00f1o para pases de esqu\u00ed del renombrado artista Ed Ruscha y un robusto calendario de eventos, que incluye el nombramiento del [&hellip;]<\/p>\n","protected":false},"author":1,"featured_media":0,"comment_status":"open","ping_status":"closed","sticky":false,"template":"","format":"standard","meta":{"om_disable_all_campaigns":false,"jnews-multi-image_gallery":[],"jnews_single_post":[],"jnews_primary_category":[],"jnews_social_meta":[],"footnotes":""},"categories":[39],"tags":[],"class_list":["post-1060051","post","type-post","status-publish","format-standard","hentry","category-viajes"],"_links":{"self":[{"href":"https:\/\/dimensionturistica.com\/es\/wp-json\/wp\/v2\/posts\/1060051","targetHints":{"allow":["GET"]}}],"collection":[{"href":"https:\/\/dimensionturistica.com\/es\/wp-json\/wp\/v2\/posts"}],"about":[{"href":"https:\/\/dimensionturistica.com\/es\/wp-json\/wp\/v2\/types\/post"}],"author":[{"embeddable":true,"href":"https:\/\/dimensionturistica.com\/es\/wp-json\/wp\/v2\/users\/1"}],"replies":[{"embeddable":true,"href":"https:\/\/dimensionturistica.com\/es\/wp-json\/wp\/v2\/comments?post=1060051"}],"version-history":[{"count":1,"href":"https:\/\/dimensionturistica.com\/es\/wp-json\/wp\/v2\/posts\/1060051\/revisions"}],"predecessor-version":[{"id":1060076,"href":"https:\/\/dimensionturistica.com\/es\/wp-json\/wp\/v2\/posts\/1060051\/revisions\/1060076"}],"wp:attachment":[{"href":"https:\/\/dimensionturistica.com\/es\/wp-json\/wp\/v2\/media?parent=1060051"}],"wp:term":[{"taxonomy":"category","embeddable":true,"href":"https:\/\/dimensionturistica.com\/es\/wp-json\/wp\/v2\/categories?post=1060051"},{"taxonomy":"post_tag","embeddable":true,"href":"https:\/\/dimensionturistica.com\/es\/wp-json\/wp\/v2\/tags?post=1060051"}],"curies":[{"name":"wp","href":"https:\/\/api.w.org\/{rel}","templated":true}]}}